{"id":4024,"date":"2013-07-09T15:09:13","date_gmt":"2013-07-09T13:09:13","guid":{"rendered":"http:\/\/www.ladislavjakl.cz\/?p=4024"},"modified":"2013-07-09T15:09:13","modified_gmt":"2013-07-09T13:09:13","slug":"jakl-pro-viposobnosti-eu-ods-nechape-ze-rusnokova-vlada-je-sanci-pro-ni-a-nebezpecim-pro-socialisty","status":"publish","type":"post","link":"https:\/\/www.ladislavjakl.cz\/?p=4024","title":{"rendered":"Jakl pro VIPosobnosti.eu: ODS nech\u00e1pe, \u017ee Rusnokova vl\u00e1da je \u0161anc\u00ed pro ni a nebezpe\u010d\u00edm pro socialisty"},"content":{"rendered":"<p>Designovan\u00fd premi\u00e9r Ji\u0159\u00ed Rusnok v t\u011bchto dnech sestavuje novou vl\u00e1du, kter\u00e9 vznik\u00e1 za \u00fapln\u011b jin\u00fdch okolnost\u00ed, ne\u017e vl\u00e1dy p\u0159edchoz\u00ed. O\u010dek\u00e1v\u00e1 se, \u017ee ve sn\u011bmovn\u011b nedostane pot\u0159ebnou podporu.  Podle jak\u00fdch pravidel se te\u010f bude hr\u00e1t na politick\u00e9m poli, jak\u00e1 jsou nejlep\u0161\u00ed \u0159e\u0161en\u00ed, pom\u016f\u017ee eventueln\u011b Rusnokova vl\u00e1da ke vk\u0159\u00ed\u0161en\u00ed ODS a kam sm\u011b\u0159uje sou\u010dasn\u00e1 politick\u00e1 situace podle Ladislava Jakla?<\/p>\n<p><!--more--><strong>Vy jste na ja\u0159e pro i-magaz\u00edn VIPosobnosti.eu ji\u017e varoval, \u017ee: &#8222;V\u0161ichni, kdo tak horovali za p\u0159\u00edmou volbu, budou brzy ho\u0159ce litovat&#8220;. Co jste \u0159ekl, se stalo. V\u0161echny strany te\u010f v\u0161e sv\u00e1d\u00ed na \u00dastavu, ale pr\u00e1v\u011b ony &#8222;odhlasovaly&#8220; p\u0159\u00edm\u00e9 volby prezidenta, \u010d\u00edm\u017e Zemanovi politicky nahr\u00e1ly&#8230; Jak\u00fd je v\u00e1\u0161 n\u00e1zor na \u0159e\u0161en\u00ed t\u00e9to pon\u011bkud prek\u00e9rn\u00ed situace?<\/strong><\/p>\n<p><strong> <\/strong><\/p>\n<p>Nutno dodat, \u017ee jsem to \u0159\u00edkal nejen je\u0161t\u011b p\u0159ed sou\u010dasnou kriz\u00ed a aktu\u00e1ln\u00edmi Zemanov\u00fdmi kroky, ale u\u017e p\u0159ed zaveden\u00edm p\u0159\u00edm\u00e9 volby. Ano, stalo se to a st\u00e1t se to muselo. Proto\u017ee p\u0159\u00edm\u00e1 volba z\u00e1sadn\u011b zas\u00e1hla do dosavadn\u00ed rovnov\u00e1hy \u00fastavn\u00edch instituc\u00ed. To u\u017e neplat\u00ed. Nem\u00e1 cenu nad t\u00edm plakat ani vyk\u0159ikovat cosi o dal\u0161\u00ed zm\u011bn\u011b \u00fastavy ve smyslu okle\u0161t\u011bn\u00ed prezidentsk\u00fdch pravomoc\u00ed. To by bylo op\u011bt velmi konjunktur\u00e1ln\u00ed a p\u0159ineslo by to zase jin\u00e9 nezam\u00fd\u0161len\u00e9 d\u016fsledky.<\/p>\n<p>Hlavn\u011b se to ale p\u0159i sou\u010dasn\u00e9 konstelaci sil v parlamentu nem\u016f\u017ee poda\u0159it. Je t\u0159eba hr\u00e1t s kartami, kter\u00e9 jsou na stole. A s pravidly, kter\u00e9 pr\u00e1v\u011b plat\u00ed. A \u0159e\u0161en\u00ed? Nen\u00ed \u017e\u00e1dn\u00e9 obecn\u011b spr\u00e1vn\u00e9 \u0159e\u0161en\u00ed. Ka\u017ed\u00e9 \u0159e\u0161en\u00ed n\u011bkomu vyhovuje v\u00edce, n\u011bkomu m\u00e9n\u011b. Mo\u017en\u00e1 by se m\u011bli n\u011bkte\u0159\u00ed hr\u00e1\u010di zamyslet nad t\u00edm, co je pro n\u011b vlastn\u011b v\u00fdhodn\u00e9. Bylo by pro ODS v\u00fdhodn\u00e9, kdyby si vynutila je\u0161t\u011b rok ag\u00f3nie t\u00e9to koalice? Podle mne by se v takov\u00e9m p\u0159\u00edpad\u011b za rok ani nemusela dostat do sn\u011bmovny. P\u0159\u00edpadn\u00e1 ro\u010dn\u00ed Rusnokova vl\u00e1da by mohla ODS pomoci naj\u00edt sama sebe. Pokud ov\u0161em je\u0161t\u011b je co hledat.<\/p>\n<p><img loading=\"lazy\" decoding=\"async\" src=\"http:\/\/www.viposobnosti.eu\/obrazek\/2\/ladislav-jakl-vaclav-klaus\/\" alt=\"\" width=\"350\" height=\"262\" \/><\/p>\n<p><strong>V\u00edte, jak by tuto situaci \u0159e\u0161il exprezident  V\u00e1clav Klaus?<\/strong><\/p>\n<p><strong> <\/strong><\/p>\n<p>O tom nem\u00e1 cenu spekulovat. V\u00e1clav Klaus byl nep\u0159\u00edmo volen\u00fd prezident. Proto v\u017edy respektoval, \u017ee jeho legitimita vze\u0161la z parlamentu. A proto v\u017edy respektoval rozlo\u017een\u00ed sil ve sn\u011bmovn\u011b, jako odraz v\u016fle voli\u010d\u016f. Nyn\u00ed jsou odrazy v\u016fle voli\u010d\u016f dva a Zeman m\u00e1 pr\u00e1vo respektovat mand\u00e1t, kter\u00fd od voli\u010d\u016f dostal on.<\/p>\n<p><strong>Sn\u011bmovna m\u00e1 mo\u017enost je\u0161t\u011b tuto situaci zvr\u00e1tit, ale je naprosto nejednotn\u00e1, \u010deho\u017e nyn\u011bj\u0161\u00ed prezident vyu\u017e\u00edv\u00e1. Jak\u00fd bude podle v\u00e1s dal\u0161\u00ed osud sn\u011bmovny?<\/strong><\/p>\n<p><strong> <\/strong><\/p>\n<p>Ale tak je to v\u017edy. D\u0159\u00edve zase nejednotnosti sn\u011bmovny vyu\u017e\u00edval \u00dastavn\u00ed soud. Sn\u011bmovna podle mne nejednotnou z\u016fstane. A proto asi p\u0159eklepe ten cel\u00fd zb\u00fdvaj\u00edc\u00ed rok.<\/p>\n<p><strong>Kam, podle v\u00e1s, sm\u011b\u0159uje sou\u010dasn\u00e1 politick\u00e1 situace?<\/strong><\/p>\n<p><strong> <\/strong><\/p>\n<p>A\u017e do posledn\u00edch dn\u016f se to zd\u00e1lo b\u00fdt jasn\u00e9. \u017de sm\u011b\u0159uje k jednobarevn\u00e9 vl\u00e1d\u011b socialist\u016f tolerovan\u00e9 komunisty. Pokud ale Rusnokova vl\u00e1da vydr\u017e\u00ed cel\u00fd rok, m\u016f\u017ee to otev\u0159\u00edt \u00fapln\u011b jin\u00e9 pohyby a mo\u017enosti na politick\u00e9 sc\u00e9n\u011b.<\/p>\n<p><strong>Kter\u00e9 m\u00e1te na mysli?<\/strong><\/p>\n<p><strong> <\/strong><\/p>\n<p>To te\u010f nechci v\u011b\u0161tit. Uvid\u00edme, kdo se t\u00e9 p\u0159\u00edle\u017eitosti chop\u00ed. Ale v ka\u017ed\u00e9m p\u0159\u00edpad\u011b by to n\u011bjak\u00e1 p\u0159\u00edle\u017eitost byla, zat\u00edmco p\u0159i setrv\u00e1n\u00ed dosavadn\u00ed koalice by to bylo p\u0159edem jasn\u00e9.<br \/>\n<img loading=\"lazy\" decoding=\"async\" src=\"http:\/\/www.viposobnosti.eu\/obrazek\/2\/ladislav-jakl\/\" alt=\"\" width=\"339\" height=\"225\" \/><\/p>\n<p><strong>Pokud ztrat\u00ed b\u00fdval\u00fd ministr financ\u00ed Kalousek a kn\u00ed\u017ee Schwarzenberg vliv, m\u00e1 je\u0161t\u011b v budoucnu TOP 09 \u0161anci na \u00fasp\u011bch?<\/strong><\/p>\n<p>Ne. Proto\u017ee to nikdy nebyla strana postaven\u00e1 na n\u011bjak\u00e9 my\u0161lence, ale jen projekt na jedno pou\u017eit\u00ed.<\/p>\n<p><strong>St\u00e1le se hledaj\u00ed nov\u00e9, \u010di staronov\u00e9 tv\u00e1\u0159e, osobnosti, kter\u00e9 zachr\u00e1n\u00ed-spas\u00ed sou\u010dasnou politicko-ekonomickou situaci. Nen\u00ed toto ale probl\u00e9m celosv\u011btov\u00fd, ve kter\u00e9m naj\u00edt \u0159e\u0161en\u00ed, recept na jasn\u00e1 pravidla je t\u00e9m\u011b\u0159 nemo\u017en\u00e9?<\/strong><\/p>\n<p><strong> <\/strong><\/p>\n<p>O tv\u00e1\u0159e nejde. Jde o n\u00e1vrat k politick\u00fdm t\u00e9mat\u016fm. Ta u n\u00e1s zmizela pod dekou nepolitick\u00e9ho pok\u0159iku o rozkr\u00e1d\u00e1n\u00ed, o boji s korupc\u00ed, o z\u00e1chran\u011b planety a o jednotn\u00e9 Evrop\u011b.<\/p>\n<p><strong>ODS se nach\u00e1z\u00ed v nejhor\u0161\u00ed situaci sv\u00e9 existence. Chyb\u00ed jim marketing, spr\u00e1vn\u00e1 strategie, v\u00fdrazn\u00e9 osobnosti. Mysl\u00edte, \u017ee pomalu do\u017eije z podstaty nebo m\u00e1 je\u0161t\u011b podle v\u00e1s  \u0161anci na n\u011bjak\u00fd restart? Pokud ano, v \u010dem a kdy by se mohly v\u00fdsledky projevit?<\/strong><\/p>\n<p><strong> <\/strong><\/p>\n<p>Marketing, strategie i osobnosti, to v\u0161e je druhotn\u00e9. To je jen obal. K \u010demu obal, kdy\u017e chyb\u00ed obsah. Obsahem m\u016f\u017ee b\u00fdt jen d\u016fsledn\u00e1 politika h\u00e1j\u00edc\u00ed z\u00e1jem \u010dlov\u011bka proti st\u00e1tn\u00ed ma\u0161in\u00e9rii. Jestli m\u00e1 ODS na pr\u00e1ci n\u011bco jin\u00e9ho, pak je tu zbyte\u010dn\u00e1.<\/p>\n<p><a href=\"http:\/\/www.viposobnosti.eu\/inpage\/ladislav-jakl-pokud-rusnokova-vlada-vydrzi-cely-rok-muze-ot\/\" target=\"_blank\">Zdroj<\/a><\/p>\n","protected":false},"excerpt":{"rendered":"<p>Designovan\u00fd premi\u00e9r Ji\u0159\u00ed Rusnok v t\u011bchto dnech sestavuje novou vl\u00e1du, kter\u00e9 vznik\u00e1 za \u00fapln\u011b jin\u00fdch okolnost\u00ed, ne\u017e vl\u00e1dy p\u0159edchoz\u00ed. O\u010dek\u00e1v\u00e1 se, \u017ee ve sn\u011bmovn\u011b nedostane pot\u0159ebnou podporu. Podle jak\u00fdch pravidel se te\u010f bude hr\u00e1t na politick\u00e9m poli, jak\u00e1 jsou nejlep\u0161\u00ed \u0159e\u0161en\u00ed, pom\u016f\u017ee eventueln\u011b Rusnokova vl\u00e1da ke vk\u0159\u00ed\u0161en\u00ed ODS a kam sm\u011b\u0159uje sou\u010dasn\u00e1 politick\u00e1 situace podle [&hellip;]<\/p>\n","protected":false},"author":1,"featured_media":0,"comment_status":"open","ping_status":"open","sticky":false,"template":"","format":"standard","meta":{"ngg_post_thumbnail":0,"footnotes":""},"categories":[13],"tags":[],"class_list":["post-4024","post","type-post","status-publish","format-standard","hentry","category-rozhovory"],"_links":{"self":[{"href":"https:\/\/www.ladislavjakl.cz\/index.php?rest_route=\/wp\/v2\/posts\/4024","targetHints":{"allow":["GET"]}}],"collection":[{"href":"https:\/\/www.ladislavjakl.cz\/index.php?rest_route=\/wp\/v2\/posts"}],"about":[{"href":"https:\/\/www.ladislavjakl.cz\/index.php?rest_route=\/wp\/v2\/types\/post"}],"author":[{"embeddable":true,"href":"https:\/\/www.ladislavjakl.cz\/index.php?rest_route=\/wp\/v2\/users\/1"}],"replies":[{"embeddable":true,"href":"https:\/\/www.ladislavjakl.cz\/index.php?rest_route=%2Fwp%2Fv2%2Fcomments&post=4024"}],"version-history":[{"count":1,"href":"https:\/\/www.ladislavjakl.cz\/index.php?rest_route=\/wp\/v2\/posts\/4024\/revisions"}],"predecessor-version":[{"id":4025,"href":"https:\/\/www.ladislavjakl.cz\/index.php?rest_route=\/wp\/v2\/posts\/4024\/revisions\/4025"}],"wp:attachment":[{"href":"https:\/\/www.ladislavjakl.cz\/index.php?rest_route=%2Fwp%2Fv2%2Fmedia&parent=4024"}],"wp:term":[{"taxonomy":"category","embeddable":true,"href":"https:\/\/www.ladislavjakl.cz\/index.php?rest_route=%2Fwp%2Fv2%2Fcategories&post=4024"},{"taxonomy":"post_tag","embeddable":true,"href":"https:\/\/www.ladislavjakl.cz\/index.php?rest_route=%2Fwp%2Fv2%2Ftags&post=4024"}],"curies":[{"name":"wp","href":"https:\/\/api.w.org\/{rel}","templated":true}]}}