{"id":4048,"date":"2013-07-15T11:50:29","date_gmt":"2013-07-15T09:50:29","guid":{"rendered":"http:\/\/www.ladislavjakl.cz\/?p=4048"},"modified":"2013-07-15T11:50:29","modified_gmt":"2013-07-15T09:50:29","slug":"nedelni-sms-vaclavu-moravcovi","status":"publish","type":"post","link":"https:\/\/www.ladislavjakl.cz\/?p=4048","title":{"rendered":"Ned\u011bln\u00ed SMS V\u00e1clavu Moravcovi"},"content":{"rendered":"<p>Dobr\u00fd den. V\u00e1clav Klaus m\u011b nikdy v \u017eivot\u011b nepou\u017e\u00edval k vypou\u0161t\u011bn\u00ed n\u011bjak\u00fdch pokusn\u00fdch balonk\u016f. To je jen V\u00e1\u0161 v\u00fdmysl. Nikdy jsem v \u017e\u00e1dn\u00e9m m\u00e9diu nevystupoval z jeho pov\u011b\u0159en\u00ed, nikdy jsem za n\u011bj netlumo\u010dil n\u011bjak\u00e9 vzkazy.V\u017edy a v\u0161ude mluv\u00edm jen za sebe.<\/p>\n<p><!--more-->Asi je pro V\u00e1s t\u011b\u017ek\u00e9 si p\u0159edstavit, \u017ee \u010dlov\u011bk m\u016f\u017ee m\u00edt sv\u016fj n\u00e1zor. Prezident Klaus v\u011bt\u0161inou ani netu\u0161il, \u017ee jdu n\u011bkam do r\u00e1dia \u010di televize, a nikdy nec\u00edtil pot\u0159ebu m\u011b instruovat. A j\u00e1 zas nikdy nem\u011bl pot\u0159ebu si p\u0159ed jak\u00fdmkoli sv\u00fdm vystoupen\u00edm chodit k n\u011bmu \u010di t\u0159eba do zbraslavsk\u00e9 restaurace pro rozumy. Ned\u011blejte ze mne papou\u0161ka, pro sv\u00e9 tvrzen\u00ed nem\u00e1te \u017e\u00e1dnou oporu v realit\u011b. Na\u0161tval jste m\u011b.<br \/>\nL. Jakl<\/p>\n","protected":false},"excerpt":{"rendered":"<p>Dobr\u00fd den. V\u00e1clav Klaus m\u011b nikdy v \u017eivot\u011b nepou\u017e\u00edval k vypou\u0161t\u011bn\u00ed n\u011bjak\u00fdch pokusn\u00fdch balonk\u016f. To je jen V\u00e1\u0161 v\u00fdmysl. Nikdy jsem v \u017e\u00e1dn\u00e9m m\u00e9diu nevystupoval z jeho pov\u011b\u0159en\u00ed, nikdy jsem za n\u011bj netlumo\u010dil n\u011bjak\u00e9 vzkazy.V\u017edy a v\u0161ude mluv\u00edm jen za sebe.<\/p>\n","protected":false},"author":1,"featured_media":0,"comment_status":"open","ping_status":"open","sticky":false,"template":"","format":"standard","meta":{"ngg_post_thumbnail":0,"footnotes":""},"categories":[6],"tags":[],"class_list":["post-4048","post","type-post","status-publish","format-standard","hentry","category-co-jsem-nerekl"],"_links":{"self":[{"href":"https:\/\/www.ladislavjakl.cz\/index.php?rest_route=\/wp\/v2\/posts\/4048","targetHints":{"allow":["GET"]}}],"collection":[{"href":"https:\/\/www.ladislavjakl.cz\/index.php?rest_route=\/wp\/v2\/posts"}],"about":[{"href":"https:\/\/www.ladislavjakl.cz\/index.php?rest_route=\/wp\/v2\/types\/post"}],"author":[{"embeddable":true,"href":"https:\/\/www.ladislavjakl.cz\/index.php?rest_route=\/wp\/v2\/users\/1"}],"replies":[{"embeddable":true,"href":"https:\/\/www.ladislavjakl.cz\/index.php?rest_route=%2Fwp%2Fv2%2Fcomments&post=4048"}],"version-history":[{"count":1,"href":"https:\/\/www.ladislavjakl.cz\/index.php?rest_route=\/wp\/v2\/posts\/4048\/revisions"}],"predecessor-version":[{"id":4049,"href":"https:\/\/www.ladislavjakl.cz\/index.php?rest_route=\/wp\/v2\/posts\/4048\/revisions\/4049"}],"wp:attachment":[{"href":"https:\/\/www.ladislavjakl.cz\/index.php?rest_route=%2Fwp%2Fv2%2Fmedia&parent=4048"}],"wp:term":[{"taxonomy":"category","embeddable":true,"href":"https:\/\/www.ladislavjakl.cz\/index.php?rest_route=%2Fwp%2Fv2%2Fcategories&post=4048"},{"taxonomy":"post_tag","embeddable":true,"href":"https:\/\/www.ladislavjakl.cz\/index.php?rest_route=%2Fwp%2Fv2%2Ftags&post=4048"}],"curies":[{"name":"wp","href":"https:\/\/api.w.org\/{rel}","templated":true}]}}