{"id":4054,"date":"2013-07-17T12:44:19","date_gmt":"2013-07-17T10:44:19","guid":{"rendered":"http:\/\/www.ladislavjakl.cz\/?p=4054"},"modified":"2013-07-17T12:44:19","modified_gmt":"2013-07-17T10:44:19","slug":"sportovcum-by-se-mel-zakazat-trenink","status":"publish","type":"post","link":"https:\/\/www.ladislavjakl.cz\/?p=4054","title":{"rendered":"Sportovc\u016fm by se m\u011bl zak\u00e1zat tr\u00e9nink"},"content":{"rendered":"<p>Cyklisti jedou do Alp a sv\u011bt na n\u011b v\u00a0\u00fa\u017easu kouk\u00e1. \u00a0\u00da\u017eas  je v\u0161ak ob\u010das zakalen spekulacemi o tom, na co ti supermani vlastn\u011b  jezd\u00ed. A kdy\u017e to n\u011bkomu jede n\u011bjak moc dob\u0159e, u\u017e je mu p\u0159edhazov\u00e1no, \u017ee  bere n\u011bjak\u00e9 bobule.<\/p>\n<p><!--more--><\/p>\n<div>\n<p>Po letech se pak p\u0159episuj\u00ed  v\u00fdsledky a dehonestuj\u00ed jejich p\u016fvodci. Nikoho to po\u0159\u00e1dn\u011b nebav\u00ed, nikdo  nev\u00ed, co vlastn\u011b plat\u00ed. Nic na silnici neplat\u00ed doopravdy, posledn\u00ed slovo  bude m\u00edt kdov\u00edkdy n\u011bjak\u00e1 laborato\u0159. A\u017e se \u010dlov\u011bk mus\u00ed pt\u00e1t, pro\u010d se ten  doping vlastn\u011b zakazuje.<\/p>\n<p>Pr\u00fd hlavn\u011b kv\u016fli ochran\u011b zdrav\u00ed. No, ale nen\u00ed to na t\u011bch cyklistech,  jestli cht\u011bj\u00ed d\u00e1t v\u0161anc sv\u00e9 t\u011blo sl\u00e1v\u011b, \u00fasp\u011bchu a pen\u011bz\u016fm? A je takov\u00e1  bobule nebezpe\u010dn\u011bj\u0161\u00ed ne\u017e s\u00e1m sport? Ne\u017e tr\u00e9nink? Copak n\u011bjak\u00fd vrcholov\u00fd  sport m\u016f\u017ee b\u00fdt zdrav\u00fd? Pokud v\u00e1s neodrovn\u00e1 n\u011bjak\u00e9 zran\u011bn\u00ed, pak v\u00e1m  zaru\u010den\u011b odejdou klouby, z\u00e1da a kdov\u00edco je\u0161t\u011b. A po kari\u00e9\u0159e chod\u00edte o  berl\u00edch. Tak\u017ee zak\u00e1zat tr\u00e9nink? To by d\u00e1valo smysl.<\/p>\n<p>Dal\u0161\u00edm d\u016fvodem, pro\u010d se zakazuje br\u00e1t n\u011bkter\u00e9 podp\u016frn\u00e9 prost\u0159edky, je  pr\u00fd snaha zajistit rovn\u00e9 a f\u00e9rov\u00e9 podm\u00ednky v\u0161em. Ale copak to jde?  Copak m\u00e1 rovn\u00e9 podm\u00ednky v\u00a0ko\u0161\u00edkov\u00e9 \u010dlov\u011bk m\u00e9 v\u00fd\u0161ky oproti m\u00e1lem  t\u0159\u00edmetrov\u00fdm hab\u00e1n\u016fm? Nem\u011bli by se lid\u00e9 nad dva metry diskvalifikovat? A  op\u011bt k\u00a0tr\u00e9ninku: co kdy\u017e m\u00e1 n\u011bkdo lep\u0161\u00ed tr\u00e9ninkov\u00e9 mo\u017enosti ne\u017e ostatn\u00ed?  Je to pak je\u0161t\u011b f\u00e9rov\u00e1 sout\u011b\u017e? Kdyby se zak\u00e1zal tr\u00e9nink, nebylo by to  spravedliv\u011bj\u0161\u00ed?<\/p>\n<p>Mysl\u00edm, \u017ee to je jasn\u00e9. \u00a0Zaka\u017eme tr\u00e9nink i jakoukoli p\u0159\u00edpravu  sportovc\u016f. A\u0165 se v\u0161e uk\u00e1\u017ee a\u017e v\u00a0z\u00e1vod\u011b. A hned budou moci sout\u011b\u017eit i  lidi s\u00a0moj\u00ed figurou. \u017de to je blbost? Pokud ano, pak povolme i ty  bobule.<\/p>\n<p><a href=\"http:\/\/jakl.blog.idnes.cz\/c\/352199\/Sportovcum-by-se-mel-zakazat-trenink.html\" target=\"_blank\">Zdroj<\/a><\/div>\n","protected":false},"excerpt":{"rendered":"<p>Cyklisti jedou do Alp a sv\u011bt na n\u011b v\u00a0\u00fa\u017easu kouk\u00e1. \u00a0\u00da\u017eas je v\u0161ak ob\u010das zakalen spekulacemi o tom, na co ti supermani vlastn\u011b jezd\u00ed. A kdy\u017e to n\u011bkomu jede n\u011bjak moc dob\u0159e, u\u017e je mu p\u0159edhazov\u00e1no, \u017ee bere n\u011bjak\u00e9 bobule.<\/p>\n","protected":false},"author":1,"featured_media":0,"comment_status":"open","ping_status":"open","sticky":false,"template":"","format":"standard","meta":{"ngg_post_thumbnail":0,"footnotes":""},"categories":[10],"tags":[],"class_list":["post-4054","post","type-post","status-publish","format-standard","hentry","category-zlehka"],"_links":{"self":[{"href":"https:\/\/www.ladislavjakl.cz\/index.php?rest_route=\/wp\/v2\/posts\/4054","targetHints":{"allow":["GET"]}}],"collection":[{"href":"https:\/\/www.ladislavjakl.cz\/index.php?rest_route=\/wp\/v2\/posts"}],"about":[{"href":"https:\/\/www.ladislavjakl.cz\/index.php?rest_route=\/wp\/v2\/types\/post"}],"author":[{"embeddable":true,"href":"https:\/\/www.ladislavjakl.cz\/index.php?rest_route=\/wp\/v2\/users\/1"}],"replies":[{"embeddable":true,"href":"https:\/\/www.ladislavjakl.cz\/index.php?rest_route=%2Fwp%2Fv2%2Fcomments&post=4054"}],"version-history":[{"count":2,"href":"https:\/\/www.ladislavjakl.cz\/index.php?rest_route=\/wp\/v2\/posts\/4054\/revisions"}],"predecessor-version":[{"id":4056,"href":"https:\/\/www.ladislavjakl.cz\/index.php?rest_route=\/wp\/v2\/posts\/4054\/revisions\/4056"}],"wp:attachment":[{"href":"https:\/\/www.ladislavjakl.cz\/index.php?rest_route=%2Fwp%2Fv2%2Fmedia&parent=4054"}],"wp:term":[{"taxonomy":"category","embeddable":true,"href":"https:\/\/www.ladislavjakl.cz\/index.php?rest_route=%2Fwp%2Fv2%2Fcategories&post=4054"},{"taxonomy":"post_tag","embeddable":true,"href":"https:\/\/www.ladislavjakl.cz\/index.php?rest_route=%2Fwp%2Fv2%2Ftags&post=4054"}],"curies":[{"name":"wp","href":"https:\/\/api.w.org\/{rel}","templated":true}]}}