{"id":4057,"date":"2013-07-17T12:47:19","date_gmt":"2013-07-17T10:47:19","guid":{"rendered":"http:\/\/www.ladislavjakl.cz\/?p=4057"},"modified":"2013-07-17T12:47:19","modified_gmt":"2013-07-17T10:47:19","slug":"jakl-moravcovi-nechodim-si-pro-rozumy-k-bradacove-jako-vy","status":"publish","type":"post","link":"https:\/\/www.ladislavjakl.cz\/?p=4057","title":{"rendered":"Jakl Moravcovi: Nechod\u00edm si pro rozumy k Brad\u00e1\u010dov\u00e9 jako vy"},"content":{"rendered":"<p>B\u00fdval\u00fd \u0159editel politick\u00e9ho odboru Kancel\u00e1\u0159e prezidenta republiky  Ladislav Jakl poslal ostrou sms zpr\u00e1vu moder\u00e1torovi \u010cT V\u00e1clavu  Moravcovi, ve kter\u00e9 mu vy\u010dinil za to, jak se o n\u011bm Moravec ve sv\u00e9m  po\u0159adu vyjad\u0159uje.<\/p>\n<p><!--more--><\/p>\n<p><img decoding=\"async\" id=\"zpravy_image_d2d1d974-eda4-11e2-b756-003048df98d02af1a77bfc4a4684a22d4ed84255ce39\" title=\"Jakl Moravcovi: Nechod\u00edm si pro rozumy k Brad\u00e1\u010dov\u00e9 jako vy\" src=\"http:\/\/www.prvnizpravy.cz\/repository\/zpravy\/_antialias_d2d1d974-eda4-11e2-b756-003048df98d0_a0a7d9c03537baa203eafd69a348b24a.jpg\" alt=\"Jakl Moravcovi: Nechod\u00edm si pro rozumy k Brad\u00e1\u010dov\u00e9 jako vy\" \/><\/p>\n<div>Ladislav Jakl<\/div>\n<div><strong>17.\u010dervenec 2013 &#8211; 07:10<\/strong><\/div>\n<p>&#8222;Dobr\u00fd den. V\u00e1clav  Klaus m\u011b nikdy v \u017eivot\u011b nepou\u017e\u00edval k vypou\u0161t\u011bn\u00ed n\u011bjak\u00fdch pokusn\u00fdch  balonk\u016f. To je jen V\u00e1\u0161 v\u00fdmysl. Nikdy jsem v \u017e\u00e1dn\u00e9m m\u00e9diu nevystupoval z  jeho pov\u011b\u0159en\u00ed, nikdy jsem za n\u011bj netlumo\u010dil n\u011bjak\u00e9 vzkazy.V\u017edy a v\u0161ude  mluv\u00edm jen za sebe,&#8220; napsal Jakl Moravcovi v reakci na to, jak\u00fdmi slovy o  n\u011bm Moravec ve sv\u00e9m po\u0159adu OVM mluvil.<\/p>\n<p>&#8222;Asi je pro V\u00e1s t\u011b\u017ek\u00e9 si  p\u0159edstavit, \u017ee \u010dlov\u011bk m\u016f\u017ee m\u00edt sv\u016fj n\u00e1zor. Prezident Klaus v\u011bt\u0161inou ani  netu\u0161il, \u017ee jdu n\u011bkam do r\u00e1dia \u010di televize, a nikdy nec\u00edtil pot\u0159ebu m\u011b  instruovat. A j\u00e1 zas nikdy nem\u011bl pot\u0159ebu si p\u0159ed jak\u00fdmkoli sv\u00fdm  vystoupen\u00edm chodit k n\u011bmu \u010di t\u0159eba do zbraslavsk\u00e9 restaurace pro  rozumy,&#8220; vzk\u00e1zal pak moder\u00e1torovi a p\u0159ipomn\u011bl tak <a href=\"http:\/\/www.prvnizpravy.cz\/language=cs\/zpravy\/politika\/tajna-schuzka-na-zbraslavi-bradacova-slachta-moravec\/preview=true\/\">setk\u00e1n\u00ed Moravce<\/a> s pra\u017eskou vrchn\u00ed st\u00e1tn\u00ed z\u00e1stupkyn\u00ed Lenkou Brad\u00e1\u010dovou a \u0161\u00e9fem \u00daOOZ Robertem \u0160lachtou, o kter\u00e9m jsme informovali jako prvn\u00ed. &#8211; <em><strong>\u010dt\u011bte tak\u00e9: <a href=\"http:\/\/www.prvnizpravy.cz\/language=cs\/zpravy\/politika\/tajna-schuzka-na-zbraslavi-bradacova-slachta-moravec\/preview=true\/\" target=\"_blank\">Tajn\u00e1 sch\u016fzka na Zbraslavi: Brad\u00e1\u010dov\u00e1, \u0160lachta, Moravec<\/a><\/strong><\/em><\/p>\n<p>&#8222;Ned\u011blejte ze mne papou\u0161ka, pro sv\u00e9 tvrzen\u00ed nem\u00e1te \u017e\u00e1dnou oporu v realit\u011b. Na\u0161tval jste m\u011b,&#8220; zakon\u010dil Jakl svoji esemesku.<\/p>\n<p>V\u00e1clav  Moravec na ni, h\u00e1d\u00e1me, neodpov\u011bd\u011bl. Tak jako neodpov\u011bd\u011bl na sms, kdy\u017e  jsme se ho t\u00e1zali, aby vysv\u011btlil, jak\u00fd byl smysl on\u00e9 sch\u016fzky s  Brad\u00e1\u010dovou a \u0160lachtou.<\/p>\n<p><a href=\"http:\/\/www.prvnizpravy.cz\/zpravy\/politika\/jakl-moravcovi-nechodim-si-pro-rozumy-k-bradacove-jako-vy\/\" target=\"_blank\">Zdroj<\/a><\/p>\n","protected":false},"excerpt":{"rendered":"<p>B\u00fdval\u00fd \u0159editel politick\u00e9ho odboru Kancel\u00e1\u0159e prezidenta republiky Ladislav Jakl poslal ostrou sms zpr\u00e1vu moder\u00e1torovi \u010cT V\u00e1clavu Moravcovi, ve kter\u00e9 mu vy\u010dinil za to, jak se o n\u011bm Moravec ve sv\u00e9m po\u0159adu vyjad\u0159uje.<\/p>\n","protected":false},"author":1,"featured_media":0,"comment_status":"open","ping_status":"open","sticky":false,"template":"","format":"standard","meta":{"ngg_post_thumbnail":0,"footnotes":""},"categories":[11],"tags":[],"class_list":["post-4057","post","type-post","status-publish","format-standard","hentry","category-ozvena"],"_links":{"self":[{"href":"https:\/\/www.ladislavjakl.cz\/index.php?rest_route=\/wp\/v2\/posts\/4057","targetHints":{"allow":["GET"]}}],"collection":[{"href":"https:\/\/www.ladislavjakl.cz\/index.php?rest_route=\/wp\/v2\/posts"}],"about":[{"href":"https:\/\/www.ladislavjakl.cz\/index.php?rest_route=\/wp\/v2\/types\/post"}],"author":[{"embeddable":true,"href":"https:\/\/www.ladislavjakl.cz\/index.php?rest_route=\/wp\/v2\/users\/1"}],"replies":[{"embeddable":true,"href":"https:\/\/www.ladislavjakl.cz\/index.php?rest_route=%2Fwp%2Fv2%2Fcomments&post=4057"}],"version-history":[{"count":1,"href":"https:\/\/www.ladislavjakl.cz\/index.php?rest_route=\/wp\/v2\/posts\/4057\/revisions"}],"predecessor-version":[{"id":4058,"href":"https:\/\/www.ladislavjakl.cz\/index.php?rest_route=\/wp\/v2\/posts\/4057\/revisions\/4058"}],"wp:attachment":[{"href":"https:\/\/www.ladislavjakl.cz\/index.php?rest_route=%2Fwp%2Fv2%2Fmedia&parent=4057"}],"wp:term":[{"taxonomy":"category","embeddable":true,"href":"https:\/\/www.ladislavjakl.cz\/index.php?rest_route=%2Fwp%2Fv2%2Fcategories&post=4057"},{"taxonomy":"post_tag","embeddable":true,"href":"https:\/\/www.ladislavjakl.cz\/index.php?rest_route=%2Fwp%2Fv2%2Ftags&post=4057"}],"curies":[{"name":"wp","href":"https:\/\/api.w.org\/{rel}","templated":true}]}}