{"id":4059,"date":"2013-07-17T12:49:05","date_gmt":"2013-07-17T10:49:05","guid":{"rendered":"http:\/\/www.ladislavjakl.cz\/?p=4059"},"modified":"2013-07-17T12:49:05","modified_gmt":"2013-07-17T10:49:05","slug":"prectete-si-sms-ktera-postavila-vaclava-moravce-do-late","status":"publish","type":"post","link":"https:\/\/www.ladislavjakl.cz\/?p=4059","title":{"rendered":"P\u0159e\u010dt\u011bte si SMS, kter\u00e1 postavila V\u00e1clava Moravce do lat\u011b"},"content":{"rendered":"<p>V\u00e1clav Moravec ve sv\u00e9m po\u0159adu OVM tuto ned\u011bli op\u011bt \u0159\u00e1dil. Dostalo se mu proto adekv\u00e1tn\u00ed reakce od Ladislava Jakla. M\u016f\u017eete i nemus\u00edte m\u00edt b\u00fdval\u00e9ho tajemn\u00edka prezidenta Klause r\u00e1di, ale t\u011b\u017eko si p\u0159edstavit, \u017ee by zrovna plnil roli jak\u00e9hosi prezidentova poh\u016fnka, jak bohorovn\u011b nazna\u010doval rozja\u0159en\u00fd Moravec.<\/p>\n<p><!--more--> Moravcova chatrn\u00e1 konstrukce je opravdu&#8230;chatrnou konstrukc\u00ed. Ale v\u011brn\u00e9 div\u00e1ky a management  jist\u011b pozn\u00e1mka o VK a jeho okol\u00ed pot\u011b\u0161ila. Takov\u00e1 v\u011bc p\u0159ece slu\u0161n\u00e9ho a poctiv\u00e9ho ob\u010dana mus\u00ed pot\u011b\u0161it v\u017edycky, \u017ee&#8230;<\/p>\n<p>Ladislav Jakl nelenil a na Moravcovu nejapnou pozn\u00e1mku zareagoval zasl\u00e1n\u00edm SMS, sice zdvo\u0159il\u00e9, ale p\u0159esto jas<\/p>\n<p>Dobr\u00fd den. V\u00e1clav Klaus m\u011b nikdy v \u017eivot\u011b nepou\u017e\u00edval k vypou\u0161t\u011bn\u00ed n\u011bjak\u00fdch pokusn\u00fdch balonk\u016f. To je jen V\u00e1\u0161 v\u00fdmysl. Nikdy jsem v \u017e\u00e1dn\u00e9m m\u00e9diu nevystupoval z jeho pov\u011b\u0159en\u00ed, nikdy jsem za n\u011bj netlumo\u010dil n\u011bjak\u00e9 vzkazy.V\u017edy a v\u0161ude mluv\u00edm jen za sebe.<\/p>\n<p>Asi je pro V\u00e1s t\u011b\u017ek\u00e9 si p\u0159edstavit, \u017ee \u010dlov\u011bk m\u016f\u017ee m\u00edt sv\u016fj n\u00e1zor. Prezident Klaus v\u011bt\u0161inou ani netu\u0161il, \u017ee jdu n\u011bkam do r\u00e1dia \u010di televize, a nikdy nec\u00edtil pot\u0159ebu m\u011b instruovat. A j\u00e1 zas nikdy nem\u011bl pot\u0159ebu si p\u0159ed jak\u00fdmkoli sv\u00fdm vystoupen\u00edm chodit k n\u011bmu \u010di t\u0159eba do zbraslavsk\u00e9 restaurace pro rozumy. Ned\u011blejte ze mne papou\u0161ka, pro sv\u00e9 tvrzen\u00ed nem\u00e1te \u017e\u00e1dnou oporu v realit\u011b. Na\u0161tval jste m\u011b. L. Jakl<\/p>\n<p><a href=\"http:\/\/eportal.parlamentnilisty.cz\/Articles\/6005-prectete-si-sms-ktera-postavila-vaclava-moravce-do-late.aspx\" target=\"_blank\">Zdroj<\/a><em><br \/>\n<\/em><\/p>\n","protected":false},"excerpt":{"rendered":"<p>V\u00e1clav Moravec ve sv\u00e9m po\u0159adu OVM tuto ned\u011bli op\u011bt \u0159\u00e1dil. Dostalo se mu proto adekv\u00e1tn\u00ed reakce od Ladislava Jakla. M\u016f\u017eete i nemus\u00edte m\u00edt b\u00fdval\u00e9ho tajemn\u00edka prezidenta Klause r\u00e1di, ale t\u011b\u017eko si p\u0159edstavit, \u017ee by zrovna plnil roli jak\u00e9hosi prezidentova poh\u016fnka, jak bohorovn\u011b nazna\u010doval rozja\u0159en\u00fd Moravec.<\/p>\n","protected":false},"author":1,"featured_media":0,"comment_status":"open","ping_status":"open","sticky":false,"template":"","format":"standard","meta":{"ngg_post_thumbnail":0,"footnotes":""},"categories":[11],"tags":[],"class_list":["post-4059","post","type-post","status-publish","format-standard","hentry","category-ozvena"],"_links":{"self":[{"href":"https:\/\/www.ladislavjakl.cz\/index.php?rest_route=\/wp\/v2\/posts\/4059","targetHints":{"allow":["GET"]}}],"collection":[{"href":"https:\/\/www.ladislavjakl.cz\/index.php?rest_route=\/wp\/v2\/posts"}],"about":[{"href":"https:\/\/www.ladislavjakl.cz\/index.php?rest_route=\/wp\/v2\/types\/post"}],"author":[{"embeddable":true,"href":"https:\/\/www.ladislavjakl.cz\/index.php?rest_route=\/wp\/v2\/users\/1"}],"replies":[{"embeddable":true,"href":"https:\/\/www.ladislavjakl.cz\/index.php?rest_route=%2Fwp%2Fv2%2Fcomments&post=4059"}],"version-history":[{"count":1,"href":"https:\/\/www.ladislavjakl.cz\/index.php?rest_route=\/wp\/v2\/posts\/4059\/revisions"}],"predecessor-version":[{"id":4060,"href":"https:\/\/www.ladislavjakl.cz\/index.php?rest_route=\/wp\/v2\/posts\/4059\/revisions\/4060"}],"wp:attachment":[{"href":"https:\/\/www.ladislavjakl.cz\/index.php?rest_route=%2Fwp%2Fv2%2Fmedia&parent=4059"}],"wp:term":[{"taxonomy":"category","embeddable":true,"href":"https:\/\/www.ladislavjakl.cz\/index.php?rest_route=%2Fwp%2Fv2%2Fcategories&post=4059"},{"taxonomy":"post_tag","embeddable":true,"href":"https:\/\/www.ladislavjakl.cz\/index.php?rest_route=%2Fwp%2Fv2%2Ftags&post=4059"}],"curies":[{"name":"wp","href":"https:\/\/api.w.org\/{rel}","templated":true}]}}