{"id":4065,"date":"2013-07-22T13:07:12","date_gmt":"2013-07-22T11:07:12","guid":{"rendered":"http:\/\/www.ladislavjakl.cz\/?p=4065"},"modified":"2013-07-22T13:07:12","modified_gmt":"2013-07-22T11:07:12","slug":"eu-stroj-na-prihravani-penez-podle-konexi","status":"publish","type":"post","link":"https:\/\/www.ladislavjakl.cz\/?p=4065","title":{"rendered":"EU: stroj na p\u0159ihr\u00e1v\u00e1n\u00ed pen\u011bz podle konex\u00ed"},"content":{"rendered":"<p>Jan Pirk, kter\u00fd si oddychl, \u017ee nep\u0159ijde na buben kv\u016fli dluh\u016fm Jana Fischera (za n\u011b\u017e ru\u010dil), \u0159\u00edk\u00e1, \u017ee jeho obl\u00edbenec bude dobr\u00fdm ministrem financ\u00ed. A pro\u010d si to mysl\u00ed? &#8222;Jako ministr financ\u00ed m\u016f\u017ee vyu\u017e\u00edt svoje osobn\u00ed kontakty z doby, kdy pracoval v Evropsk\u00e9 bance pro rozvoj. Jeho konexe mohou b\u00fdt pro \u010ceskou republiku velmi prosp\u011b\u0161n\u00e9, t\u0159eba pokud se t\u00fdk\u00e1 z\u00edsk\u00e1v\u00e1n\u00ed dotac\u00ed z evropsk\u00fdch fond\u016f pro \u010ceskou republiku.\u201c To jsou slova pana Pirka.<\/p>\n<p><!--more-->A pan doktor se p\u0159i jejich vysloven\u00ed nec\u00edt\u00ed nijak blb\u011b. V\u00ed v\u016fbec, co to vlastn\u011b \u0159ekl? P\u0159elo\u017eme jeho slova do \u010de\u0161tiny. Evropsk\u00e1 unie je ma\u0161ina, kter\u00e1 n\u00e1sil\u00edm vyb\u00edr\u00e1 pen\u00edze od poplatn\u00edk\u016f a pak je rozd\u011bluje podle konex\u00ed. A to je jako dob\u0159e? Tuhle hru m\u00e1me hr\u00e1t? Lep\u0161\u00edmi konexemi za blaho lidu? Fuj. U\u017e ani korunu do Bruselu.<\/p>\n","protected":false},"excerpt":{"rendered":"<p>Jan Pirk, kter\u00fd si oddychl, \u017ee nep\u0159ijde na buben kv\u016fli dluh\u016fm Jana Fischera (za n\u011b\u017e ru\u010dil), \u0159\u00edk\u00e1, \u017ee jeho obl\u00edbenec bude dobr\u00fdm ministrem financ\u00ed. A pro\u010d si to mysl\u00ed? &#8222;Jako ministr financ\u00ed m\u016f\u017ee vyu\u017e\u00edt svoje osobn\u00ed kontakty z doby, kdy pracoval v Evropsk\u00e9 bance pro rozvoj. Jeho konexe mohou b\u00fdt pro \u010ceskou republiku velmi prosp\u011b\u0161n\u00e9, [&hellip;]<\/p>\n","protected":false},"author":1,"featured_media":0,"comment_status":"open","ping_status":"open","sticky":false,"template":"","format":"standard","meta":{"ngg_post_thumbnail":0,"footnotes":""},"categories":[18],"tags":[],"class_list":["post-4065","post","type-post","status-publish","format-standard","hentry","category-postrehy"],"_links":{"self":[{"href":"https:\/\/www.ladislavjakl.cz\/index.php?rest_route=\/wp\/v2\/posts\/4065","targetHints":{"allow":["GET"]}}],"collection":[{"href":"https:\/\/www.ladislavjakl.cz\/index.php?rest_route=\/wp\/v2\/posts"}],"about":[{"href":"https:\/\/www.ladislavjakl.cz\/index.php?rest_route=\/wp\/v2\/types\/post"}],"author":[{"embeddable":true,"href":"https:\/\/www.ladislavjakl.cz\/index.php?rest_route=\/wp\/v2\/users\/1"}],"replies":[{"embeddable":true,"href":"https:\/\/www.ladislavjakl.cz\/index.php?rest_route=%2Fwp%2Fv2%2Fcomments&post=4065"}],"version-history":[{"count":2,"href":"https:\/\/www.ladislavjakl.cz\/index.php?rest_route=\/wp\/v2\/posts\/4065\/revisions"}],"predecessor-version":[{"id":4067,"href":"https:\/\/www.ladislavjakl.cz\/index.php?rest_route=\/wp\/v2\/posts\/4065\/revisions\/4067"}],"wp:attachment":[{"href":"https:\/\/www.ladislavjakl.cz\/index.php?rest_route=%2Fwp%2Fv2%2Fmedia&parent=4065"}],"wp:term":[{"taxonomy":"category","embeddable":true,"href":"https:\/\/www.ladislavjakl.cz\/index.php?rest_route=%2Fwp%2Fv2%2Fcategories&post=4065"},{"taxonomy":"post_tag","embeddable":true,"href":"https:\/\/www.ladislavjakl.cz\/index.php?rest_route=%2Fwp%2Fv2%2Ftags&post=4065"}],"curies":[{"name":"wp","href":"https:\/\/api.w.org\/{rel}","templated":true}]}}