{"id":4068,"date":"2013-07-22T13:11:15","date_gmt":"2013-07-22T11:11:15","guid":{"rendered":"http:\/\/www.ladislavjakl.cz\/?p=4068"},"modified":"2013-07-22T13:11:15","modified_gmt":"2013-07-22T11:11:15","slug":"provokater-jakl-zakazme-sportovcum-trenink-proc","status":"publish","type":"post","link":"https:\/\/www.ladislavjakl.cz\/?p=4068","title":{"rendered":"Provokat\u00e9r Jakl: Zaka\u017eme sportovc\u016fm tr\u00e9nink! Pro\u010d?"},"content":{"rendered":"<p>V souvislosti s pr\u00e1v\u011b prob\u00edhaj\u00edc\u00ed Tour de France se b\u00fdval\u00e1 \u0159editel politick\u00e9ho odboru Kancel\u00e1\u0159e prezidenta republiky Ladislav Jakl zaob\u00edr\u00e1 \u00favahami nad dopingem a nach\u00e1z\u00ed ve sportu i jin\u00e9 z\u00e1le\u017eitosti, kter\u00e9 znemo\u017e\u0148uj\u00ed rovnou sout\u011b\u017e.<br \/>\n<!--more--><br \/>\n\u201eCyklisti jedou do Alp a sv\u011bt na n\u011b v \u00fa\u017easu kouk\u00e1. \u00da\u017eas je v\u0161ak ob\u010das zakalen spekulacemi o tom, na co ti supermani vlastn\u011b jezd\u00ed. A kdy\u017e to n\u011bkomu jede n\u011bjak moc dob\u0159e, u\u017e je mu p\u0159edhazov\u00e1no, \u017ee bere n\u011bjak\u00e9 bobule,&#8220; uv\u00e1d\u00ed Jakl. Nakonec podle n\u011bj stejn\u011b nerozhoduj\u00ed v\u00fdsledky z\u00e1vod\u016f, ale laborato\u0159.<\/p>\n<p>Doping se zakazuje kv\u016fli ochran\u011b zdrav\u00ed. Nebo tak se to alespo\u0148 uv\u00e1d\u00ed. Podle Jakla bychom v\u0161ak m\u011bli nechat sportovce, a\u0165 si huntuj\u00ed t\u011blo, jak cht\u011bj\u00ed. \u201eJe takov\u00e1 bobule nebezpe\u010dn\u011bj\u0161\u00ed ne\u017e s\u00e1m sport? Ne\u017e tr\u00e9nink,&#8220; pt\u00e1 se s odkazem na to, \u017ee \u0159ada sportovc\u016f m\u00e1 t\u011blo zlikvidovan\u00e9 po aktivn\u00ed kari\u00e9\u0159e, i kdy\u017e doping neu\u017e\u00edv\u00e1.<\/p>\n<p>Bez dopingu podle Jakla stejn\u011b nejsou zaji\u0161t\u011bny stejn\u00e9 podm\u00ednky. Ne v\u0161ichni maj\u00ed stejn\u00e9 t\u011blesn\u00e9 p\u0159edpoklady pro dan\u00fd sport \u2013 p\u0159ich\u00e1z\u00ed s \u00fasm\u011bvn\u00fdm n\u00e1padem: co diskvalifikovat v ko\u0161\u00edkov\u00e9 hr\u00e1\u010de vy\u0161\u0161\u00ed p\u0159es dva metry? A ohledn\u011b tr\u00e9ninku m\u016f\u017ee m\u00edt ka\u017ed\u00fd sportovec jin\u00e9 podm\u00ednky, co\u017e tak\u00e9 m\u016f\u017ee zp\u016fsobit nerovnost ve sportu.<\/p>\n<p>\u201eMysl\u00edm, \u017ee to je jasn\u00e9. Zaka\u017eme tr\u00e9nink i jakoukoli p\u0159\u00edpravu sportovc\u016f. A\u0165 se v\u0161e uk\u00e1\u017ee a\u017e v z\u00e1vod\u011b. A hned budou moci sout\u011b\u017eit i lidi s moj\u00ed figurou. \u017de to je blbost? Pokud ano, pak povolme i ty bobule,&#8220; dod\u00e1v\u00e1 na sv\u00e9m webu.<\/p>\n<p><a href=\"http:\/\/sport.eurozpravy.cz\/ostatni\/74003-provokater-jakl-zakazme-sportovcum-trenink-proc\/\" target=\"_blank\">Zdroj<\/a><\/p>\n","protected":false},"excerpt":{"rendered":"<p>V souvislosti s pr\u00e1v\u011b prob\u00edhaj\u00edc\u00ed Tour de France se b\u00fdval\u00e1 \u0159editel politick\u00e9ho odboru Kancel\u00e1\u0159e prezidenta republiky Ladislav Jakl zaob\u00edr\u00e1 \u00favahami nad dopingem a nach\u00e1z\u00ed ve sportu i jin\u00e9 z\u00e1le\u017eitosti, kter\u00e9 znemo\u017e\u0148uj\u00ed rovnou sout\u011b\u017e.<\/p>\n","protected":false},"author":1,"featured_media":0,"comment_status":"open","ping_status":"open","sticky":false,"template":"","format":"standard","meta":{"ngg_post_thumbnail":0,"footnotes":""},"categories":[11],"tags":[],"class_list":["post-4068","post","type-post","status-publish","format-standard","hentry","category-ozvena"],"_links":{"self":[{"href":"https:\/\/www.ladislavjakl.cz\/index.php?rest_route=\/wp\/v2\/posts\/4068","targetHints":{"allow":["GET"]}}],"collection":[{"href":"https:\/\/www.ladislavjakl.cz\/index.php?rest_route=\/wp\/v2\/posts"}],"about":[{"href":"https:\/\/www.ladislavjakl.cz\/index.php?rest_route=\/wp\/v2\/types\/post"}],"author":[{"embeddable":true,"href":"https:\/\/www.ladislavjakl.cz\/index.php?rest_route=\/wp\/v2\/users\/1"}],"replies":[{"embeddable":true,"href":"https:\/\/www.ladislavjakl.cz\/index.php?rest_route=%2Fwp%2Fv2%2Fcomments&post=4068"}],"version-history":[{"count":1,"href":"https:\/\/www.ladislavjakl.cz\/index.php?rest_route=\/wp\/v2\/posts\/4068\/revisions"}],"predecessor-version":[{"id":4069,"href":"https:\/\/www.ladislavjakl.cz\/index.php?rest_route=\/wp\/v2\/posts\/4068\/revisions\/4069"}],"wp:attachment":[{"href":"https:\/\/www.ladislavjakl.cz\/index.php?rest_route=%2Fwp%2Fv2%2Fmedia&parent=4068"}],"wp:term":[{"taxonomy":"category","embeddable":true,"href":"https:\/\/www.ladislavjakl.cz\/index.php?rest_route=%2Fwp%2Fv2%2Fcategories&post=4068"},{"taxonomy":"post_tag","embeddable":true,"href":"https:\/\/www.ladislavjakl.cz\/index.php?rest_route=%2Fwp%2Fv2%2Ftags&post=4068"}],"curies":[{"name":"wp","href":"https:\/\/api.w.org\/{rel}","templated":true}]}}