{"id":407,"date":"2010-06-21T08:42:46","date_gmt":"2010-06-21T07:42:46","guid":{"rendered":"http:\/\/www.ladislavjakl.cz\/?p=407"},"modified":"2010-06-21T08:42:46","modified_gmt":"2010-06-21T07:42:46","slug":"jakl-klaus-na-kongres-ods-neprijede-media-si-to-vymyslela","status":"publish","type":"post","link":"https:\/\/www.ladislavjakl.cz\/?p=407","title":{"rendered":"Jakl: Klaus na kongres ODS nep\u0159ijede. M\u00e9dia si to vymyslela"},"content":{"rendered":"<p>Prezident republiky  V\u00e1clav Klaus a b\u00fdval\u00fd \u010destn\u00fd p\u0159edseda a otec zakladatel ODS V\u00e1clav Klaus  na kongres strany nedoraz\u00ed.<\/p>\n<p><!--more-->Po\u0161le zdravici formou dopisu.  Parlamentn\u00edmList\u016fm.cz to potvrdil tajemn\u00edk prezidenta republiky a \u0161\u00e9f  Politick\u00e9ho odboru Kancel\u00e1\u0159e prezidenta republiky Ladislav Jakl.  \u201eS \u00fa\u010dast\u00ed prezidenta republiky na kongresu to je  f\u00e1ma. Prezident Klaus kongres ODS nenav\u0161t\u00edv\u00ed. Mysl\u00edm, \u017ee by to ani  nebylo vhodn\u00e9 uprost\u0159ed hork\u00fdch jedn\u00e1n\u00ed o sestaven\u00ed vl\u00e1dy nav\u0161t\u00edvit  jedn\u00e1n\u00ed jednoho z t\u011bchto subjekt\u016f,&#8220; \u0159ekl redakci Ladislav Jakl.<\/p>\n<p>\u201eJe zaj\u00edmav\u00e9, jak tato f\u00e1ma vznikla, kdy zpravodajsk\u00fd server iHNed.cz  napsal \u00b4zaru\u010denou\u00b4zpr\u00e1vu, \u017ee prezident kongres nav\u0161t\u00edv\u00ed a p\u0159ednese  projev. V\u0161ichni to pak opisovali a m\u011b zvali do televize a do r\u00e1dia,  abych \u0159ekl pro\u010d. A j\u00e1 jsem v\u0161em odepisoval: \u00b4A jak\u00fd m\u00e1te zdroj?\u00b4 D\u0159\u00edve  se slu\u0161elo m\u00edt aspo\u0148 dva na sob\u011b nez\u00e1visl\u00e9 zdroje. Tady nebyl zdroj  v\u016fbec \u017e\u00e1dn\u00fd- \u00b4jedna pan\u00ed pov\u00eddala\u00b4, \u00b4sd\u011blil nejmenovan\u00fd zdroj bl\u00edzk\u00fd  prezidentovi\u00b4. J\u00e1 jsem p\u0159esv\u011bd\u010den, \u017ee nem\u011bli \u017e\u00e1dn\u00fd zdroj, \u017ee prost\u011b  lhali a cht\u011bli vyprovokovat n\u011bjakou reakci. Takhle se bohu\u017eel dnes d\u011bl\u00e1  \u017eurnalistika,&#8220; povzdechl si prezident\u016fv tajemn\u00edk.<\/p>\n<p>V\u00e1clav Klaus se vzdal \u010destn\u00e9ho p\u0159edsednictv\u00ed ODS na p\u0159edminul\u00e9m  kongresu. Na kongres by nem\u011bl dorazit ani exp\u0159edseda strany Mirek  Topol\u00e1nek.<\/p>\n<p>Zdroj: <a href=\"http:\/\/www.parlamentnilisty.cz\/parlament\/poslanecka-snemovna\/168237.aspx\" target=\"_blank\">Parlamentn\u00ed listy<\/a><\/p>\n","protected":false},"excerpt":{"rendered":"<p>Prezident republiky V\u00e1clav Klaus a b\u00fdval\u00fd \u010destn\u00fd p\u0159edseda a otec zakladatel ODS V\u00e1clav Klaus na kongres strany nedoraz\u00ed.<\/p>\n","protected":false},"author":1,"featured_media":0,"comment_status":"open","ping_status":"open","sticky":false,"template":"","format":"standard","meta":{"ngg_post_thumbnail":0,"footnotes":""},"categories":[11],"tags":[],"class_list":["post-407","post","type-post","status-publish","format-standard","hentry","category-ozvena"],"_links":{"self":[{"href":"https:\/\/www.ladislavjakl.cz\/index.php?rest_route=\/wp\/v2\/posts\/407","targetHints":{"allow":["GET"]}}],"collection":[{"href":"https:\/\/www.ladislavjakl.cz\/index.php?rest_route=\/wp\/v2\/posts"}],"about":[{"href":"https:\/\/www.ladislavjakl.cz\/index.php?rest_route=\/wp\/v2\/types\/post"}],"author":[{"embeddable":true,"href":"https:\/\/www.ladislavjakl.cz\/index.php?rest_route=\/wp\/v2\/users\/1"}],"replies":[{"embeddable":true,"href":"https:\/\/www.ladislavjakl.cz\/index.php?rest_route=%2Fwp%2Fv2%2Fcomments&post=407"}],"version-history":[{"count":1,"href":"https:\/\/www.ladislavjakl.cz\/index.php?rest_route=\/wp\/v2\/posts\/407\/revisions"}],"predecessor-version":[{"id":408,"href":"https:\/\/www.ladislavjakl.cz\/index.php?rest_route=\/wp\/v2\/posts\/407\/revisions\/408"}],"wp:attachment":[{"href":"https:\/\/www.ladislavjakl.cz\/index.php?rest_route=%2Fwp%2Fv2%2Fmedia&parent=407"}],"wp:term":[{"taxonomy":"category","embeddable":true,"href":"https:\/\/www.ladislavjakl.cz\/index.php?rest_route=%2Fwp%2Fv2%2Fcategories&post=407"},{"taxonomy":"post_tag","embeddable":true,"href":"https:\/\/www.ladislavjakl.cz\/index.php?rest_route=%2Fwp%2Fv2%2Ftags&post=407"}],"curies":[{"name":"wp","href":"https:\/\/api.w.org\/{rel}","templated":true}]}}