{"id":4074,"date":"2013-07-24T10:06:04","date_gmt":"2013-07-24T08:06:04","guid":{"rendered":"http:\/\/www.ladislavjakl.cz\/?p=4074"},"modified":"2013-07-24T10:06:04","modified_gmt":"2013-07-24T08:06:04","slug":"kdyz-zatizite-jednu-misku-vah-pohne-se-i-ta-se-kterou-jste-nic-nedelali","status":"publish","type":"post","link":"https:\/\/www.ladislavjakl.cz\/?p=4074","title":{"rendered":"Kdy\u017e zat\u00ed\u017e\u00edte jednu misku vah, pohne se i ta, se kterou jste nic ned\u011blali"},"content":{"rendered":"<p>Rozhovor s\u00a0b\u00fdval\u00fdm tajemn\u00edkem prezidenta republiky V\u00e1clava Klause a\u00a0\u0161\u00e9fem politick\u00e9ho odboru jeho kancel\u00e1\u0159e Ladislavem Jaklem.<\/p>\n<p><!--more--><br \/>\n<strong>P\u0159ekvapil V\u00e1s n\u011b\u010d\u00edm prezident Milo\u0161 Zeman po\u00a0sv\u00e9m n\u00e1stupu do funkce?<\/strong><br \/>\nAni ne. Je st\u00e1le sv\u016fj. Jen ty hlouposti kolem \u00fadajn\u00fdch autor\u016f amnestie  si mohl odpustit, ale to v\u00a0n\u011bm asi na chv\u00edli zv\u00edt\u011bzil populista.<\/p>\n<p><strong>Co rozhodlo o\u00a0Zemanov\u011b kone\u010dn\u00e9m \u00fasp\u011bchu ve volb\u00e1ch?<\/strong><\/p>\n<p>Podle mne byl u\u00a0norm\u00e1ln\u00edch lid\u00ed favoritem od za\u010d\u00e1tku. On jako  osobnost prost\u011b konvenuje \u010desk\u00e9mu voli\u010di daleko p\u0159irozen\u011bji ne\u017e r\u016fzn\u00e9  um\u011ble vytvo\u0159en\u00e9 celebrity.<\/p>\n<p><strong>V\u00a0\u010dem se li\u0161\u00ed Milo\u0161 Zeman od V\u00e1clava Klause, p\u0159edev\u0161\u00edm v\u00a0oblasti konzumace sv\u00fdch pravomoc\u00ed a\u00a0n\u00e1hledu na legitimitu sv\u00fdch krok\u016f?<\/strong><\/p>\n<p>V\u00a0tom nejd\u016fle\u017eit\u011bj\u0161\u00edm. V\u00a0tom, od \u010deho odvozuje sv\u016fj mand\u00e1t. Ti, kter\u00fd  nedomy\u0161len\u011b prosazovali p\u0159\u00edmou volbu, nesly\u0161eli na\u0161e varov\u00e1n\u00ed a\u00a0te\u010f se  div\u00ed. D\u011btinsk\u00fd je argument, \u017ee se p\u0159ece v\u00a0\u00fastav\u011b a\u00a0v kompetenc\u00edch  prezidenta nic nem\u011bn\u00ed, \u017ee se jen zm\u011bnil zp\u016fsob volby. To je stejn\u011b  hloup\u00e9 jako divit se, \u017ee kdy\u017e d\u00e1m na jednu misku vyv\u00e1\u017een\u00fdch l\u00e9k\u00e1rnick\u00fdch  vah z\u00e1va\u017e\u00ed, tak se nepohne jen ta, se kterou jsem n\u011bco ud\u011blal, ale  i\u00a0ta, kter\u00e9 jsem se nedotkl. Zaveden\u00edm p\u0159\u00edm\u00e9 volby se m\u011bn\u00ed v\u0161e, cel\u00e1  rovnov\u00e1ha. Poskytla druh\u00fd zdroj legitimity a\u00a0odebrala parlamentu jeho  dosavadn\u00ed suver\u00e9nn\u00ed postaven\u00ed jedin\u00e9ho reprezentanta v\u016fle lidu. Zeman m\u00e1  naprost\u00e9 pr\u00e1vo sv\u00e9 pravomoci u\u017e\u00edvat. V\u00e1clav Klaus jako prezident  odvozen\u00fd od parlamentu jeho suverenitu respektoval, Zeman nemus\u00ed,  proto\u017ee ta u\u017e neexistuje. Oh\u00e1n\u011bt se t\u00edm, \u017ee \u010dlenov\u00e9 Rusnokovy vl\u00e1dy  nemaj\u00ed \u017e\u00e1dn\u00fd mand\u00e1t, je po\u0161etil\u00e9. Maj\u00ed mand\u00e1t odvozen\u00fd od v\u00fdsledku  prezidentsk\u00fdch voleb. Jak\u00fd mand\u00e1t m\u011bl v\u00a0minul\u00e9 vl\u00e1d\u011b Fiala, Kubice,  Picek? Proti Rusnokov\u00fdm ministr\u016fm nepatrnou. Hysterie Schwarzenberg\u016f  a\u00a0Kalousk\u016f o\u00a0konci demokracie je opravdu hloup\u00e1. Zejm\u00e9na tehdy, kdy\u017e se  o\u00a0d\u016fv\u011b\u0159e je\u0161t\u011b ani nehlasovalo.<\/p>\n<p><strong>M\u011bly se s\u00a0p\u0159\u00edmou volbou upravovat pravomoci prezidenta a\u00a0nebo byl probl\u00e9m u\u017e v\u00a0samotn\u00e9 zm\u011bn\u011b zp\u016fsobu volby?<\/strong><\/p>\n<p>Hlavn\u011b nem\u011bla b\u00fdt p\u0159\u00edm\u00e1 volba v\u016fbec zav\u00e1d\u011bna. A\u00a0kdy\u017e u\u017e, tak jen jako  sou\u010d\u00e1st reformy cel\u00e9 \u00fastavy, a\u00a0to nejen ve v\u011bci prezidentsk\u00fdch  pravomoc\u00ed. Jen\u017ee z\u00a0takov\u00e9 reformy by mohlo povstat v\u00edce \u0161kody ne\u017e  u\u017eitku. Tak\u017ee nejl\u00e9pe by b\u00fdvalo bylo nechat v\u0161e, jak bylo.<\/p>\n<p><strong>\u0158ada koment\u00e1\u0159\u016f na \u00fa\u010det Milo\u0161e Zemana u\u017e se mnohdy vyhnula  jak\u00e9koli racion\u00e1ln\u00ed diskusi a\u00a0sp\u00ed\u0161e p\u0159ipom\u00edn\u00e1 jak\u00e9si protizemanovsk\u00e9  v\u00fad\u00fa po\u00a0\u010desku. Nezast\u00edr\u00e1 to jenom neschopnost se mu \u00fa\u010dinn\u011b politicky  postavit?<\/strong><\/p>\n<p>Je to projev neschopnosti pochopit, \u017ee Zeman nen\u00ed povinen hr\u00e1t podle  jejich not. Je to politick\u00fd soupe\u0159 a\u00a0podle toho se chov\u00e1. Lze se s\u00a0n\u00edm  pot\u00fdkat jen na h\u0159i\u0161ti, ne po\u0159\u00e1d \u017ealovat rozhod\u010d\u00edmu, \u017ee jeho g\u00f3l neplat\u00ed.<\/p>\n<p><strong>Nem\u011blo by se p\u0159es v\u0161echny v\u00fdhrady k\u00a0hlav\u011b st\u00e1tu p\u0159istupovat alespo\u0148 s\u00a0element\u00e1rn\u00ed \u00factou k\u00a0\u00fa\u0159adu jako takov\u00e9mu?<\/strong><\/p>\n<p>No to jist\u011b. A\u00a0nejen k\u00a0prezidentu republiky. Na\u0161e spole\u010dnost je  rozlept\u00e1na eroz\u00ed autorit. A\u00a0z\u00e1sadn\u00ed vinu na tom maj\u00ed nafoukan\u00ed novin\u00e1\u0159i.<\/p>\n<p><strong>Jak\u00fd je kone\u010dn\u00fd c\u00edl, kter\u00fd m\u00e1 Milo\u0161 Zeman p\u0159ed sebou?<\/strong><\/p>\n<p>J\u00e1 mu do hlavy nevid\u00edm. Ale ur\u010dit\u011b to nen\u00ed tak primitivn\u00ed, jako pouh\u00e1  pomoc stran\u011b Zemanovc\u016f. Prost\u011b maximalizuje sv\u016fj politick\u00fd profit.<\/p>\n<p><strong>Jak se d\u00edv\u00e1te na policejn\u00ed z\u00e1sah, kter\u00fd vedl k\u00a0p\u00e1du Ne\u010dasovy  vl\u00e1dy, a\u00a0na pr\u00e1vn\u00ed konstrukci, \u017ee z\u00edsk\u00e1n\u00ed post\u016f ve st\u00e1tn\u00ed spr\u00e1v\u011b v\u00fdm\u011bnou  za slo\u017een\u00ed mand\u00e1t\u016f je korupc\u00ed?<\/strong><\/p>\n<p>Oboj\u00ed je projevem tot\u00e1ln\u00edho vymknut\u00ed se represivn\u00edch slo\u017eek moci  demokratick\u00e9 kontrole. Kdy\u017e \u010dtu ohlasy v\u00a0r\u016fzn\u00fdch internetov\u00fdch  diskus\u00edch, m\u00e1m pocit, \u017ee lid\u00ed volaj\u00ed po\u00a0nacismu. Zvolen\u00e1 politick\u00e1  reprezentace je pro n\u011b \u0161kodnou, nezvolen\u00fd ozbrojen\u00fd policajt  \u010di\u00a0neomezen\u00fd soudce a\u00a0prokur\u00e1tor je pro n\u011b hrdinou.<\/p>\n<p><strong>Nepod\u0159ezali si politici sami pod sebou v\u011btev u\u017e t\u00edm, \u017ee  represivn\u00edm org\u00e1n\u016fm vydali prakticky bianco \u0161ek k\u00a0protikorup\u010dn\u00edmu  ta\u017een\u00ed, a\u00a0zbavili se dobrovoln\u011b jak\u00e9koli kontroly nad po\u010d\u00edn\u00e1n\u00edm policie  a\u00a0st\u00e1tn\u00edho zastupitelstv\u00ed?<\/strong><\/p>\n<p>Jist\u011b. Represivn\u00ed slo\u017eky se nezbavily kontroly vlastn\u00ed silou. To  demokratick\u00e9 instituce na tuto svou kontroln\u00ed moc zcela rezignovaly.<\/p>\n<p><strong>Nelze vn\u00edmat celou akci ne jako izolovanou, ale jako logick\u00e9  pokra\u010dov\u00e1n\u00ed \u010di\u00a0vyvrcholen\u00ed dlouhodob\u00e9 snahy p\u0159inejmen\u0161\u00edm \u010d\u00e1sti  policejn\u011b-justi\u010dn\u00edch slo\u017eek napravovat politiku?<\/strong><\/p>\n<p>J\u00e1 ten vl\u00e1dn\u00ed p\u0159evrat nevid\u00edm v\u016fbec jako na izolovan\u00fd akt. To jen  represivn\u00ed slo\u017eky uk\u00e1zaly svaly. Osahaly sv\u00e9 aktu\u00e1ln\u00ed meze a\u00a0p\u0159\u00ed\u0161t\u011b  i\u00a0tyto meze zbo\u0159\u00ed.<\/p>\n<p><strong>Co by m\u011bla za sou\u010dasn\u00e9 situace pravice d\u011blat, aby ze sou\u010dasn\u00e9  politick\u00e9 situace vy\u0161la s\u00a0co nejm\u00e9n\u011b \u0161r\u00e1my? M\u011bla by podpo\u0159it rozpu\u0161t\u011bn\u00ed  sn\u011bmovny, nebo \u010dekat na dal\u0161\u00ed pokusy sestavit vl\u00e1du?<\/strong><\/p>\n<p>Pravice, to je dnes v\u00a0parlamentu jen ODS, p\u0159i\u00a0v\u0161ech v\u00fdhrad\u00e1ch, kter\u00e9  k\u00a0n\u00ed m\u00e1m. Podle mne je pro ODS Rusnokova vl\u00e1da darem z\u00a0nebe. Pokud si  ODS vyvzdoruje svou vl\u00e1du 101 a\u017e do \u0159\u00e1dn\u00fdch voleb, nedostane se p\u0159\u00ed\u0161t\u011b  v\u016fbec do parlamentu. Nyn\u00ed m\u016f\u017ee socialist\u016fm ukr\u00e1st monopol na opozi\u010dn\u00ed  kartu. Najednou ODS m\u016f\u017ee kritizovat a\u00a0nab\u00edzet alternativu, ne pouze  zubynehty dr\u017eet drol\u00edc\u00ed se moc. Socialist\u00e9 dob\u0159e v\u011bd\u00ed, \u017ee Rusnokova  vl\u00e1da je nebezpe\u010d\u00edm pro n\u011b, ne pro pravici. Ale ODS to po\u0159\u00e1d n\u011bjak  nech\u00e1pe.<\/p>\n<p><strong>Je podle V\u00e1s mo\u017en\u00e9 je\u0161t\u011b pro ODS, kter\u00e1 pomalu za\u010d\u00edn\u00e1  balancovat na prahu volitelnosti, aby se dostala zp\u011bt, a\u00a0za jak\u00fdch  podm\u00ednek?<\/strong><\/p>\n<p>Mo\u017en\u00e9 to snad je. Ale to by musela uchopit tuhle novou p\u0159\u00edle\u017eitost za  pa\u010desy, ne ji od sebe odkop\u00e1vat. A\u00a0vytasit se se svou hlavn\u00ed zbran\u00ed:  s\u00a0ochranou svobody jednotlivce p\u0159ed st\u00e1tn\u00ed ma\u0161in\u00e9ri\u00ed. Ned\u00e1vno jsem n\u011bkde  \u0159ekl, \u017ee jestli m\u00e1 ODS na pr\u00e1ci n\u011bco jin\u00e9ho, pak je tu zbyte\u010dn\u00e1.<\/p>\n<p>Rozhovor vedl <strong>DU\u0160AN \u0160R\u00c1MEK<\/strong><\/p>\n<div><a href=\"http:\/\/www.pravybreh.cz\/author\/ladislavjakl\/\"><\/p>\n<div><img decoding=\"async\" src=\"http:\/\/www.pravybreh.cz\/wp-content\/authors\/ladislavjakl-107.jpg\" alt=\"\" \/><\/div>\n<p><\/a><a href=\"http:\/\/www.pravybreh.cz\/author\/ladislavjakl\/\"><\/a><\/p>\n<div>\n<h4><a href=\"http:\/\/www.pravybreh.cz\/author\/ladislavjakl\/\">Ladislav Jakl<\/a><\/h4>\n<p>V letech 2003 &#8211; 2013 tajemn\u00edk prezidenta republiky V\u00e1clava Klause a \u0161\u00e9f politick\u00e9ho odboru jeho kancel\u00e1\u0159e.<\/p>\n<p><a href=\"http:\/\/www.pravybreh.cz\/2013\/07\/23\/ladislav-jakl-soucasny-stav-je-vysledkem-zavedeni-prime-volby-prezidenta\/\" target=\"_blank\">Zdroj \u010dl\u00e1nku<\/a><\/div>\n<\/div>\n","protected":false},"excerpt":{"rendered":"<p>Rozhovor s\u00a0b\u00fdval\u00fdm tajemn\u00edkem prezidenta republiky V\u00e1clava Klause a\u00a0\u0161\u00e9fem politick\u00e9ho odboru jeho kancel\u00e1\u0159e Ladislavem Jaklem.<\/p>\n","protected":false},"author":1,"featured_media":0,"comment_status":"open","ping_status":"open","sticky":false,"template":"","format":"standard","meta":{"ngg_post_thumbnail":0,"footnotes":""},"categories":[13],"tags":[],"class_list":["post-4074","post","type-post","status-publish","format-standard","hentry","category-rozhovory"],"_links":{"self":[{"href":"https:\/\/www.ladislavjakl.cz\/index.php?rest_route=\/wp\/v2\/posts\/4074","targetHints":{"allow":["GET"]}}],"collection":[{"href":"https:\/\/www.ladislavjakl.cz\/index.php?rest_route=\/wp\/v2\/posts"}],"about":[{"href":"https:\/\/www.ladislavjakl.cz\/index.php?rest_route=\/wp\/v2\/types\/post"}],"author":[{"embeddable":true,"href":"https:\/\/www.ladislavjakl.cz\/index.php?rest_route=\/wp\/v2\/users\/1"}],"replies":[{"embeddable":true,"href":"https:\/\/www.ladislavjakl.cz\/index.php?rest_route=%2Fwp%2Fv2%2Fcomments&post=4074"}],"version-history":[{"count":1,"href":"https:\/\/www.ladislavjakl.cz\/index.php?rest_route=\/wp\/v2\/posts\/4074\/revisions"}],"predecessor-version":[{"id":4075,"href":"https:\/\/www.ladislavjakl.cz\/index.php?rest_route=\/wp\/v2\/posts\/4074\/revisions\/4075"}],"wp:attachment":[{"href":"https:\/\/www.ladislavjakl.cz\/index.php?rest_route=%2Fwp%2Fv2%2Fmedia&parent=4074"}],"wp:term":[{"taxonomy":"category","embeddable":true,"href":"https:\/\/www.ladislavjakl.cz\/index.php?rest_route=%2Fwp%2Fv2%2Fcategories&post=4074"},{"taxonomy":"post_tag","embeddable":true,"href":"https:\/\/www.ladislavjakl.cz\/index.php?rest_route=%2Fwp%2Fv2%2Ftags&post=4074"}],"curies":[{"name":"wp","href":"https:\/\/api.w.org\/{rel}","templated":true}]}}