{"id":4076,"date":"2013-07-26T12:51:02","date_gmt":"2013-07-26T10:51:02","guid":{"rendered":"http:\/\/www.ladislavjakl.cz\/?p=4076"},"modified":"2013-07-26T12:51:02","modified_gmt":"2013-07-26T10:51:02","slug":"klausuv-jakl-ma-pocit-ze-tu-lidi-volaji-po-nacismu-hrdinou-je-pry-dneska-prokurator","status":"publish","type":"post","link":"https:\/\/www.ladislavjakl.cz\/?p=4076","title":{"rendered":"Klaus\u016fv Jakl m\u00e1 pocit, \u017ee tu lidi volaj\u00ed po nacismu. Hrdinou je pr\u00fd dneska prokur\u00e1tor"},"content":{"rendered":"<p>B\u00fdval\u00fd tajemn\u00edk prezidenta V\u00e1clava Klause a \u0161\u00e9f  politick\u00e9ho odboru jeho kancel\u00e1\u0159e Ladislav Jakl v rozhovoru pro Prav\u00fd  b\u0159eh prohl\u00e1sil, \u017ee Milo\u0161 Zeman m\u00e1 pr\u00e1vo jednat tak, jak jedn\u00e1. Rusnokova  vl\u00e1da je pro jedinou parlamentn\u00ed pravicovou stranu ODS velkou  p\u0159\u00edle\u017eitost\u00ed. Zd\u00e1 se v\u0161ak, \u017ee si toho nen\u00ed v\u011bdoma.<\/p>\n<p><!--more--><\/p>\n<div><img loading=\"lazy\" decoding=\"async\" src=\"http:\/\/cms.parlamentnilisty.cz\/image.ashx?w=632&amp;h=307&amp;f=jakl.jpg&amp;id=1929\" alt=\"Klaus\u016fv Jakl m\u00e1 pocit, \u017ee tu lidi volaj\u00ed po nacismu. Hrdinou je pr\u00fd dneska prokur\u00e1tor\" width=\"353\" height=\"171\" \/><\/div>\n<p><small>Foto: <strong>Hans \u0160tembera<\/strong><br \/>\nPopisek: <strong>Tajemn\u00edk prezidenta Ladislav Jakl<\/strong><\/small><\/p>\n<p>Podobn\u00e9 chov\u00e1n\u00ed se u p\u0159\u00edmo zvolen\u00e9ho prezidenta dalo o\u010dek\u00e1vat. Politici  si to m\u011bli uv\u011bdomit d\u0159\u00edv a neschvalovat populisticky p\u0159\u00edmou volbu. \u201eTi,  kte\u0159\u00ed nedomy\u0161len\u011b prosazovali p\u0159\u00edmou volbu, nesly\u0161eli na\u0161e varov\u00e1n\u00ed a  te\u010f se div\u00ed. D\u011btinsk\u00fd je argument, \u017ee se p\u0159ece v \u00dastav\u011b a v kompetenc\u00edch  prezidenta nic nem\u011bn\u00ed, \u017ee se jen zm\u011bnil zp\u016fsob volby&#8230; Zaveden\u00edm p\u0159\u00edm\u00e9  volby se m\u011bn\u00ed v\u0161e, cel\u00e1 rovnov\u00e1ha. Poskytla druh\u00fd zdroj legitimity a  odebrala Parlamentu jeho dosavadn\u00ed suver\u00e9nn\u00ed postaven\u00ed jedin\u00e9ho  reprezentanta v\u016fle lidu,\u201c vysv\u011btluje Jakl.<\/p>\n<p>\u201eZeman m\u00e1 naprost\u00e9 pr\u00e1vo sv\u00e9 pravomoci u\u017e\u00edvat. V\u00e1clav Klaus jako  prezident odvozen\u00fd od Parlamentu jeho suverenitu respektoval, Zeman  nemus\u00ed, proto\u017ee ta u\u017e neexistuje.\u201c Zm\u011bna \u00dastavy, kdy\u017e u\u017e k n\u00ed byla v\u016fle,  m\u011bla b\u00fdt komplexn\u00ed. \u201eHlavn\u011b nem\u011bla b\u00fdt p\u0159\u00edm\u00e1 volba v\u016fbec zav\u00e1d\u011bna.  A\u00a0kdy\u017e u\u017e, tak jen jako sou\u010d\u00e1st reformy cel\u00e9 \u00dastavy, a\u00a0to nejen ve v\u011bci  prezidentsk\u00fdch pravomoc\u00ed. Jen\u017ee z\u00a0takov\u00e9 reformy by mohlo povstat v\u00edce  \u0161kody ne\u017e u\u017eitku. Tak\u017ee nejl\u00e9pe by b\u00fdvalo bylo nechat v\u0161e, jak bylo.\u201c<\/p>\n<h4>M\u00e1 pocit, \u017ee lidi volaj\u00ed po nacismu<\/h4>\n<p>Pravice by ale d\u011bn\u00ed na politick\u00e9 sc\u00e9n\u011b m\u011bla sp\u00ed\u0161e uv\u00edtat. \u201ePravice, to  je dnes v Parlamentu jen ODS, p\u0159i\u00a0v\u0161ech v\u00fdhrad\u00e1ch, kter\u00e9 k\u00a0n\u00ed m\u00e1m. Podle  mne je pro ODS Rusnokova vl\u00e1da darem z\u00a0nebe. Pokud si ODS vyvzdoruje  svou vl\u00e1du &#8218;101&#8216; a\u017e do \u0159\u00e1dn\u00fdch voleb, nedostane se p\u0159\u00ed\u0161t\u011b v\u016fbec do  Parlamentu. Nyn\u00ed m\u016f\u017ee socialist\u016fm ukr\u00e1st monopol na opozi\u010dn\u00ed kartu.  Najednou ODS m\u016f\u017ee kritizovat a\u00a0nab\u00edzet alternativu, ne pouze zuby nehty  dr\u017eet drol\u00edc\u00ed se moc.\u201c<\/p>\n<p>Jakl je p\u0159esv\u011bd\u010den, \u017ee z\u00e1sah policie a jedn\u00e1n\u00ed \u010d\u00e1sti justice  p\u0159edstavuje v\u00e1\u017en\u00fd probl\u00e9m. \u201eOboj\u00ed je projevem tot\u00e1ln\u00edho vymknut\u00ed se  represivn\u00edch slo\u017eek moci demokratick\u00e9 kontrole. Kdy\u017e \u010dtu ohlasy  v\u00a0r\u016fzn\u00fdch internetov\u00fdch diskus\u00edch, m\u00e1m pocit, \u017ee lid\u00e9 volaj\u00ed po\u00a0nacismu.  Zvolen\u00e1 politick\u00e1 reprezentace je pro n\u011b \u0161kodnou, nezvolen\u00fd ozbrojen\u00fd  policajt \u010di\u00a0neomezen\u00fd soudce a\u00a0prokur\u00e1tor je pro n\u011b hrdinou.\u201c<\/p>\n<p><a href=\"http:\/\/www.parlamentnilisty.cz\/arena\/monitor\/Klausuv-Jakl-ma-pocit-ze-tu-lidi-volaji-po-nacismu-Hrdinou-je-pry-dneska-prokurator-279945\" target=\"_blank\">Zdroj<\/a><\/p>\n","protected":false},"excerpt":{"rendered":"<p>B\u00fdval\u00fd tajemn\u00edk prezidenta V\u00e1clava Klause a \u0161\u00e9f politick\u00e9ho odboru jeho kancel\u00e1\u0159e Ladislav Jakl v rozhovoru pro Prav\u00fd b\u0159eh prohl\u00e1sil, \u017ee Milo\u0161 Zeman m\u00e1 pr\u00e1vo jednat tak, jak jedn\u00e1. Rusnokova vl\u00e1da je pro jedinou parlamentn\u00ed pravicovou stranu ODS velkou p\u0159\u00edle\u017eitost\u00ed. Zd\u00e1 se v\u0161ak, \u017ee si toho nen\u00ed v\u011bdoma.<\/p>\n","protected":false},"author":1,"featured_media":0,"comment_status":"open","ping_status":"open","sticky":false,"template":"","format":"standard","meta":{"ngg_post_thumbnail":0,"footnotes":""},"categories":[11],"tags":[],"class_list":["post-4076","post","type-post","status-publish","format-standard","hentry","category-ozvena"],"_links":{"self":[{"href":"https:\/\/www.ladislavjakl.cz\/index.php?rest_route=\/wp\/v2\/posts\/4076","targetHints":{"allow":["GET"]}}],"collection":[{"href":"https:\/\/www.ladislavjakl.cz\/index.php?rest_route=\/wp\/v2\/posts"}],"about":[{"href":"https:\/\/www.ladislavjakl.cz\/index.php?rest_route=\/wp\/v2\/types\/post"}],"author":[{"embeddable":true,"href":"https:\/\/www.ladislavjakl.cz\/index.php?rest_route=\/wp\/v2\/users\/1"}],"replies":[{"embeddable":true,"href":"https:\/\/www.ladislavjakl.cz\/index.php?rest_route=%2Fwp%2Fv2%2Fcomments&post=4076"}],"version-history":[{"count":1,"href":"https:\/\/www.ladislavjakl.cz\/index.php?rest_route=\/wp\/v2\/posts\/4076\/revisions"}],"predecessor-version":[{"id":4077,"href":"https:\/\/www.ladislavjakl.cz\/index.php?rest_route=\/wp\/v2\/posts\/4076\/revisions\/4077"}],"wp:attachment":[{"href":"https:\/\/www.ladislavjakl.cz\/index.php?rest_route=%2Fwp%2Fv2%2Fmedia&parent=4076"}],"wp:term":[{"taxonomy":"category","embeddable":true,"href":"https:\/\/www.ladislavjakl.cz\/index.php?rest_route=%2Fwp%2Fv2%2Fcategories&post=4076"},{"taxonomy":"post_tag","embeddable":true,"href":"https:\/\/www.ladislavjakl.cz\/index.php?rest_route=%2Fwp%2Fv2%2Ftags&post=4076"}],"curies":[{"name":"wp","href":"https:\/\/api.w.org\/{rel}","templated":true}]}}