{"id":4078,"date":"2013-07-26T12:51:51","date_gmt":"2013-07-26T10:51:51","guid":{"rendered":"http:\/\/www.ladislavjakl.cz\/?p=4078"},"modified":"2013-07-26T12:51:51","modified_gmt":"2013-07-26T10:51:51","slug":"budeme-mit-jeste-nekdy-pravicoveho-prezidenta","status":"publish","type":"post","link":"https:\/\/www.ladislavjakl.cz\/?p=4078","title":{"rendered":"Budeme m\u00edt je\u0161t\u011b n\u011bkdy pravicov\u00e9ho prezidenta?"},"content":{"rendered":"<p>To uk\u00e1\u017ee a\u017e \u010das. \u0158ekl bych, \u017ee b\u011bhem obodob\u00ed  prezidentsk\u00fdch voleb byla mo\u017enost si &#8222;n\u011bjak&#8220; vybrat ze dvou kandid\u00e1t\u016f,  pokud tedy bychom opravdu trvali na prezidenta s liber\u00e1ln\u00edmi my\u0161lenkami.  A t\u00edm m\u00e1m na mysli Vladim\u00edra Dlouh\u00e9ho a Ladislava Jakla.<\/p>\n<p><a name=\"t2\"><\/a><!--more-->Vladim\u00edr Dlouh\u00fd m\u011bl  pom\u011brn\u011b liber\u00e1ln\u011b zpracovan\u00fd program, kter\u00fd se mi skoro zamlouval. Sice  si mysl\u00edm, \u017ee si mohl odpustit pas\u00e1\u017ee o nacionalismu, ale celkov\u011b  program byl v souladu s pravicov\u00fdmi my\u0161lenkami. Vzhledem k tomu, \u017ee v  dne\u0161n\u00ed dob\u011b je pravicov\u00fd sm\u011br neust\u00e1le p\u0159ekrucov\u00e1n a vykld\u00e1d\u00e1n tak, jak  se to zrovna hod\u00ed, tak nen\u00ed se p\u0159\u00edli\u0161 dobr\u00e9 up\u00ednat pouze na program.  Nebyl jsem si zcela jist, zda-li by pan Dlouh\u00fd byl jak\u00fdmsi &#8222;n\u00e1stupcem&#8220;  V\u00e1clava Klause. Abych se \u00fapln\u011b nejl\u00e9pe vyj\u00e1d\u0159il, tak si mysl\u00edm, \u017ee by  nebyl takov\u00fdm vytrval\u00fdm euroskeptikem. M\u011bl jsem v\u00e1\u017en\u00e9 pochyby. Nev\u00edm,  ale skoro euroskeptick\u00e9 proslovy na posledn\u00ed chv\u00edli neberu. Ov\u0161em m\u016f\u017ee  to b\u00fdt tak\u00e9 t\u00edm, \u017ee jsem kandid\u00e1ty sledoval j\u00e1 a\u017e na posledn\u00ed chv\u00edli,  tak\u017ee je mo\u017en\u00e9, \u017ee se m\u00fdl\u00edm.<\/p>\n<div>\n<p>U Ladislava Jakla to bylo naopak. Nem\u011bl jsem o n\u011bm pochyby, \u017ee by se  nesna\u017eil prosazovat liber\u00e1ln\u00ed my\u0161lenky. &#8230; Jakl v\u0161ak rad\u011bji cht\u011bl  z\u016fstat sv\u016fj a nep\u0159izp\u016fsobil se podm\u00ednk\u00e1m. Funkce &#8222;prezident \u010cR&#8220; je  nejvy\u0161\u0161\u00ed st\u00e1tn\u00ed funkce, alespo\u0148 se to tak \u0159\u00edk\u00e1, a je to nesm\u00edrn\u011b v\u00e1\u017en\u00e1  v\u011bc. Proto se v\u011bt\u0161inou p\u0159edpokl\u00e1d\u00e1, \u017ee kandid\u00e1t se bude sna\u017eit podle  toho chovat. Pokud je natolik svobodomysln\u00fd \u010dlov\u011bk, tak jako kandid\u00e1t na  prezidenta m\u011bl ze sv\u00e9 svobodomyslnosti slevit a d\u011blat to, co by mu asi  dvakr\u00e1t nebylo p\u0159\u00edjemn\u00e9 &#8211; v podstat\u011b p\u0159etva\u0159ovat se, ztratit kousek sv\u00e9  svobody. To by asi pro n\u011bj byla velk\u00e1 ztr\u00e1ta, tak\u017ee v\u0161echno nechal na  voli\u010d\u00edch &#8211; prost\u011b a\u0165 se sami rozhodnou. Je to samoz\u0159ejm\u011b v po\u0159\u00e1dku, ale  te\u010f u\u017e v\u00edm zcela jist\u011b, \u017ee pro m\u011b &#8230; Jakl jako budouc\u00ed mo\u017en\u00fd prezident  je hol\u00fd nesmysl. Nem\u00e1 pro to p\u0159edpoklady. Pro m\u011b je nemysliteln\u00e9, aby  kandid\u00e1t na prezidenta se ob\u010das choval jako puber\u0165\u00e1k a d\u011blal si  legr\u00e1cky. Ladislava Jakla vybrala Strana svobodn\u00fdch ob\u010dan\u016f, bohu\u017eel si  mysl\u00edm, \u017ee to byla chyba, ale na druhou stranu zdrav\u00e1 a pou\u010dn\u00e1 chyba.  Nen\u00ed to ale v\u0161echno. Podle m\u011b &#8230; Jakl v ur\u010dit\u00e9m slova smyslu je moudr\u00fd  \u010dlov\u011bk a ostatn\u00ed lid\u00e9 se od n\u011bho mohou u\u010dit. Napsal mnoho plnohodnotn\u00fdch  text\u016f a pronesl mnoho pou\u010dn\u00fdch proslov\u016f na konferenc\u00edch apod..<\/p>\n<p>A pro\u010d o nich p\u00ed\u0161i? Proto\u017ee se uch\u00e1zeli o post prezidenta \u010cR, nic jin\u00e9ho v tom nen\u00ed.<\/p>\n<p><a href=\"http:\/\/hlinomaz.blog.idnes.cz\/c\/353363\/Budeme-mit-jeste-nekdy-pravicoveho-prezidenta.html\" target=\"_blank\">Zdroj<\/a><\/div>\n","protected":false},"excerpt":{"rendered":"<p>To uk\u00e1\u017ee a\u017e \u010das. \u0158ekl bych, \u017ee b\u011bhem obodob\u00ed prezidentsk\u00fdch voleb byla mo\u017enost si &#8222;n\u011bjak&#8220; vybrat ze dvou kandid\u00e1t\u016f, pokud tedy bychom opravdu trvali na prezidenta s liber\u00e1ln\u00edmi my\u0161lenkami. A t\u00edm m\u00e1m na mysli Vladim\u00edra Dlouh\u00e9ho a Ladislava Jakla.<\/p>\n","protected":false},"author":1,"featured_media":0,"comment_status":"open","ping_status":"open","sticky":false,"template":"","format":"standard","meta":{"ngg_post_thumbnail":0,"footnotes":""},"categories":[17,11],"tags":[],"class_list":["post-4078","post","type-post","status-publish","format-standard","hentry","category-jakl-president","category-ozvena"],"_links":{"self":[{"href":"https:\/\/www.ladislavjakl.cz\/index.php?rest_route=\/wp\/v2\/posts\/4078","targetHints":{"allow":["GET"]}}],"collection":[{"href":"https:\/\/www.ladislavjakl.cz\/index.php?rest_route=\/wp\/v2\/posts"}],"about":[{"href":"https:\/\/www.ladislavjakl.cz\/index.php?rest_route=\/wp\/v2\/types\/post"}],"author":[{"embeddable":true,"href":"https:\/\/www.ladislavjakl.cz\/index.php?rest_route=\/wp\/v2\/users\/1"}],"replies":[{"embeddable":true,"href":"https:\/\/www.ladislavjakl.cz\/index.php?rest_route=%2Fwp%2Fv2%2Fcomments&post=4078"}],"version-history":[{"count":1,"href":"https:\/\/www.ladislavjakl.cz\/index.php?rest_route=\/wp\/v2\/posts\/4078\/revisions"}],"predecessor-version":[{"id":4079,"href":"https:\/\/www.ladislavjakl.cz\/index.php?rest_route=\/wp\/v2\/posts\/4078\/revisions\/4079"}],"wp:attachment":[{"href":"https:\/\/www.ladislavjakl.cz\/index.php?rest_route=%2Fwp%2Fv2%2Fmedia&parent=4078"}],"wp:term":[{"taxonomy":"category","embeddable":true,"href":"https:\/\/www.ladislavjakl.cz\/index.php?rest_route=%2Fwp%2Fv2%2Fcategories&post=4078"},{"taxonomy":"post_tag","embeddable":true,"href":"https:\/\/www.ladislavjakl.cz\/index.php?rest_route=%2Fwp%2Fv2%2Ftags&post=4078"}],"curies":[{"name":"wp","href":"https:\/\/api.w.org\/{rel}","templated":true}]}}