{"id":4080,"date":"2013-07-26T12:53:31","date_gmt":"2013-07-26T10:53:31","guid":{"rendered":"http:\/\/www.ladislavjakl.cz\/?p=4080"},"modified":"2013-07-26T12:53:31","modified_gmt":"2013-07-26T10:53:31","slug":"lekar-pirk-si-pochvaloval-fischera-jakl-se-zhrozil","status":"publish","type":"post","link":"https:\/\/www.ladislavjakl.cz\/?p=4080","title":{"rendered":"L\u00e9ka\u0159 Pirk si pochvaloval Fischera. Jakl se zhrozil"},"content":{"rendered":"<div><strong>24. \u010dervence 2013, 21:30                                (Aktualizov\u00e1no 24.07.) <\/strong> Praha &#8211; Spolupracovn\u00edk exprezidenta V\u00e1clava Klause Ladislav  Jakl  nev\u011b\u0159il vlastn\u00edm o\u010d\u00edm, kdy\u017e se k n\u011bmu dostala slova uzn\u00e1van\u00e9ho  l\u00e9ka\u0159e  Jana Pirka o Janu Fischerovi a Evropsk\u00e9 unii. Co ho tak udivilo?<\/div>\n<div><\/div>\n<div><!--more--><\/div>\n<div><img loading=\"lazy\" decoding=\"async\" src=\"http:\/\/eurozpravy.cz\/pictures\/photo\/2012\/10\/31\/fischer-6-1351693245-b85af473_660x371.jpg\" alt=\"L\u00e9ka\u0159 Pirk si pochvaloval Fischera. Jakl se zhrozil - anota\u010dn\u00ed foto\" width=\"339\" height=\"190\" \/><\/div>\n<div><\/div>\n<div>\n<p><a id=\"anchorbbtBubble7\">Jan<\/a> Fischer<br \/>\nFOTO:  <a href=\"http:\/\/www.jan-fischer.cz\">jan-fischer.cz <\/a><\/div>\n<div>\n<p>Jan Pirk vedl volebn\u00ed t\u00fdm Jana Fischera v boji o prezidentsk\u00fd post. Po volb\u00e1ch z\u016fstaly milionov\u00e9 <a id=\"anchorbbtBubble63\">dluhy<\/a> a za ty ru\u010dil i Pirk. Jakl kousav\u011b napsal, \u017ee si zajist\u00e9 &#8222;oddychl, \u017ee nep\u0159ijde na buben kv\u016fli dluh\u016fm Jana Fischera.&#8220;<\/p>\n<p>Pirk si pak ned\u00e1vno pochvaloval, \u017ee se Jan Fischer stal ministrem financ\u00ed. &#8222;Jako ministr financ\u00ed <a id=\"anchorbbtBubble100\">m\u016f\u017ee<\/a> vyu\u017e\u00edt svoje osobn\u00ed kontakty z doby, kdy pracoval v Evropsk\u00e9 <a id=\"anchorbbtBubble111\">bance<\/a> pro rozvoj. Jeho konexe mohou b\u00fdt pro \u010ceskou republiku velmi prosp\u011b\u0161n\u00e9, t\u0159eba pokud se t\u00fdk\u00e1 z\u00edsk\u00e1v\u00e1n\u00ed dotac\u00ed z evropsk\u00fdch <a id=\"anchorbbtBubble131\">fond\u016f<\/a> pro \u010ceskou republiku,&#8220; uvedl Pirk pro Parlamentn\u00edListy.cz.<\/p>\n<p>Tato slova Jakla nenechala chladn\u00fdm. &#8222;A pan doktor se p\u0159i jejich  vysloven\u00ed nec\u00edt\u00ed nijak blb\u011b. V\u00ed v\u016fbec, co to vlastn\u011b \u0159ekl? P\u0159elo\u017eme jeho  slova do \u010de\u0161tiny. Evropsk\u00e1 unie je ma\u0161ina, kter\u00e1 n\u00e1sil\u00edm vyb\u00edr\u00e1 <a id=\"anchorbbtBubble172\">pen\u00edze<\/a> od poplatn\u00edk\u016f a pak je rozd\u011bluje podle konex\u00ed. A to je jako dob\u0159e? Tuhle <a id=\"anchorbbtBubble187\">hru<\/a> m\u00e1me hr\u00e1t? <a id=\"anchorbbtBubble190\">Lep\u0161\u00edmi<\/a> konexemi za blaho lidu? Fuj. U\u017e ani korunu do Bruselu,&#8220; napsal.<\/div>\n<div>\n<p>Luk\u00e1\u0161 Henzl, EuroZpr\u00e1vy.cz<\/p><\/div>\n","protected":false},"excerpt":{"rendered":"<p>24. \u010dervence 2013, 21:30 (Aktualizov\u00e1no 24.07.) Praha &#8211; Spolupracovn\u00edk exprezidenta V\u00e1clava Klause Ladislav Jakl nev\u011b\u0159il vlastn\u00edm o\u010d\u00edm, kdy\u017e se k n\u011bmu dostala slova uzn\u00e1van\u00e9ho l\u00e9ka\u0159e Jana Pirka o Janu Fischerovi a Evropsk\u00e9 unii. Co ho tak udivilo?<\/p>\n","protected":false},"author":1,"featured_media":0,"comment_status":"open","ping_status":"open","sticky":false,"template":"","format":"standard","meta":{"ngg_post_thumbnail":0,"footnotes":""},"categories":[11],"tags":[],"class_list":["post-4080","post","type-post","status-publish","format-standard","hentry","category-ozvena"],"_links":{"self":[{"href":"https:\/\/www.ladislavjakl.cz\/index.php?rest_route=\/wp\/v2\/posts\/4080","targetHints":{"allow":["GET"]}}],"collection":[{"href":"https:\/\/www.ladislavjakl.cz\/index.php?rest_route=\/wp\/v2\/posts"}],"about":[{"href":"https:\/\/www.ladislavjakl.cz\/index.php?rest_route=\/wp\/v2\/types\/post"}],"author":[{"embeddable":true,"href":"https:\/\/www.ladislavjakl.cz\/index.php?rest_route=\/wp\/v2\/users\/1"}],"replies":[{"embeddable":true,"href":"https:\/\/www.ladislavjakl.cz\/index.php?rest_route=%2Fwp%2Fv2%2Fcomments&post=4080"}],"version-history":[{"count":1,"href":"https:\/\/www.ladislavjakl.cz\/index.php?rest_route=\/wp\/v2\/posts\/4080\/revisions"}],"predecessor-version":[{"id":4081,"href":"https:\/\/www.ladislavjakl.cz\/index.php?rest_route=\/wp\/v2\/posts\/4080\/revisions\/4081"}],"wp:attachment":[{"href":"https:\/\/www.ladislavjakl.cz\/index.php?rest_route=%2Fwp%2Fv2%2Fmedia&parent=4080"}],"wp:term":[{"taxonomy":"category","embeddable":true,"href":"https:\/\/www.ladislavjakl.cz\/index.php?rest_route=%2Fwp%2Fv2%2Fcategories&post=4080"},{"taxonomy":"post_tag","embeddable":true,"href":"https:\/\/www.ladislavjakl.cz\/index.php?rest_route=%2Fwp%2Fv2%2Ftags&post=4080"}],"curies":[{"name":"wp","href":"https:\/\/api.w.org\/{rel}","templated":true}]}}