{"id":4082,"date":"2013-07-26T12:55:04","date_gmt":"2013-07-26T10:55:04","guid":{"rendered":"http:\/\/www.ladislavjakl.cz\/?p=4082"},"modified":"2013-07-26T14:30:55","modified_gmt":"2013-07-26T12:30:55","slug":"jaklova-folimanka-blues-slavi-20-let","status":"publish","type":"post","link":"https:\/\/www.ladislavjakl.cz\/?p=4082","title":{"rendered":"Jaklova Folimanka Blues slav\u00ed 20 let"},"content":{"rendered":"<p>Praha &#8211; V\u0161ichni p\u0159\u00edznivci bigb\u00edtu jsou zv\u00e1ni 14. 9. 2013 do\u00a0Pal\u00e1ce Akropolis, kde v 18:30 za\u010dne narozeninov\u00fd koncert kapely Folimanka Blues. P\u0159esto\u017ee kapelu postihlo  b\u011bhem jej\u00edho p\u016fsoben\u00ed n\u011bkolik trag\u00e9di\u00ed a z\u00a0p\u016fvodn\u00edho slo\u017een\u00ed z\u016fstal  na\u017eivu jen zakladatel kapely, dok\u00e1zala se v\u017edy vr\u00e1tit a letos oslav\u00ed  dvac\u00e1t\u00e9 narozeniny.<br \/>\n<!--more--><\/p>\n<p><img loading=\"lazy\" decoding=\"async\" class=\"alignnone\" title=\"Folimanka Blues\" src=\"http:\/\/eurozpravy.cz\/pictures\/photo\/2013\/07\/25\/folimanka1-1374746520-4e7557ff_660x371.jpg\" alt=\"\" width=\"403\" height=\"226\" \/><\/p>\n<p><strong>Ladislav Jakl a jeho skupina Folimanka Blues<\/strong><br \/>\nFOTO: Folimanka<\/p>\n<p>Folimanka blues odehr\u00e1la stovky koncert\u016f po cel\u00e9 republice, vystupovala i na Slovensku, v\u00a0Polsku, Rakousku, N\u011bmecku a v\u00a0USA a vydala 4 alba, z\u00a0nich\u017e posledn\u00ed  je Krajina po bitv\u011b z\u00a0roku 2011. Folimanka Blues hraje dramatick\u00e9 p\u00edsn\u011b o  \u017eivot\u011b s \u017eenami a bez nich, ale tak\u00e9 \u201evypalova\u010dky&#8220; o pivu a hospod\u00e1ch.<\/p>\n<p>Kapela vznikla v roce 1993 a jde o \u201eodv\u00e1zan\u00fd bigb\u00edt i po\u0159\u00e1dn\u00e9 drama s kusem historie.  Folimanka blues je kapela velk\u00fdch v\u00e1\u0161n\u00ed i velk\u00e9 srandy, kapela, kter\u00e1  von\u00ed slzami a smrd\u00ed potem,&#8220; uv\u00e1d\u00ed Ladislav Jakl, frontman kapely. Kapelu  v\u00a0pr\u016fb\u011bhu jej\u00edho trv\u00e1n\u00ed opustili \u010dty\u0159i \u010dlenov\u00e9, v\u00a0roce 2005 zem\u0159el  Zden\u011bk Cimmerman, v roce 2006 ode\u0161el hr\u00e1t v\u011b\u010dn\u00e9 nebesk\u00e9 jam-session R\u00ed\u0161a  K\u0159\u00ed\u017e, v roce 2011 se za n\u00edm vydal pianista Robby \u010cern\u00fd a jako posledn\u00ed  zem\u0159el loni v prosinci Honza Chalupsk\u00fd. \u201eJako kapelu n\u00e1s potkalo velk\u00e9  ne\u0161t\u011bst\u00ed, ale proto\u017ee bigb\u00edt mus\u00ed \u017e\u00edt,  pokra\u010dujeme d\u00e1l a letos chceme uk\u00e1zat nov\u00fd sm\u011br na\u0161\u00ed kapely, proto\u017ee  R\u00ed\u0161a K\u0159\u00ed\u017e, Zden\u011bk Cimmerman, Robby \u010cern\u00fd a Honza Chalupsk\u00fd ur\u010dit\u011b shora  kontrolujou, jestli se ti dole nefl\u00e1kaj,&#8220; dod\u00e1v\u00e1 kapeln\u00edk.<\/p>\n<p>Folimanka Blues zahajuje narozeninov\u00fdm koncertem v Pal\u00e1ci Akropolis  novou etapu sv\u00e9ho \u017eivota v mezin\u00e1rodn\u00edm slo\u017een\u00ed: Benny Stopa\u0159 Ben\u00ed\u0161ek  (p), Eugen P\u00e1l Bal\u00e1\u017e (g), Had\u017ei Hrkal (bg), Mirek Lahoda (dr.) a L. Jakl  (voc., g).<\/p>\n<p><a href=\"http:\/\/kultura.eurozpravy.cz\/hudba\/74348-jaklova-folimanka-blues-slavi-20-let\/\" target=\"_blank\">Zdroj<\/a><\/p>\n","protected":false},"excerpt":{"rendered":"<p>Praha &#8211; V\u0161ichni p\u0159\u00edznivci bigb\u00edtu jsou zv\u00e1ni 14. 9. 2013 do\u00a0Pal\u00e1ce Akropolis, kde v 18:30 za\u010dne narozeninov\u00fd koncert kapely Folimanka Blues. P\u0159esto\u017ee kapelu postihlo b\u011bhem jej\u00edho p\u016fsoben\u00ed n\u011bkolik trag\u00e9di\u00ed a z\u00a0p\u016fvodn\u00edho slo\u017een\u00ed z\u016fstal na\u017eivu jen zakladatel kapely, dok\u00e1zala se v\u017edy vr\u00e1tit a letos oslav\u00ed dvac\u00e1t\u00e9 narozeniny.<\/p>\n","protected":false},"author":1,"featured_media":0,"comment_status":"open","ping_status":"open","sticky":false,"template":"","format":"standard","meta":{"ngg_post_thumbnail":0,"footnotes":""},"categories":[4,11],"tags":[],"class_list":["post-4082","post","type-post","status-publish","format-standard","hentry","category-hudba","category-ozvena"],"_links":{"self":[{"href":"https:\/\/www.ladislavjakl.cz\/index.php?rest_route=\/wp\/v2\/posts\/4082","targetHints":{"allow":["GET"]}}],"collection":[{"href":"https:\/\/www.ladislavjakl.cz\/index.php?rest_route=\/wp\/v2\/posts"}],"about":[{"href":"https:\/\/www.ladislavjakl.cz\/index.php?rest_route=\/wp\/v2\/types\/post"}],"author":[{"embeddable":true,"href":"https:\/\/www.ladislavjakl.cz\/index.php?rest_route=\/wp\/v2\/users\/1"}],"replies":[{"embeddable":true,"href":"https:\/\/www.ladislavjakl.cz\/index.php?rest_route=%2Fwp%2Fv2%2Fcomments&post=4082"}],"version-history":[{"count":4,"href":"https:\/\/www.ladislavjakl.cz\/index.php?rest_route=\/wp\/v2\/posts\/4082\/revisions"}],"predecessor-version":[{"id":4091,"href":"https:\/\/www.ladislavjakl.cz\/index.php?rest_route=\/wp\/v2\/posts\/4082\/revisions\/4091"}],"wp:attachment":[{"href":"https:\/\/www.ladislavjakl.cz\/index.php?rest_route=%2Fwp%2Fv2%2Fmedia&parent=4082"}],"wp:term":[{"taxonomy":"category","embeddable":true,"href":"https:\/\/www.ladislavjakl.cz\/index.php?rest_route=%2Fwp%2Fv2%2Fcategories&post=4082"},{"taxonomy":"post_tag","embeddable":true,"href":"https:\/\/www.ladislavjakl.cz\/index.php?rest_route=%2Fwp%2Fv2%2Ftags&post=4082"}],"curies":[{"name":"wp","href":"https:\/\/api.w.org\/{rel}","templated":true}]}}