{"id":409,"date":"2010-06-21T08:44:24","date_gmt":"2010-06-21T07:44:24","guid":{"rendered":"http:\/\/www.ladislavjakl.cz\/?p=409"},"modified":"2010-06-21T08:44:24","modified_gmt":"2010-06-21T07:44:24","slug":"jakl-kontruje-babisovi-znalost-piva-je-kvalifikace","status":"publish","type":"post","link":"https:\/\/www.ladislavjakl.cz\/?p=409","title":{"rendered":"Jakl kontruje Babi\u0161ovi: Znalost piva je kvalifikace"},"content":{"rendered":"<p>Tajemn\u00edk prezidenta  republiky V\u00e1clava Klause Ladislav Jakl poskytl redakci serveru  Parlamentn\u00edListy.cz reakci na ostr\u00e9 vyj\u00e1d\u0159en\u00ed majitele agrochemick\u00e9ho  holdingu Agrofert Andreje Babi\u0161e ohledn\u011b Jaklovy kompetence vyjad\u0159ovat  se k biopaliv\u016fm.<\/p>\n<p><!--more-->\u201eN\u011bkdo, kdo nikdy nepracoval v re\u00e1ln\u00e9 ekonomice a  nebo velkou \u010d\u00e1st \u017eivota v\u011bnuje hlavn\u011b hudb\u011b a pit\u00ed piva, jak s\u00e1m na sv\u00e9m  webu p\u00ed\u0161e, se t\u011b\u017eko m\u016f\u017ee odborn\u011b vyjad\u0159ovat k biopaliv\u016fm. Pan Jakl se  znev\u011brohodnil p\u0159ed zem\u011bd\u011blskou a odbornou ve\u0159ejnost\u00ed. Nevymysleli jsme  nic, jsem \u00fapln\u011b posledn\u00ed v Evrop\u011b, kdo si tov\u00e1rnu na lisov\u00e1n\u00ed \u0159epky  postavil a nedostal jsem na to ani korunu dotace,&#8220; r\u00fdpnul si na iDnes.cz  do prezidentova tajemn\u00edka Babi\u0161.<\/p>\n<p><strong>D\u00edky pivu m\u00e1m znalosti o zem\u011bd\u011blsk\u00e9m byznysu<\/strong><\/p>\n<p>Jakl se ale nedal. \u201eJ\u00e1 m\u00e1m r\u00e1d pivo, dokonce m\u00e1m pocit, \u017ee pivu rozum\u00edm,  p\u00ed\u0161u o pivu, po\u0159\u00e1d\u00e1m ochutn\u00e1vky, degustace, nav\u0161t\u011bvuji pivovary a to mi  mimo jin\u00e9 umo\u017e\u0148uje n\u011bco v\u011bd\u011bt o potravin\u00e1\u0159sk\u00e9m a zem\u011bd\u011blsk\u00e9m byznysu.  Mo\u017en\u00e1, \u017ee m\u00e1 pan Babi\u0161 tedy pravdu. Mo\u017en\u00e1, \u017ee d\u00edky tomu v\u00edm n\u011bco o  p\u011bstov\u00e1n\u00ed je\u010dmene a jin\u00fdch sladov\u00fdch plodin, o p\u011bstov\u00e1n\u00ed chmele a jeho  zpracov\u00e1n\u00ed, o cel\u00e9m tom trhu. Je dobr\u00e9 se zab\u00fdvat pivem. Rozhodn\u011b m\u011b to v  t\u011bchto debat\u00e1ch dost zv\u00fdhod\u0148uje,&#8220; kontroval Jakl pro  Parlamentn\u00edListy.cz.<\/p>\n<p><strong>\u017dlut\u00fd odporn\u00fd benz\u00edn<\/strong><\/p>\n<p>Jakl p\u0159ed \u010dasem v Ot\u00e1zk\u00e1ch V\u00e1clava Moravce h\u00e1jil za prezidentsk\u00e9 veto  p\u011bstov\u00e1n\u00ed \u0159epky na biopaliva. Vyz\u00fdval lidi, aby nev\u011b\u0159ili \u201ezelen\u00fdm  manipul\u00e1tor\u016fm a lobbist\u016fm&#8220;. A za jednoho z nich ozna\u010dil pr\u00e1v\u011b Andreje  Babi\u0161e.<\/p>\n<p>\u201eSrdce poctiv\u00e9ho sedl\u00e1ka mus\u00ed krv\u00e1cet, kdy\u017e m\u00edsto obilovin na chleba  p\u011bstuje ten \u017elut\u00fd, odporn\u00fd benz\u00edn,&#8220; \u0159ekl tehdy Jakl. Zem\u011bd\u011blci podle  Jakla \u0159epku na paliva p\u011bstuj\u00ed jen proto, \u017ee jsou vystaveni n\u00e1tlaku ze  strany zelen\u00fdch manipul\u00e1tor\u016f a lobbist\u016f. \u017dlut\u00e1 pole podle Jakla zamo\u0159ila  \u010deskou krajinu. \u201eTy pen\u00edze n\u011bkde kon\u010d\u00ed. Kon\u010d\u00ed v kaps\u00e1ch lid\u00ed jako je  Andrej Babi\u0161,&#8220; zkritizoval Jakl Babi\u0161e.<\/p>\n<p><strong>Klausovo veto<\/strong><\/p>\n<p>Cel\u00fd spor vzniknul, kdy\u017e prezident Klaus 12. kv\u011btna vetoval novelu  z\u00e1kona o ochran\u011b ovzdu\u0161\u00ed, kter\u00e1 navy\u0161uje pod\u00edl bioslo\u017eky v benzinu a  naft\u011b. Z\u00e1kon po\u017eaduje od 1. \u010dervna nav\u00fd\u0161en\u00ed objemu biopaliv u motorov\u00fdch  benzin\u016f z dosavadn\u00edch 3,5 na 4,1 procenta a u motorov\u00e9 nafty z 4,5 na  \u0161est procent.<\/p>\n<p>Pozitivn\u00ed \u010di negativn\u00ed dopady p\u0159im\u00edch\u00e1v\u00e1n\u00ed bioslo\u017eek do pohonn\u00fdch hmot  nebyly ve sv\u00e9m souhrnu podle\u00a0Klause seri\u00f3zn\u011b zhodnoceny. N\u011bkter\u00e9 studie  dosp\u011bly k z\u00e1v\u011bru, \u017ee p\u0159\u00edrod\u011b \u0161kod\u00ed v\u00edce biopaliva ne\u017e nafta a benz\u00edn a  \u017ee rovn\u011b\u017e mohou \u0161kodit i lidsk\u00e9mu zdrav\u00ed. Podle Klause je sporn\u00fd boj  proti glob\u00e1ln\u00edmu oteplov\u00e1n\u00ed a pouk\u00e1zal na ned\u00e1vn\u00e9 fal\u0161ov\u00e1n\u00ed zpr\u00e1v  klimatick\u00e9ho panelu ICCP.\u00a0Sn\u011bmovna prezidentovo veto nakonec 18. kv\u011btna  p\u0159ehlasovala.<\/p>\n<p><strong>I anal\u00fdza Evropsk\u00e9 komise p\u0159izn\u00e1v\u00e1 \u0161kodlivost biopaliv<\/strong><\/p>\n<p>Biopaliva ze zem\u011bd\u011blsk\u00fdch plodin mohou vytv\u00e1\u0159et a\u017e \u010dty\u0159n\u00e1sobek emis\u00ed  sklen\u00edkov\u00fdch plyn\u016f ne\u017e standardn\u00ed ropn\u00e1 paliva jako benzin a nafta.  Uv\u00e1d\u00ed se to v dokumentu, kter\u00fd musela\u00a0zve\u0159ejnit Evropsk\u00e1 unie pot\u00e9, co  ji k tomu na z\u00e1klad\u011b z\u00e1kona o svobod\u011b informaci donutila agentura  Reuters.<\/p>\n<p>Anal\u00fdza, kterou Evropsk\u00e1 komise neuve\u0159ejnila v ned\u00e1vn\u00e9 souhrnn\u00e9 zpr\u00e1v\u011b o  biopalivech, zji\u0161\u0165uje, \u017ee kv\u016fli bionaft\u011b z evropsk\u00e9 \u0159epky se nep\u0159\u00edmo  uvol\u0148uje do ovzdu\u0161\u00ed 150,3 kilogramu CO2 na jeden gigajoule a u  bioetanolu z evropsk\u00e9 cukrov\u00e9 \u0159epy je to 100,3 kilogramu. To je z\u0159eteln\u011b  v\u00edce ne\u017e emise 85 kilogram\u016f z b\u011b\u017en\u00e9 nafty nebo benzinu.<\/p>\n<p>Zdroj: <a href=\"http:\/\/www.parlamentnilisty.cz\/parlament\/poslanecka-snemovna\/168314.aspx\" target=\"_blank\">Parlamentn\u00ed listy<\/a><\/p>\n","protected":false},"excerpt":{"rendered":"<p>Tajemn\u00edk prezidenta republiky V\u00e1clava Klause Ladislav Jakl poskytl redakci serveru Parlamentn\u00edListy.cz reakci na ostr\u00e9 vyj\u00e1d\u0159en\u00ed majitele agrochemick\u00e9ho holdingu Agrofert Andreje Babi\u0161e ohledn\u011b Jaklovy kompetence vyjad\u0159ovat se k biopaliv\u016fm.<\/p>\n","protected":false},"author":1,"featured_media":0,"comment_status":"open","ping_status":"open","sticky":false,"template":"","format":"standard","meta":{"ngg_post_thumbnail":0,"footnotes":""},"categories":[11],"tags":[],"class_list":["post-409","post","type-post","status-publish","format-standard","hentry","category-ozvena"],"_links":{"self":[{"href":"https:\/\/www.ladislavjakl.cz\/index.php?rest_route=\/wp\/v2\/posts\/409","targetHints":{"allow":["GET"]}}],"collection":[{"href":"https:\/\/www.ladislavjakl.cz\/index.php?rest_route=\/wp\/v2\/posts"}],"about":[{"href":"https:\/\/www.ladislavjakl.cz\/index.php?rest_route=\/wp\/v2\/types\/post"}],"author":[{"embeddable":true,"href":"https:\/\/www.ladislavjakl.cz\/index.php?rest_route=\/wp\/v2\/users\/1"}],"replies":[{"embeddable":true,"href":"https:\/\/www.ladislavjakl.cz\/index.php?rest_route=%2Fwp%2Fv2%2Fcomments&post=409"}],"version-history":[{"count":1,"href":"https:\/\/www.ladislavjakl.cz\/index.php?rest_route=\/wp\/v2\/posts\/409\/revisions"}],"predecessor-version":[{"id":410,"href":"https:\/\/www.ladislavjakl.cz\/index.php?rest_route=\/wp\/v2\/posts\/409\/revisions\/410"}],"wp:attachment":[{"href":"https:\/\/www.ladislavjakl.cz\/index.php?rest_route=%2Fwp%2Fv2%2Fmedia&parent=409"}],"wp:term":[{"taxonomy":"category","embeddable":true,"href":"https:\/\/www.ladislavjakl.cz\/index.php?rest_route=%2Fwp%2Fv2%2Fcategories&post=409"},{"taxonomy":"post_tag","embeddable":true,"href":"https:\/\/www.ladislavjakl.cz\/index.php?rest_route=%2Fwp%2Fv2%2Ftags&post=409"}],"curies":[{"name":"wp","href":"https:\/\/api.w.org\/{rel}","templated":true}]}}