{"id":4092,"date":"2013-07-31T09:50:09","date_gmt":"2013-07-31T07:50:09","guid":{"rendered":"http:\/\/www.ladislavjakl.cz\/?p=4092"},"modified":"2013-07-31T09:50:09","modified_gmt":"2013-07-31T07:50:09","slug":"jakl-jsem-rad-ze-uz-tam-nebydlim","status":"publish","type":"post","link":"https:\/\/www.ladislavjakl.cz\/?p=4092","title":{"rendered":"Jakl: Jsem r\u00e1d, \u017ee u\u017e tam nebydl\u00edm"},"content":{"rendered":"<p><span>Je\u0161t\u011b d\u0159\u00edv ne\u017e v\u016fbec za\u010dal pracovat, \u00bbpod\u0161krtl\u00ab kancl\u00e9\u0159 prezidenta  Milo\u0161e Zemana (68) Vratislav Myn\u00e1\u0159 (46) hned v b\u0159eznu investici milion a  p\u016fl do rekonstrukce sv\u00e9 kancel\u00e1\u0159e. Tut\u00e9\u017e \u010d\u00e1stku z hradn\u00edho rozpo\u010dtu  v\u011bnoval na \u00fapravu bytu o patro n\u00ed\u017e.<\/span><\/p>\n<p><span><!--more--><\/span><\/p>\n<p><span>\u0158emesln\u00edci po Myn\u00e1\u0159ov\u011b n\u00e1stupu b\u011bhem p\u00e1r t\u00fddn\u016f prostory nov\u011b  vymalovali, vym\u011bnili parkety, instalovali modern\u00ed kuchy\u0148 a ud\u011blali novou  koupelnu&#8230; Podobn\u00e9 omlazen\u00ed \u010dekalo i byt, kde p\u016fvodn\u011b \u017eil tajemn\u00edk  exprezidenta V\u00e1clava Klause (72) Ladislav Jakl (53).<br \/>\n<\/span><\/p>\n<p><span>Myn\u00e1\u0159 ale pop\u00edr\u00e1, \u017ee by si tak zaji\u0161\u0165oval luxusn\u00ed bydlen\u00ed. <\/span><span>\u201eM\u00e1m v Praze na J\u00e1nsk\u00e9m vr\u0161ku d\u016fm a byt, nehodl\u00e1m se st\u011bhovat a platit drah\u00fd n\u00e1jem,\u201c<\/span><span> tvrd\u00ed. N\u00e1kladnou kancel\u00e1\u0159 ale nekomentoval.<br \/>\n<\/span><\/p>\n<p><span>To, \u017ee na rekonstrukce osobn\u011b dohl\u00ed\u017e\u00ed, vysv\u011btluje svoj\u00ed pozic\u00ed. <\/span><span>\u201eSamoz\u0159ejm\u011b,  \u017ee jsem oba byty vid\u011bl, ale tak\u00e9 mnoho dal\u0161\u00edch, byl jsem na dal\u0161\u00edch  sedmi m\u00edstech. Spr\u00e1va Pra\u017esk\u00e9ho hradu hospoda\u0159\u00ed p\u0159i rekonstrukc\u00edch  des\u00edtek byt\u016f s rozpo\u010dtem asi 130 milion\u016f a j\u00e1 odpov\u00edd\u00e1m za to, aby byly  vynalo\u017eeny \u00fa\u010deln\u011b,\u201c <\/span><span>vyh\u00fdbav\u011b odpov\u011bd\u011bl kancl\u00e9\u0159.<br \/>\n<\/span><\/p>\n<p><span><span style=\"color: #ff0000;\"><strong>P\u016fvodn\u00ed n\u00e1jemn\u00edk Ladislav Jakl (53): Ten byt to pot\u0159eboval!<\/strong><\/span><br \/>\n<\/span><\/p>\n<p><span>Prostory, kter\u00e9 draze rekonstruoval, zd\u011bdil Myn\u00e1\u0159 po poradci  b\u00fdval\u00e9ho prezidenta Ladislavu Jaklovi. Zeptali jsme se ho, jestli \u00fapravy  byly nutn\u00e9.<br \/>\n<\/span><\/p>\n<p><span><strong>To jste nechal byt v takov\u00e9m stavu, \u017ee byla nutn\u00e1 n\u00e1kladn\u00e1 rekonstrukce?<\/strong><span><br \/>\n<\/span><\/span><\/p>\n<p><span>\u201eMysl\u00edm, \u017ee ka\u017ed\u00fd byt ob\u010das pot\u0159ebuje rekonstrukci. Zvl\u00e1\u0161\u0165,  kdy\u017e jsem p\u0159ed dev\u00edti lety osobn\u011b zarazil za Havla vyprojektovanou  milionovou p\u0159estavbu tohoto bytu.\u201c<br \/>\n<\/span><\/p>\n<p><span><strong>I vy jste jej rekonstruoval?<\/strong><br \/>\n<\/span><\/p>\n<p><span>\u201eP\u0159ed m\u00fdm nast\u011bhov\u00e1n\u00edm neprob\u011bhla z\u00e1sadn\u00ed rekonstrukce, sp\u00ed\u0161  uveden\u00ed do u\u017eivateln\u00e9ho stavu. Byt byl p\u0159ede mnou mnoho let neob\u00fdvan\u00fd.\u201c<br \/>\n<\/span><\/p>\n<p><span><strong>St\u00fdsk\u00e1 se v\u00e1m po n\u011bm?<\/strong><br \/>\n<\/span><\/p>\n<p><span>\u201eJsem velmi r\u00e1d, \u017ee u\u017e tam nebydl\u00edm. Byt to byl docela drah\u00fd a  ne moc praktick\u00fd, hlavn\u011b zcela od\u0159\u00edznut\u00fd od slu\u017eeb. Jeho jedinou v\u00fdhodou  byla krom\u011b v\u00fdhledu bl\u00edzkost do \u00fa\u0159adu, tak\u017ee jsem byl st\u00e1le v  pohotovosti. To ale byla v\u00fdhoda sp\u00ed\u0161e pro pana prezidenta ne\u017e pro mne.\u201c<\/span><\/p>\n<p><span><a href=\"http:\/\/www.ahaonline.cz\/clanek\/musite-vedet\/88887\/pilny-zemanuv-kancler-mynar-3-milonydo-bytu-a-kancelare.html\" target=\"_blank\">Zdroj<\/a><br \/>\n<\/span><\/p>\n<p><span><span style=\"display: block; margin-left: auto; margin-right: auto; width: 430px; height: px;\"><img loading=\"lazy\" decoding=\"async\" title=\"Ladislav Jakl\" src=\"http:\/\/img.ahaonline.cz\/img\/18\/gallery\/1809691_.jpg\" alt=\"Ladislav Jakl\" width=\"376\" height=\"250\" \/><\/span><\/span><\/p>\n","protected":false},"excerpt":{"rendered":"<p>Je\u0161t\u011b d\u0159\u00edv ne\u017e v\u016fbec za\u010dal pracovat, \u00bbpod\u0161krtl\u00ab kancl\u00e9\u0159 prezidenta Milo\u0161e Zemana (68) Vratislav Myn\u00e1\u0159 (46) hned v b\u0159eznu investici milion a p\u016fl do rekonstrukce sv\u00e9 kancel\u00e1\u0159e. Tut\u00e9\u017e \u010d\u00e1stku z hradn\u00edho rozpo\u010dtu v\u011bnoval na \u00fapravu bytu o patro n\u00ed\u017e.<\/p>\n","protected":false},"author":1,"featured_media":0,"comment_status":"open","ping_status":"open","sticky":false,"template":"","format":"standard","meta":{"ngg_post_thumbnail":0,"footnotes":""},"categories":[11],"tags":[],"class_list":["post-4092","post","type-post","status-publish","format-standard","hentry","category-ozvena"],"_links":{"self":[{"href":"https:\/\/www.ladislavjakl.cz\/index.php?rest_route=\/wp\/v2\/posts\/4092","targetHints":{"allow":["GET"]}}],"collection":[{"href":"https:\/\/www.ladislavjakl.cz\/index.php?rest_route=\/wp\/v2\/posts"}],"about":[{"href":"https:\/\/www.ladislavjakl.cz\/index.php?rest_route=\/wp\/v2\/types\/post"}],"author":[{"embeddable":true,"href":"https:\/\/www.ladislavjakl.cz\/index.php?rest_route=\/wp\/v2\/users\/1"}],"replies":[{"embeddable":true,"href":"https:\/\/www.ladislavjakl.cz\/index.php?rest_route=%2Fwp%2Fv2%2Fcomments&post=4092"}],"version-history":[{"count":1,"href":"https:\/\/www.ladislavjakl.cz\/index.php?rest_route=\/wp\/v2\/posts\/4092\/revisions"}],"predecessor-version":[{"id":4093,"href":"https:\/\/www.ladislavjakl.cz\/index.php?rest_route=\/wp\/v2\/posts\/4092\/revisions\/4093"}],"wp:attachment":[{"href":"https:\/\/www.ladislavjakl.cz\/index.php?rest_route=%2Fwp%2Fv2%2Fmedia&parent=4092"}],"wp:term":[{"taxonomy":"category","embeddable":true,"href":"https:\/\/www.ladislavjakl.cz\/index.php?rest_route=%2Fwp%2Fv2%2Fcategories&post=4092"},{"taxonomy":"post_tag","embeddable":true,"href":"https:\/\/www.ladislavjakl.cz\/index.php?rest_route=%2Fwp%2Fv2%2Ftags&post=4092"}],"curies":[{"name":"wp","href":"https:\/\/api.w.org\/{rel}","templated":true}]}}