{"id":4103,"date":"2013-08-01T14:38:55","date_gmt":"2013-08-01T12:38:55","guid":{"rendered":"http:\/\/www.ladislavjakl.cz\/?p=4103"},"modified":"2013-08-01T14:38:55","modified_gmt":"2013-08-01T12:38:55","slug":"prokuratorka-bradacova-je-neutralni-spravedlnost-je-ji-lhostejna","status":"publish","type":"post","link":"https:\/\/www.ladislavjakl.cz\/?p=4103","title":{"rendered":"Prokur\u00e1torka Brad\u00e1\u010dov\u00e1 je neutr\u00e1ln\u00ed, spravedlnost je j\u00ed lhostejn\u00e1"},"content":{"rendered":"<p>Pan\u00ed Lenka Brad\u00e1\u010dov\u00e1 dostala k\u00a0prvn\u00edmu v\u00fdro\u010d\u00ed n\u00e1stupu do funkce \u0161\u00e9fky vrchn\u00edho st\u00e1tn\u00edho zastupitelstv\u00ed hezk\u00fd d\u00e1rek: rozhovor v\u00a0televizi, p\u0159esn\u011bji v\u00a0po\u0159adu Ud\u00e1losti, koment\u00e1\u0159e \u010cesk\u00e9 televize. A tam dostala ot\u00e1zku, co \u0159\u00edk\u00e1 vln\u011b negativn\u00edch ohlas\u016f na pr\u00e1ci st\u00e1tn\u00edch z\u00e1stupc\u016f p\u0159i svr\u017een\u00ed Ne\u010dasovy vl\u00e1dy. <!--more--><\/p>\n<p>Vrchn\u00ed prokur\u00e1torka odv\u011btila, \u017ee u lid\u00ed, kte\u0159\u00ed nejsou hodnotov\u011b neutr\u00e1ln\u00ed, ji to nep\u0159ekvapuje a bere to jako jistou sou\u010d\u00e1st sebeobhajoby, zat\u00edmco u lid\u00ed hodnotov\u011b neutr\u00e1ln\u00edch ji to mrz\u00ed, proto\u017ee ti by pr\u00fd m\u011bli b\u00fdt objektivn\u011bj\u0161\u00ed. Redaktor Veselovsk\u00fd ani nemrkl a dokonce po n\u00ed obrat \u201ehodnotov\u011b neutr\u00e1ln\u00ed\u201c zopakoval. Pat\u0159\u00edm mezi lidi, kte\u0159\u00ed docela zamrkali, proto\u017ee u\u017e\u00edvat obrat \u201ehodnotov\u011b neutr\u00e1ln\u00ed\u201c v\u00a0t\u00e9to souvislosti je p\u0159inejmen\u0161\u00edm projevem popletenosti, mo\u017en\u00e1 ale sp\u00ed\u0161e dokonal\u00e9ho chaosu v\u00a0hlav\u011b a asi i v\u00a0hodnot\u00e1ch.<\/p>\n<p>Mo\u017en\u00e1 cht\u011bla \u0159\u00edci prost\u011b \u201enezainteresovan\u00fd\u201c. Nebo \u201ez\u00e1jmov\u011b neutr\u00e1ln\u00ed.\u201c Nebo jednodu\u0161e jen \u201eneutr\u00e1ln\u00ed v\u00a0t\u00e9to kauze\u201c. Jen\u017ee kdesi zaslechla, \u017ee existuje obrat \u201ehodnotov\u011b neutr\u00e1ln\u00ed\u201c, cht\u011bla vypadat sofistikovan\u011b, a tak ho pou\u017eila v\u00a0\u00fapln\u011b nesmysln\u00e9 souvislosti.<\/p>\n<p>\u010clov\u011bk b\u00fdt hodnotov\u011b neutr\u00e1ln\u00ed nem\u016f\u017ee. P\u0159inejmen\u0161\u00edm m\u00e1 vztah k\u00a0hodnot\u011b z\u00e1sadn\u00ed, ke sv\u00e9mu \u017eivotu. To plat\u00ed i o sebevraz\u00edch, proto\u017ee ti maj\u00ed ke sv\u00e9mu \u017eivotu vztah negativn\u00ed, nikoli neutr\u00e1ln\u00ed. S\u00a0jistou nads\u00e1zkou bychom mohli za \u201ehodnotov\u011b neutr\u00e1ln\u00edho\u201c pova\u017eovat \u010dlov\u011bka lhostejn\u00e9ho k\u00a0z\u00e1kladn\u00edm spole\u010densk\u00fdm hodnot\u00e1m, jako je vlastenectv\u00ed, altruismus, l\u00e1ska, vztah k\u00a0rodin\u011b, empatie, p\u0159\u00e1telstv\u00ed, tradice, svoboda, lidsk\u00e1 d\u016fstojnost. Ale pro tyhle lidi sp\u00ed\u0161e pou\u017eijeme prost\u011b ozna\u010den\u00ed \u201elhostejn\u00fd\u201c.<\/p>\n<p>Hodnotov\u011b neutr\u00e1ln\u00ed zato mohou b\u00fdt v\u00fdroky. Jsou to v\u00fdroky, kter\u00e9 pouze popisuj\u00ed dan\u00fd stav, tedy v\u00fdroky deskriptivn\u00ed, pan\u00ed doktorka by asi rozum\u011bla slovu \u201epozitivn\u00ed\u201c.\u00a0 Zat\u00edmco v\u00fdroky, kter\u00e9 nejsou hodnotov\u011b neutr\u00e1ln\u00ed, ty n\u011bco hodnot\u00ed. Jsou to v\u00fdroky normativn\u00ed. Hodnotov\u011b neutr\u00e1ln\u00ed v\u00fdrok \u0159\u00edk\u00e1, \u017ee n\u011bco je, v\u00fdrok normativn\u00ed \u0159\u00edk\u00e1, \u017ee by n\u011bco m\u011blo b\u00fdt, pop\u0159\u00edpad\u011b zda to, co je, je dobr\u00e9 \u010di \u0161patn\u00e9. Osobn\u011b m\u011b hodn\u011b \u0161tve sm\u011b\u0161ov\u00e1n\u00ed deskriptivn\u00edch a normativn\u00edch v\u00fdrok\u016f. Mockr\u00e1t se mi stalo, \u017ee jsem konstatoval, jak se jist\u00e1 v\u011bc m\u00e1 tak a tak. A oponenti mi podsouvali, \u017ee se mi popsan\u00fd stav v\u011bci l\u00edb\u00ed.<\/p>\n<p>Je vid\u011bt, \u017ee obrat \u201ehodnotov\u011b neutr\u00e1ln\u00ed\u201c m\u00e1 hodn\u011b daleko k\u00a0tomu, co pan\u00ed Brad\u00e1\u010dov\u00e1 cht\u011bla \u0159\u00edct. Mo\u017en\u00e1 si mysl\u00edte, \u017ee jde o prkotinu. Podle m\u00e9ho siln\u00e9ho p\u0159esv\u011bd\u010den\u00ed to ale prkotina nen\u00ed. Podle mne by \u010dlov\u011bka, kter\u00fd m\u00e1 takov\u00fd chaos v\u00a0pojmech, nem\u011bli v\u016fbec vz\u00edt na vysokou \u0161kolu humanitn\u00edho sm\u011bru, nato\u017e ho nechat absolvovat, nato\u017e ho ud\u011blat st\u00e1tn\u00edm z\u00e1stupcem, nato\u017e z\u00a0n\u011bj ud\u011blat vysok\u00e9ho funkcion\u00e1\u0159e zastupitelstv\u00ed. Takov\u00fd chaos v\u00a0pojmech toti\u017e nazna\u010duje i chaos v\u00a0hodnot\u00e1ch. Kdov\u00ed, jak\u00fd m\u00e1 pan\u00ed Brad\u00e1\u010dov\u00e1 vztah t\u0159eba k\u00a0lidsk\u00e9 d\u016fstojnosti a spravedlnosti.<\/p>\n<p>P\u0159ed jedenap\u016flrokem za velk\u00e9ho medi\u00e1ln\u00edho oh\u0148ostroje nechala zab\u00e1snout hejtmana Ratha. Nejsem \u017e\u00e1dn\u00fd Rath\u016fv fanda a tak jsem automaticky p\u0159edpokl\u00e1dal, \u017ee past nechali sklapnout ve chv\u00edli, kdy u\u017e toho na n\u011bj prokazateln\u011b m\u011bli hromadu. Jen\u017ee v\u0161e nasv\u011bd\u010duje, \u017ee nem\u011bli. Jinak by ho tak dlouho bez soudu nedr\u017eeli ve vazb\u011b. \u0158\u00edkaj\u00ed, \u017ee ho zat\u00edm nemohou postavit p\u0159ed soud, proto\u017ee je\u0161t\u011b nemaj\u00ed dost d\u016fkaz\u016f. A to jich p\u0159ed jedenap\u016frokem m\u011bli dost k\u00a0tomu, aby ho s\u00a0velkou par\u00e1dou zav\u0159eli? Bu\u010f jich m\u011bli dost, a pak u\u017e m\u011bl m\u00edt Rath aspo\u0148 rok po \u0159\u00e1dn\u00e9m soudu, nebo nem\u011bli, musej\u00ed vy\u0161et\u0159ovat d\u00e1l a d\u00e1l, ale pak ho nem\u011bli n\u00e1rok loni zav\u00edrat.<\/p>\n<p>Ne, podle mne pan\u00ed Brad\u00e1\u010dov\u00e1 nem\u00e1 \u00factu ke spravedlnosti a lidsk\u00e9 d\u016fstojnosti. A to v\u016fbec ne\u0159\u00edk\u00e1m jako v\u00fdrok hodnotov\u011b neutr\u00e1ln\u00ed.<\/p>\n","protected":false},"excerpt":{"rendered":"<p>Pan\u00ed Lenka Brad\u00e1\u010dov\u00e1 dostala k\u00a0prvn\u00edmu v\u00fdro\u010d\u00ed n\u00e1stupu do funkce \u0161\u00e9fky vrchn\u00edho st\u00e1tn\u00edho zastupitelstv\u00ed hezk\u00fd d\u00e1rek: rozhovor v\u00a0televizi, p\u0159esn\u011bji v\u00a0po\u0159adu Ud\u00e1losti, koment\u00e1\u0159e \u010cesk\u00e9 televize. A tam dostala ot\u00e1zku, co \u0159\u00edk\u00e1 vln\u011b negativn\u00edch ohlas\u016f na pr\u00e1ci st\u00e1tn\u00edch z\u00e1stupc\u016f p\u0159i svr\u017een\u00ed Ne\u010dasovy vl\u00e1dy.<\/p>\n","protected":false},"author":1,"featured_media":0,"comment_status":"open","ping_status":"open","sticky":false,"template":"","format":"standard","meta":{"ngg_post_thumbnail":0,"footnotes":""},"categories":[18],"tags":[],"class_list":["post-4103","post","type-post","status-publish","format-standard","hentry","category-postrehy"],"_links":{"self":[{"href":"https:\/\/www.ladislavjakl.cz\/index.php?rest_route=\/wp\/v2\/posts\/4103","targetHints":{"allow":["GET"]}}],"collection":[{"href":"https:\/\/www.ladislavjakl.cz\/index.php?rest_route=\/wp\/v2\/posts"}],"about":[{"href":"https:\/\/www.ladislavjakl.cz\/index.php?rest_route=\/wp\/v2\/types\/post"}],"author":[{"embeddable":true,"href":"https:\/\/www.ladislavjakl.cz\/index.php?rest_route=\/wp\/v2\/users\/1"}],"replies":[{"embeddable":true,"href":"https:\/\/www.ladislavjakl.cz\/index.php?rest_route=%2Fwp%2Fv2%2Fcomments&post=4103"}],"version-history":[{"count":1,"href":"https:\/\/www.ladislavjakl.cz\/index.php?rest_route=\/wp\/v2\/posts\/4103\/revisions"}],"predecessor-version":[{"id":4104,"href":"https:\/\/www.ladislavjakl.cz\/index.php?rest_route=\/wp\/v2\/posts\/4103\/revisions\/4104"}],"wp:attachment":[{"href":"https:\/\/www.ladislavjakl.cz\/index.php?rest_route=%2Fwp%2Fv2%2Fmedia&parent=4103"}],"wp:term":[{"taxonomy":"category","embeddable":true,"href":"https:\/\/www.ladislavjakl.cz\/index.php?rest_route=%2Fwp%2Fv2%2Fcategories&post=4103"},{"taxonomy":"post_tag","embeddable":true,"href":"https:\/\/www.ladislavjakl.cz\/index.php?rest_route=%2Fwp%2Fv2%2Ftags&post=4103"}],"curies":[{"name":"wp","href":"https:\/\/api.w.org\/{rel}","templated":true}]}}