{"id":4105,"date":"2013-08-05T11:54:03","date_gmt":"2013-08-05T09:54:03","guid":{"rendered":"http:\/\/www.ladislavjakl.cz\/?p=4105"},"modified":"2013-08-05T12:01:38","modified_gmt":"2013-08-05T10:01:38","slug":"klausuv-jakl-setrel-lenku-bradacovou-mimo-jine-za-ratha","status":"publish","type":"post","link":"https:\/\/www.ladislavjakl.cz\/?p=4105","title":{"rendered":"Klaus\u016fv Jakl set\u0159el Lenku Brad\u00e1\u010dovou. Mimo jin\u00e9 za Ratha"},"content":{"rendered":"<p>Poradce b\u00fdval\u00e9ho prezidenta V\u00e1clava Klause Ladislav Jakl  sledoval TV a v n\u00ed rozhovor vrchn\u00ed z\u00e1stupkyn\u011b Lenky Brad\u00e1\u010dov\u00e9. Zarazilo  ho, jak myln\u011b pou\u017e\u00edv\u00e1 term\u00edn \u201ehodnotov\u011b neutr\u00e1ln\u00ed\u201c. Z kontextu, jak jej  pou\u017e\u00edv\u00e1, usuzuje, \u017ee pan\u00ed Brad\u00e1\u010dov\u00e1 nem\u00e1 \u00factu ke spravedlnosti a lidsk\u00e9  d\u016fstojnosti.<\/p>\n<p><!--more--><strong><br \/>\n<\/strong><\/p>\n<div><img loading=\"lazy\" decoding=\"async\" src=\"http:\/\/cms.parlamentnilisty.cz\/image.ashx?w=632&amp;h=307&amp;f=bradacova-634794409781184058.jpg&amp;id=6494\" alt=\"Klaus\u016fv Jakl set\u0159el Lenku Brad\u00e1\u010dovou. Mimo jin\u00e9 za Ratha\" width=\"297\" height=\"144\" \/><\/div>\n<p><small>Foto: <strong>Hans \u0160tembera<\/strong><br \/>\nPopisek: <strong>Lenka Brad\u00e1\u010dov\u00e1<\/strong><\/small><\/p>\n<p>Ladislav Jakl zve\u0159ejnil sv\u016fj koment\u00e1\u0159 na serveru Prvn\u00edzpr\u00e1vy.cz a jak  ji\u017e bylo \u0159e\u010deno, napsal jej v\u00a0reakci na po\u0159ad Ud\u00e1losti v\u00a0\u010cT. Tam Lenka  Brad\u00e1\u010dov\u00e1 na ot\u00e1zku, co \u0159\u00edk\u00e1 vln\u011b negativn\u00edch ohlas\u016f na pr\u00e1ci st\u00e1tn\u00edch  z\u00e1stupc\u016f p\u0159i svr\u017een\u00ed Ne\u010dasovy vl\u00e1dy, pr\u00fd odv\u011btila, \u017ee u lid\u00ed, kte\u0159\u00ed  nejsou hodnotov\u011b neutr\u00e1ln\u00ed, ji to nep\u0159ekvapuje a bere to jako jistou  sou\u010d\u00e1st sebeobhajoby, zat\u00edmco u lid\u00ed hodnotov\u011b neutr\u00e1ln\u00edch ji to mrz\u00ed,  proto\u017ee ti by pr\u00fd m\u011bli b\u00fdt objektivn\u011bj\u0161\u00ed.<\/p>\n<p>Jen\u017ee Ladislava Jakla odpov\u011b\u010f s\u00a0pou\u017eit\u00fdm pojmem zasko\u010dila. \u201ePat\u0159\u00edm mezi  lidi, kte\u0159\u00ed docela zamrkali, proto\u017ee u\u017e\u00edvat obrat &#8218;hodnotov\u011b neutr\u00e1ln\u00ed&#8216;  v t\u00e9to souvislosti je p\u0159inejmen\u0161\u00edm projevem popletenosti, mo\u017en\u00e1 ale  sp\u00ed\u0161e dokonal\u00e9ho chaosu v hlav\u011b a asi i v\u00a0hodnot\u00e1ch,\u201c mysl\u00ed si n\u011bkdej\u0161\u00ed  tajemn\u00edk prezidenta Klause.<\/p>\n<p><em><strong>Cel\u00fd koment\u00e1\u0159 Ladislava Jakla <a href=\"http:\/\/www.prvnizpravy.cz\/sloupky\/bradacova-je-neutralni-spravedlnost-je-ji-lhostejna\/\">ZDE<\/a><\/strong><\/em><\/p>\n<p>Jakl d\u00e1le uv\u00e1d\u00ed, \u017ee mo\u017en\u00e1 cht\u011bla \u0159\u00edct \u201enezainteresovan\u00fd\u201c nebo \u201ez\u00e1jmov\u011b  neutr\u00e1ln\u00ed\u201c. \u00a0Nebo podle koment\u00e1tora snad jednodu\u0161e jen \u201eneutr\u00e1ln\u00ed v t\u00e9to  kauze\u201c. \u201eJen\u017ee kdesi zaslechla, \u017ee existuje obrat &#8218;hodnotov\u011b  neutr\u00e1ln\u00ed&#8216;, cht\u011bla vypadat sofistikovan\u011b, a tak ho pou\u017eila v \u00fapln\u011b  nesmysln\u00e9 souvislosti.\u201c<\/p>\n<p>Ladislav Jakl d\u00e1le vysv\u011btluje, \u017ee \u010dlov\u011bk b\u00fdt hodnotov\u011b neutr\u00e1ln\u00ed  nem\u016f\u017ee. P\u0159inejmen\u0161\u00edm m\u00e1 pr\u00fd vztah k hodnot\u011b z\u00e1sadn\u00ed, ke sv\u00e9mu \u017eivotu. S  jistou nads\u00e1zkou bychom pr\u00fd mohli za \u201ehodnotov\u011b neutr\u00e1ln\u00edho\u201c pova\u017eovat  \u010dlov\u011bka lhostejn\u00e9ho k z\u00e1kladn\u00edm spole\u010densk\u00fdm hodnot\u00e1m, jako je  vlastenectv\u00ed, altruismus, l\u00e1ska, vztah k rodin\u011b, empatie, p\u0159\u00e1telstv\u00ed,  tradice, svoboda, lidsk\u00e1 d\u016fstojnost. \u201eAle pro tyhle lidi sp\u00ed\u0161e pou\u017eijeme  prost\u011b ozna\u010den\u00ed &#8218;lhostejn\u00fd&#8216;,\u201c uv\u00e1d\u00ed Jakl.<\/p>\n<h4>Pokud nen\u00ed proti Rathovi dost d\u016fkaz\u016f, nem\u011bl b\u00fdt zat\u010den<\/h4>\n<p>To, \u017ee Lenka Brad\u00e1\u010dov\u00e1 pou\u017eila nevhodn\u011b obrat \u201ehodnotov\u011b neutr\u00e1ln\u00ed\u201c,  nen\u00ed podle Jakla prkotina. \u201ePodle mne by \u010dlov\u011bka, kter\u00fd m\u00e1 takov\u00fd chaos v  pojmech, nem\u011bli v\u016fbec vz\u00edt na vysokou \u0161kolu humanitn\u00edho sm\u011bru, nato\u017e ho  nechat absolvovat, nato\u017e ho ud\u011blat st\u00e1tn\u00edm z\u00e1stupcem, nato\u017e z n\u011bj  ud\u011blat vysok\u00e9ho funkcion\u00e1\u0159e zastupitelstv\u00ed. Takov\u00fd chaos v pojmech toti\u017e  nazna\u010duje i chaos v hodnot\u00e1ch. Kdov\u00ed, jak\u00fd m\u00e1 pan\u00ed Brad\u00e1\u010dov\u00e1 vztah  t\u0159eba k lidsk\u00e9 d\u016fstojnosti a spravedlnosti,\u201c p\u00ed\u0161e Jakl v\u00a0koment\u00e1\u0159i.<\/p>\n<p>Jakl p\u0159ipom\u00edn\u00e1 zat\u010den\u00ed Davida Ratha, kter\u00e9 podle n\u011bj prob\u011bhlo s\u00a0velk\u00fdm  medi\u00e1ln\u00edm oh\u0148ostrojem, a to u\u017e p\u0159ed rokem a p\u016fl. Jakl je rozho\u0159\u010den t\u00edm,  \u017ee ani po tak dlouh\u00e9 dob\u011b nedo\u0161lo k\u00a0soudu. Podle n\u011bj v\u0161e nazna\u010duje, \u017ee  ani p\u0159i zat\u010den\u00ed, ani nyn\u00ed, nemaj\u00ed dost d\u016fkaz\u016f. \u00a0\u201eBu\u010f jich m\u011bli dost, a  pak u\u017e m\u011bl m\u00edt Rath aspo\u0148 rok po \u0159\u00e1dn\u00e9m soudu, nebo nem\u011bli, musej\u00ed  vy\u0161et\u0159ovat d\u00e1l a d\u00e1l, ale pak ho nem\u011bli n\u00e1rok loni zav\u00edrat,\u201c p\u00ed\u0161e Jakl.<\/p>\n<p>\u201eNe, podle mne pan\u00ed Brad\u00e1\u010dov\u00e1 nem\u00e1 \u00factu ke spravedlnosti a lidsk\u00e9  d\u016fstojnosti. A to v\u016fbec ne\u0159\u00edk\u00e1m jako v\u00fdrok hodnotov\u011b neutr\u00e1ln\u00ed,\u201c uzav\u00edr\u00e1  Jakl sv\u016fj koment\u00e1\u0159.<\/p>\n<p><a href=\"http:\/\/www.parlamentnilisty.cz\/arena\/monitor\/Klausuv-Jakl-setrel-Lenku-Bradacovou-Mimo-jine-za-Ratha-280790\" target=\"_blank\">Zdroj<\/a><\/p>\n","protected":false},"excerpt":{"rendered":"<p>Poradce b\u00fdval\u00e9ho prezidenta V\u00e1clava Klause Ladislav Jakl sledoval TV a v n\u00ed rozhovor vrchn\u00ed z\u00e1stupkyn\u011b Lenky Brad\u00e1\u010dov\u00e9. Zarazilo ho, jak myln\u011b pou\u017e\u00edv\u00e1 term\u00edn \u201ehodnotov\u011b neutr\u00e1ln\u00ed\u201c. Z kontextu, jak jej pou\u017e\u00edv\u00e1, usuzuje, \u017ee pan\u00ed Brad\u00e1\u010dov\u00e1 nem\u00e1 \u00factu ke spravedlnosti a lidsk\u00e9 d\u016fstojnosti.<\/p>\n","protected":false},"author":1,"featured_media":0,"comment_status":"open","ping_status":"open","sticky":false,"template":"","format":"standard","meta":{"ngg_post_thumbnail":0,"footnotes":""},"categories":[11],"tags":[],"class_list":["post-4105","post","type-post","status-publish","format-standard","hentry","category-ozvena"],"_links":{"self":[{"href":"https:\/\/www.ladislavjakl.cz\/index.php?rest_route=\/wp\/v2\/posts\/4105","targetHints":{"allow":["GET"]}}],"collection":[{"href":"https:\/\/www.ladislavjakl.cz\/index.php?rest_route=\/wp\/v2\/posts"}],"about":[{"href":"https:\/\/www.ladislavjakl.cz\/index.php?rest_route=\/wp\/v2\/types\/post"}],"author":[{"embeddable":true,"href":"https:\/\/www.ladislavjakl.cz\/index.php?rest_route=\/wp\/v2\/users\/1"}],"replies":[{"embeddable":true,"href":"https:\/\/www.ladislavjakl.cz\/index.php?rest_route=%2Fwp%2Fv2%2Fcomments&post=4105"}],"version-history":[{"count":3,"href":"https:\/\/www.ladislavjakl.cz\/index.php?rest_route=\/wp\/v2\/posts\/4105\/revisions"}],"predecessor-version":[{"id":4107,"href":"https:\/\/www.ladislavjakl.cz\/index.php?rest_route=\/wp\/v2\/posts\/4105\/revisions\/4107"}],"wp:attachment":[{"href":"https:\/\/www.ladislavjakl.cz\/index.php?rest_route=%2Fwp%2Fv2%2Fmedia&parent=4105"}],"wp:term":[{"taxonomy":"category","embeddable":true,"href":"https:\/\/www.ladislavjakl.cz\/index.php?rest_route=%2Fwp%2Fv2%2Fcategories&post=4105"},{"taxonomy":"post_tag","embeddable":true,"href":"https:\/\/www.ladislavjakl.cz\/index.php?rest_route=%2Fwp%2Fv2%2Ftags&post=4105"}],"curies":[{"name":"wp","href":"https:\/\/api.w.org\/{rel}","templated":true}]}}