{"id":4108,"date":"2013-08-05T11:58:12","date_gmt":"2013-08-05T09:58:12","guid":{"rendered":"http:\/\/www.ladislavjakl.cz\/?p=4108"},"modified":"2013-08-05T12:01:18","modified_gmt":"2013-08-05T10:01:18","slug":"klausuv-jakl-teple-pivo-pro-gaye-staropramen-nebude-cechum-chutnat","status":"publish","type":"post","link":"https:\/\/www.ladislavjakl.cz\/?p=4108","title":{"rendered":"Klaus\u016fv Jakl: Tepl\u00e9 pivo pro gaye Staropramen nebude \u010cech\u016fm chutnat"},"content":{"rendered":"<p>Exprezidentu V\u00e1clavu Klausovi bl\u00edzk\u00e1 Akce D.O.S.T.  vyzvala k bojkotu piva Staropramen, proto\u017ee tento pivovar podporuje  Prague Pride homosexu\u00e1l\u016f. B\u00fdval\u00fd Klas\u016fv tajemn\u00edk a znalec piva Ladislav  Jakl si nen\u00ed jist\u00fd, zda tepl\u00e9 pivo bude \u010cech\u016fm chutnat.<br \/>\n<!--more--><\/p>\n<div><img loading=\"lazy\" decoding=\"async\" src=\"http:\/\/cms.parlamentnilisty.cz\/image.ashx?w=632&amp;h=307&amp;f=IMG_7840-634754764136831327.jpg&amp;id=5564\" alt=\"Klaus\u016fv Jakl: Tepl\u00e9 pivo pro gaye Staropramen nebude \u010cech\u016fm chutnat\" width=\"330\" height=\"160\" \/><\/div>\n<p><small>Foto: <strong>Hans \u0160tembera<\/strong><br \/>\nPopisek: <strong>Ladislav Jakl na festivalu minipivovar\u016f na Pra\u017esk\u00e9m hrad\u011b<\/strong><\/small><\/p>\n<p>\u201eCht\u011bj\u00ed holt j\u00edt za ka\u017edou cenu s dobou. Nejsem si ale jist, jestli  \u010desk\u00fd piva\u0159 bude cht\u00edt p\u00edt tepl\u00e9 pivo,\u201c uvedl pro Parlamentn\u00edListy.cz  Ladislav Jakl.<\/p>\n<h4><strong>Pivo m\u00e1 r\u00e1d i Klaus<\/strong><\/h4>\n<p>Jakl je p\u0159edsedou ob\u010dansk\u00e9ho sdru\u017een\u00ed Prvn\u00ed pivn\u00ed extraliga, kter\u00e9  pravideln\u011b a podle stejn\u00fdch m\u011b\u0159\u00edtek celoro\u010dn\u011b sleduje, degustuje a  hodnot\u00ed \u010desk\u00e9 sv\u011btl\u00e9 le\u017e\u00e1ky. Jakl je rovn\u011b\u017e spolupo\u0159adatelem festivalu  minipivovar\u016f Pivo na Hrad, kam vloni za\u0161el i Klaus.<\/p>\n<p>Pivo m\u00e1 toti\u017e r\u00e1d i exprezident Klaus, i kdy\u017e nen\u00ed takov\u00fdm znalcem jako  Jakl. Vloni nap\u0159\u00edklad Kalus otv\u00edral spole\u010dn\u011b s Jaklem pra\u017esk\u00fd  minipivovar a restauraci U T\u0159\u00ed r\u016f\u017e\u00ed.<\/p>\n<h4><strong>Staropramen podpo\u0159il kulturn\u00ed revoluci proti z\u00e1klad\u016fm lidsk\u00e9 spole\u010dnosti<\/strong><\/h4>\n<p>Akce D.O.S.T. vysv\u011btlila, pro\u010d rozjela kampa\u0148: \u201eNepiju tepl\u00fd pivo!  Nepiju Staropramen!\u201c: \u201eN\u00e1\u0161 d\u016fvod nen\u00ed konzumn\u00ed, n\u00fdbr\u017e ideov\u00fd. Veden\u00ed  pivovaru se rozhodlo podpo\u0159it homosexualistick\u00fd festival Prague Pride,  \u010d\u00edm\u017e se demonstrativn\u011b postavilo na stranu kulturn\u00ed revoluce,  podkop\u00e1vaj\u00edc\u00ed samotn\u00e9 z\u00e1klady lidsk\u00e9 spole\u010dnosti.\u201c<\/p>\n<p>\u201eKdo dnes stoj\u00ed na stran\u011b Prague Pride, podporuje nezodpov\u011bdnou hru na  homosexu\u00e1ln\u00ed &#8218;man\u017eelstv\u00ed&#8216;, v\u010detn\u011b &#8218;pr\u00e1va&#8216; na adopci d\u011bt\u00ed, a z\u00e1rove\u0148  pl\u00ed\u017eivou kriminalizaci zast\u00e1nc\u016f p\u0159irozen\u00fdch hodnot. Ned\u00e1vn\u00e9 ud\u00e1losti ve  Francii, kde do\u0161lo k brut\u00e1ln\u00edm policejn\u00edm akc\u00edm proti kritik\u016fm  homosexualismu, \u010din\u00ed ze Staropramene spoluvin\u00edka procesu, jen\u017e nevede  pouze k po\u0161lap\u00e1v\u00e1n\u00ed ob\u010dansk\u00fdch svobod a pr\u00e1v, ale i k nastolen\u00ed re\u017eimu,  zalo\u017een\u00e9ho na pron\u00e1sledov\u00e1n\u00ed n\u00e1zorov\u00fdch odp\u016frc\u016f,\u201c varuje Akce D.O.S.T.<\/p>\n<p><a href=\"http:\/\/www.parlamentnilisty.cz\/arena\/monitor\/Klausuv-Jakl-Teple-pivo-pro-gaye-Staropramen-nebude-Cechum-chutnat-280889\" target=\"_blank\">Zdroj<\/a><\/p>\n","protected":false},"excerpt":{"rendered":"<p>Exprezidentu V\u00e1clavu Klausovi bl\u00edzk\u00e1 Akce D.O.S.T. vyzvala k bojkotu piva Staropramen, proto\u017ee tento pivovar podporuje Prague Pride homosexu\u00e1l\u016f. B\u00fdval\u00fd Klas\u016fv tajemn\u00edk a znalec piva Ladislav Jakl si nen\u00ed jist\u00fd, zda tepl\u00e9 pivo bude \u010cech\u016fm chutnat.<\/p>\n","protected":false},"author":1,"featured_media":0,"comment_status":"open","ping_status":"open","sticky":false,"template":"","format":"standard","meta":{"ngg_post_thumbnail":0,"footnotes":""},"categories":[11],"tags":[],"class_list":["post-4108","post","type-post","status-publish","format-standard","hentry","category-ozvena"],"_links":{"self":[{"href":"https:\/\/www.ladislavjakl.cz\/index.php?rest_route=\/wp\/v2\/posts\/4108","targetHints":{"allow":["GET"]}}],"collection":[{"href":"https:\/\/www.ladislavjakl.cz\/index.php?rest_route=\/wp\/v2\/posts"}],"about":[{"href":"https:\/\/www.ladislavjakl.cz\/index.php?rest_route=\/wp\/v2\/types\/post"}],"author":[{"embeddable":true,"href":"https:\/\/www.ladislavjakl.cz\/index.php?rest_route=\/wp\/v2\/users\/1"}],"replies":[{"embeddable":true,"href":"https:\/\/www.ladislavjakl.cz\/index.php?rest_route=%2Fwp%2Fv2%2Fcomments&post=4108"}],"version-history":[{"count":2,"href":"https:\/\/www.ladislavjakl.cz\/index.php?rest_route=\/wp\/v2\/posts\/4108\/revisions"}],"predecessor-version":[{"id":4116,"href":"https:\/\/www.ladislavjakl.cz\/index.php?rest_route=\/wp\/v2\/posts\/4108\/revisions\/4116"}],"wp:attachment":[{"href":"https:\/\/www.ladislavjakl.cz\/index.php?rest_route=%2Fwp%2Fv2%2Fmedia&parent=4108"}],"wp:term":[{"taxonomy":"category","embeddable":true,"href":"https:\/\/www.ladislavjakl.cz\/index.php?rest_route=%2Fwp%2Fv2%2Fcategories&post=4108"},{"taxonomy":"post_tag","embeddable":true,"href":"https:\/\/www.ladislavjakl.cz\/index.php?rest_route=%2Fwp%2Fv2%2Ftags&post=4108"}],"curies":[{"name":"wp","href":"https:\/\/api.w.org\/{rel}","templated":true}]}}