{"id":4110,"date":"2013-08-05T11:59:20","date_gmt":"2013-08-05T09:59:20","guid":{"rendered":"http:\/\/www.ladislavjakl.cz\/?p=4110"},"modified":"2013-08-05T11:59:20","modified_gmt":"2013-08-05T09:59:20","slug":"jakl-ostre-pomatenou-bradacovou-nemeli-vzit-ani-na-vysokou-skolu","status":"publish","type":"post","link":"https:\/\/www.ladislavjakl.cz\/?p=4110","title":{"rendered":"Jakl ost\u0159e: Pomatenou Brad\u00e1\u010dovou nem\u011bli vz\u00edt ani na vysokou \u0161kolu!"},"content":{"rendered":"<p>B\u00fdval\u00fd \u0159editel politick\u00e9ho odboru Kancel\u00e1\u0159e prezidenta republiky  Ladislav Jakl se pustil do vrchn\u00ed st\u00e1tn\u00ed z\u00e1stupkyn\u011b v Praze Lenky  Brad\u00e1\u010dov\u00e9. Jakla toti\u017e rozhodila jej\u00ed slova o hodnotov\u00e9 neutralit\u011b.<\/p>\n<p><!--more--><\/p>\n<p>Ohledn\u011b\u00a0negativn\u00edch ohlas\u016f na <a id=\"anchorbbtBubble53\">pr\u00e1ci<\/a> st\u00e1tn\u00edch z\u00e1stupc\u016f, kter\u00e9 jsou sly\u0161et v\u00a0souvislosti s\u00a0kauzou Nagyov\u00e1,  toti\u017e Brad\u00e1\u010dov\u00e1 v\u00a0po\u0159adu Ud\u00e1losti, koment\u00e1\u0159e \u010cT uvedla, \u017ee u t\u011bch lid\u00ed,  kte\u0159\u00ed nejsou hodnotov\u011b neutr\u00e1ln\u00ed, ji to nep\u0159ekvapuje, ale u t\u011bch, kte\u0159\u00ed  jsou hodnotov\u011b neutr\u00e1ln\u00ed, ji mrz\u00ed, \u017ee nebyli objektivn\u00ed.<\/p>\n<p>\u201eU\u017e\u00edvat obrat \u201ehodnotov\u011b neutr\u00e1ln\u00ed&#8220; v t\u00e9to souvislosti je  p\u0159inejmen\u0161\u00edm projevem popletenosti, mo\u017en\u00e1 ale sp\u00ed\u0161e dokonal\u00e9ho chaosu v  hlav\u011b a asi i v\u00a0hodnot\u00e1ch,&#8220; p\u00ed\u0161e k\u00a0tomu Jakl. Hodnotov\u011b neutr\u00e1ln\u00ed toti\u017e  \u010dlov\u011bk b\u00fdt <a id=\"anchorbbtBubble127\">nem\u016f\u017ee<\/a>, nebo\u0165 ka\u017ed\u00fd vyzn\u00e1v\u00e1 n\u011bjak\u00e9 <a id=\"anchorbbtBubble132\">hodnoty<\/a>.  Hodnotov\u011b neutr\u00e1ln\u00ed tak mohou b\u00fdt maxim\u00e1ln\u011b v\u00fdroky, kter\u00e9 pouze  popisuj\u00ed a normativn\u011b ne\u0159\u00edkaj\u00ed, jak by n\u011bco m\u011blo b\u00fdt. Dle Jakla teda  Brad\u00e1\u010dov\u00e1 cht\u011bla \u0159\u00edct sp\u00ed\u0161e nezainteresovan\u00fd.<\/p>\n<p>\u201ePodle m\u00e9ho siln\u00e9ho p\u0159esv\u011bd\u010den\u00ed to ale prkotina nen\u00ed. Podle mne by  \u010dlov\u011bka, kter\u00fd m\u00e1 takov\u00fd chaos v pojmech, nem\u011bli v\u016fbec vz\u00edt na vysokou  \u0161kolu humanitn\u00edho sm\u011bru, nato\u017e ho nechat absolvovat, nato\u017e ho ud\u011blat  st\u00e1tn\u00edm z\u00e1stupcem, nato\u017e z n\u011bj ud\u011blat vysok\u00e9ho funkcion\u00e1\u0159e  zastupitelstv\u00ed. Takov\u00fd chaos v pojmech toti\u017e nazna\u010duje i chaos v  hodnot\u00e1ch. Kdov\u00ed, jak\u00fd m\u00e1 pan\u00ed Brad\u00e1\u010dov\u00e1 vztah t\u0159eba k lidsk\u00e9  d\u016fstojnosti a spravedlnosti,&#8220; dod\u00e1v\u00e1 ost\u0159e na sv\u00e9m blogu.<\/p>\n<p>Jakl tak\u00e9 p\u0159ipom\u00edn\u00e1, co p\u0159edch\u00e1zelo tomu, \u017ee se stala vrchn\u00ed st\u00e1tn\u00ed  z\u00e1stupkyn\u00ed. Brad\u00e1\u010dov\u00e1 velela loni v kv\u011btnu akci kolem zadr\u017een\u00ed poslance a  st\u0159edo\u010desk\u00e9ho hejtmana Davida Ratha. V\u00a0t\u00e9 dob\u011b toho na n\u011bj pr\u00fd m\u011bli  hodn\u011b, ale podle Jakla tomu nenasv\u011bd\u010duje u\u017e to, \u017ee od t\u00e9 doby <a id=\"anchorbbtBubble274\">st\u00e1le<\/a> vy\u0161et\u0159uj\u00ed a neprob\u011bhl soud. Jestli\u017ee na Ratha toho p\u0159\u00edli\u0161 nem\u011bli,  nem\u011bli jej dle Jakla ani d\u00e1vat do vazby. \u201eNe, podle mne pan\u00ed Brad\u00e1\u010dov\u00e1  nem\u00e1 \u00factu ke spravedlnosti a lidsk\u00e9 d\u016fstojnosti,&#8220; dod\u00e1v\u00e1.<\/p>\n<p><a href=\"http:\/\/domaci.eurozpravy.cz\/politika\/74790-jakl-ostre-pomatenou-bradacovou-nemeli-vzit-ani-na-vysokou-skolu\/\" target=\"_blank\">Zdroj<\/a><\/p>\n","protected":false},"excerpt":{"rendered":"<p>B\u00fdval\u00fd \u0159editel politick\u00e9ho odboru Kancel\u00e1\u0159e prezidenta republiky Ladislav Jakl se pustil do vrchn\u00ed st\u00e1tn\u00ed z\u00e1stupkyn\u011b v Praze Lenky Brad\u00e1\u010dov\u00e9. Jakla toti\u017e rozhodila jej\u00ed slova o hodnotov\u00e9 neutralit\u011b.<\/p>\n","protected":false},"author":1,"featured_media":0,"comment_status":"open","ping_status":"open","sticky":false,"template":"","format":"standard","meta":{"ngg_post_thumbnail":0,"footnotes":""},"categories":[11],"tags":[],"class_list":["post-4110","post","type-post","status-publish","format-standard","hentry","category-ozvena"],"_links":{"self":[{"href":"https:\/\/www.ladislavjakl.cz\/index.php?rest_route=\/wp\/v2\/posts\/4110","targetHints":{"allow":["GET"]}}],"collection":[{"href":"https:\/\/www.ladislavjakl.cz\/index.php?rest_route=\/wp\/v2\/posts"}],"about":[{"href":"https:\/\/www.ladislavjakl.cz\/index.php?rest_route=\/wp\/v2\/types\/post"}],"author":[{"embeddable":true,"href":"https:\/\/www.ladislavjakl.cz\/index.php?rest_route=\/wp\/v2\/users\/1"}],"replies":[{"embeddable":true,"href":"https:\/\/www.ladislavjakl.cz\/index.php?rest_route=%2Fwp%2Fv2%2Fcomments&post=4110"}],"version-history":[{"count":1,"href":"https:\/\/www.ladislavjakl.cz\/index.php?rest_route=\/wp\/v2\/posts\/4110\/revisions"}],"predecessor-version":[{"id":4111,"href":"https:\/\/www.ladislavjakl.cz\/index.php?rest_route=\/wp\/v2\/posts\/4110\/revisions\/4111"}],"wp:attachment":[{"href":"https:\/\/www.ladislavjakl.cz\/index.php?rest_route=%2Fwp%2Fv2%2Fmedia&parent=4110"}],"wp:term":[{"taxonomy":"category","embeddable":true,"href":"https:\/\/www.ladislavjakl.cz\/index.php?rest_route=%2Fwp%2Fv2%2Fcategories&post=4110"},{"taxonomy":"post_tag","embeddable":true,"href":"https:\/\/www.ladislavjakl.cz\/index.php?rest_route=%2Fwp%2Fv2%2Ftags&post=4110"}],"curies":[{"name":"wp","href":"https:\/\/api.w.org\/{rel}","templated":true}]}}