{"id":412,"date":"2010-06-21T16:09:26","date_gmt":"2010-06-21T15:09:26","guid":{"rendered":"http:\/\/www.ladislavjakl.cz\/?p=412"},"modified":"2010-06-21T16:11:58","modified_gmt":"2010-06-21T15:11:58","slug":"jakl-topolanek-chtel-v-tajne-volbe-potopit-klause","status":"publish","type":"post","link":"https:\/\/www.ladislavjakl.cz\/?p=412","title":{"rendered":"Jakl: Topol\u00e1nek cht\u011bl v tajn\u00e9 volb\u011b potopit Klause"},"content":{"rendered":"<p>Tajemn\u00edk prezidenta republiky Ladislav Jakl se ohradil proti \u00fatoku  odch\u00e1zej\u00edc\u00edho p\u0159edsedy ODS Mirka Topol\u00e1nka v\u016f\u010di hlav\u011b st\u00e1tu.<\/p>\n<p><!--more-->Topol\u00e1nek toti\u017e v p\u00edsemn\u00e9 zpr\u00e1v\u011b kongresu ODS mimo jin\u00e9 uvedl, \u017ee  op\u011btovn\u00e9 zvolen\u00ed V\u00e1clava Klause prezidentem bylo jeho velkou person\u00e1ln\u00ed  chybou.<\/p>\n<p>Podle Jakla ale nemus\u00ed m\u00edt Topol\u00e1nek v tomto sm\u011bru  v\u00fd\u010ditky sv\u011bdom\u00ed. Klausovu znovuzvolen\u00ed toti\u017e br\u00e1nil, uvedl v reakci pro  Prvnizpravy.cz tajemn\u00edk prezidenta a \u0159editel politick\u00e9ho odboru jeho  kancel\u00e1\u0159e.<\/p>\n<p>&#8222;Co si o Topol\u00e1nkov\u00fdch slovech mysl\u00ed pan prezident, to  nev\u00edm, nechci ho v jeho sv\u00e1te\u010dn\u00ed den ru\u0161it,&#8220; napsal Ladislav Jakl s  odkazem na to, \u017ee prezident republiky dnes slav\u00ed sv\u00e9 69. narozeniny.<\/p>\n<p>&#8222;Za  sebe ale mohu \u0159\u00edct, \u017ee pokud Mirek Topol\u00e1nek pova\u017euje znovuzvolen\u00ed  V\u00e1clava Klause za svou chybu, je na sebe p\u0159\u00edli\u0161 p\u0159\u00edsn\u00fd. On se p\u0159ece na  t\u00e9to \u00b4chyb\u011b\u00b4 nepod\u00edlel. Je ve\u0159ejn\u00fdm tajemstv\u00edm, \u017ee se p\u0159ed dv\u011bma lety  znovuzvolen\u00ed V\u00e1clava Klause sna\u017eil v\u0161emi silami zabr\u00e1nit a neb\u00fdt ve\u0159ejn\u00e9  volby, mo\u017en\u00e1 by byl usp\u011bl,&#8220; reagoval prezident\u016fv tajemn\u00edk na  Topol\u00e1nkova slova.<\/p>\n<p>&#8222;Jsem tak\u00e9 r\u00e1d, \u017ee se Mirek sv\u00fdm dopisem  doznal, \u017ee ji\u017e v roce 98 pat\u0159il k t\u011bm, kdo m\u011bl V\u00e1clava Klause za  vy\u010derpan\u00e9ho a p\u0159e\u017eil\u00e9ho. Lid\u00e9 s t\u00edmto n\u00e1zorem tehdy sp\u00ed\u0161e p\u0159e\u0161li do  Rumlovy Unie svobody, ale\u00a0 n\u011bkte\u0159\u00ed asi z\u016fstali a n\u00e1zory ve stylu Ji\u0159\u00edho  Pehe prosazovali v ODS. Co\u017e je vid\u011bt i v jin\u00fdch pas\u00e1\u017e\u00edch Topol\u00e1nkova  dopisu,&#8220; komentoval Jakl Topol\u00e1nk\u016fv vzkaz deleg\u00e1t\u016fm.<\/p>\n<p>Zdroj: <a href=\"http:\/\/www.prvnizpravy.cz\/zpravy\/z-domova\/jakl-topolanek-chtel-v-tajne-volbe-potopit-klause\/\" target=\"_blank\">Prvnizpravy.cz<\/a><\/p>\n","protected":false},"excerpt":{"rendered":"<p>Tajemn\u00edk prezidenta republiky Ladislav Jakl se ohradil proti \u00fatoku odch\u00e1zej\u00edc\u00edho p\u0159edsedy ODS Mirka Topol\u00e1nka v\u016f\u010di hlav\u011b st\u00e1tu.<\/p>\n","protected":false},"author":1,"featured_media":0,"comment_status":"open","ping_status":"open","sticky":false,"template":"","format":"standard","meta":{"ngg_post_thumbnail":0,"footnotes":""},"categories":[11],"tags":[],"class_list":["post-412","post","type-post","status-publish","format-standard","hentry","category-ozvena"],"_links":{"self":[{"href":"https:\/\/www.ladislavjakl.cz\/index.php?rest_route=\/wp\/v2\/posts\/412","targetHints":{"allow":["GET"]}}],"collection":[{"href":"https:\/\/www.ladislavjakl.cz\/index.php?rest_route=\/wp\/v2\/posts"}],"about":[{"href":"https:\/\/www.ladislavjakl.cz\/index.php?rest_route=\/wp\/v2\/types\/post"}],"author":[{"embeddable":true,"href":"https:\/\/www.ladislavjakl.cz\/index.php?rest_route=\/wp\/v2\/users\/1"}],"replies":[{"embeddable":true,"href":"https:\/\/www.ladislavjakl.cz\/index.php?rest_route=%2Fwp%2Fv2%2Fcomments&post=412"}],"version-history":[{"count":3,"href":"https:\/\/www.ladislavjakl.cz\/index.php?rest_route=\/wp\/v2\/posts\/412\/revisions"}],"predecessor-version":[{"id":414,"href":"https:\/\/www.ladislavjakl.cz\/index.php?rest_route=\/wp\/v2\/posts\/412\/revisions\/414"}],"wp:attachment":[{"href":"https:\/\/www.ladislavjakl.cz\/index.php?rest_route=%2Fwp%2Fv2%2Fmedia&parent=412"}],"wp:term":[{"taxonomy":"category","embeddable":true,"href":"https:\/\/www.ladislavjakl.cz\/index.php?rest_route=%2Fwp%2Fv2%2Fcategories&post=412"},{"taxonomy":"post_tag","embeddable":true,"href":"https:\/\/www.ladislavjakl.cz\/index.php?rest_route=%2Fwp%2Fv2%2Ftags&post=412"}],"curies":[{"name":"wp","href":"https:\/\/api.w.org\/{rel}","templated":true}]}}