{"id":4136,"date":"2013-08-23T15:32:14","date_gmt":"2013-08-23T13:32:14","guid":{"rendered":"http:\/\/www.ladislavjakl.cz\/?p=4136"},"modified":"2013-08-23T15:32:14","modified_gmt":"2013-08-23T13:32:14","slug":"klaus-nechysta-navrat-do-politiky-rekl-jeho-spolupracovnik-jakl","status":"publish","type":"post","link":"https:\/\/www.ladislavjakl.cz\/?p=4136","title":{"rendered":"Klaus nechyst\u00e1 n\u00e1vrat do politiky, \u0159ekl jeho spolupracovn\u00edk Jakl"},"content":{"rendered":"<p>Praha &#8211; Exprezident V\u00e1clav Klaus n\u00e1vrat do politiky nechyst\u00e1, uvedl jeho  dlouholet\u00fd spolupracovn\u00edk Ladislav Jakl. Na politick\u00e9 sc\u00e9n\u011b nen\u00ed v  sou\u010dasnosti subjekt, kter\u00fd by mu za to st\u00e1l, napsal dnes Jakl na dotaz  \u010cTK. O mo\u017en\u00e9m n\u00e1vratu Klause se v posledn\u00ed dob\u011b spekuluje.<\/p>\n<p><!--more--><\/p>\n<p>Jakl sou\u010dasn\u011b nazna\u010dil, \u017ee Klaus nepl\u00e1nuje zakl\u00e1dat novou stranu.  &#8222;Politick\u00e1 sc\u00e9na si mus\u00ed pomoci sama, \u017e\u00e1dn\u00fd zachr\u00e1nce nep\u0159ijde. Pokud  politick\u00e1 sc\u00e9na vyprodukuje s\u00edlu, kter\u00e1 bude za podporu st\u00e1t, m\u016f\u017ee ji  V\u00e1clav Klaus podpo\u0159it. Ne naopak,&#8220; doplnil Jakl.<\/p>\n<p>Podle aktu\u00e1ln\u00edho  pr\u016fzkumu agentur Median a STEM\/MARK pro \u010ceskou televizi si Klaus\u016fv  n\u00e1vrat do politiky nep\u0159ej\u00ed skoro t\u0159i \u010dtvrtiny lid\u00ed.<\/p>\n<p>Den\u00edk Pr\u00e1vo  dnes napsal, \u017ee Klaus n\u011bjak\u00e9 zapojen\u00ed do stranick\u00e9ho sout\u011b\u017een\u00ed zva\u017euje a  \u017ee se chce rozhodnout na z\u00e1klad\u011b toho, zda se v \u00fater\u00fd rozpust\u00ed Sn\u011bmovna  a zda budou p\u0159ed\u010dasn\u00e9 volby. Klaus by se pr\u00fd mohl anga\u017eovat nap\u0159\u00edklad v  Suverenit\u011b Jany Bobo\u0161\u00edkov\u00e9. N\u00e1vrat Klause nebo n\u011bjakou formu spolupr\u00e1ce  si p\u0159\u00e1la \u010d\u00e1st \u010dlen\u016f ODS. Tu Klaus zakl\u00e1dal, ale nakonec se s n\u00ed  roz\u017eehnal. Klaus minul\u00fd v\u00edkend n\u00e1vrat k ob\u010dansk\u00fdm demokrat\u016fm odm\u00edtl.<\/p>\n<p>&#8222;Na  politick\u00e9 sc\u00e9n\u011b moment\u00e1ln\u011b nen\u00ed subjekt, kter\u00fd by mu za to st\u00e1l. Je ale  zaj\u00edmav\u00e9 posledn\u00ed l\u00e9ta sledovat, jak je snadn\u00e9 opakovan\u011b vyvolat vlnu  podobn\u00fdch dotaz\u016f,&#8220; konstatoval dnes Jakl, kdysi tajemn\u00edk Klause na Hrad\u011b  a nyn\u00ed \u010dlen spr\u00e1vn\u00ed rady Klausova institutu.<\/p>\n<p>Veden\u00ed ODS, kter\u00e9 se  dnes se\u0161lo, se sv\u00fdm exp\u0159edsedou nezab\u00fdvalo. &#8222;J\u00e1 mysl\u00edm, \u017ee se uk\u00e1zalo,  \u017ee vzkazov\u00e1n\u00ed n\u011bjak\u00fdch tez\u00ed vz\u00e1jemn\u011b p\u0159es m\u00e9dia nen\u00ed nikterak prosp\u011b\u0161n\u00e9 a  vytv\u00e1\u0159\u00ed naprosto nesmysln\u00e9 spekulace,&#8220; uvedl \u00fa\u0159aduj\u00edc\u00ed p\u0159edseda strany  Martin Kuba. &#8222;J\u00e1 nem\u00e1m pot\u0159ebu, a mysl\u00edm nikdo z gr\u00e9mia, pokra\u010dovat v  tom vzkazov\u00e1n\u00ed, a pokud budeme s panem prezidentem Klausem cht\u00edt  hovo\u0159it, tak s n\u00edm budeme hovo\u0159it osobn\u011b,&#8220; dodal.<\/p>\n<p>Klaus opustil  funkci prezidenta letos v b\u0159eznu po deseti letech. Nyn\u00ed p\u016fsob\u00ed v  Institutu V\u00e1clava Klause, kter\u00fd byl zalo\u017een loni. Institut uv\u00e1d\u00ed, \u017ee je  koncipov\u00e1n jako liber\u00e1ln\u011b-konzervativn\u00ed think tank s v\u00fdzkumnou studijn\u00ed  \u010dinnost\u00ed, semin\u00e1\u0159i, konferencemi a dal\u0161\u00edmi akcemi a programy pro  odbornou i \u0161irokou ve\u0159ejnost.<\/p>\n<p><a href=\"http:\/\/www.ceskenoviny.cz\/zpravy\/klaus-nechysta-navrat-do-politiky-rekl-jeho-spolupracovnik-jakl\/974046\" target=\"_blank\">Zdroj<\/a><\/p>\n","protected":false},"excerpt":{"rendered":"<p>Praha &#8211; Exprezident V\u00e1clav Klaus n\u00e1vrat do politiky nechyst\u00e1, uvedl jeho dlouholet\u00fd spolupracovn\u00edk Ladislav Jakl. Na politick\u00e9 sc\u00e9n\u011b nen\u00ed v sou\u010dasnosti subjekt, kter\u00fd by mu za to st\u00e1l, napsal dnes Jakl na dotaz \u010cTK. O mo\u017en\u00e9m n\u00e1vratu Klause se v posledn\u00ed dob\u011b spekuluje.<\/p>\n","protected":false},"author":1,"featured_media":0,"comment_status":"open","ping_status":"open","sticky":false,"template":"","format":"standard","meta":{"ngg_post_thumbnail":0,"footnotes":""},"categories":[11],"tags":[],"class_list":["post-4136","post","type-post","status-publish","format-standard","hentry","category-ozvena"],"_links":{"self":[{"href":"https:\/\/www.ladislavjakl.cz\/index.php?rest_route=\/wp\/v2\/posts\/4136","targetHints":{"allow":["GET"]}}],"collection":[{"href":"https:\/\/www.ladislavjakl.cz\/index.php?rest_route=\/wp\/v2\/posts"}],"about":[{"href":"https:\/\/www.ladislavjakl.cz\/index.php?rest_route=\/wp\/v2\/types\/post"}],"author":[{"embeddable":true,"href":"https:\/\/www.ladislavjakl.cz\/index.php?rest_route=\/wp\/v2\/users\/1"}],"replies":[{"embeddable":true,"href":"https:\/\/www.ladislavjakl.cz\/index.php?rest_route=%2Fwp%2Fv2%2Fcomments&post=4136"}],"version-history":[{"count":1,"href":"https:\/\/www.ladislavjakl.cz\/index.php?rest_route=\/wp\/v2\/posts\/4136\/revisions"}],"predecessor-version":[{"id":4137,"href":"https:\/\/www.ladislavjakl.cz\/index.php?rest_route=\/wp\/v2\/posts\/4136\/revisions\/4137"}],"wp:attachment":[{"href":"https:\/\/www.ladislavjakl.cz\/index.php?rest_route=%2Fwp%2Fv2%2Fmedia&parent=4136"}],"wp:term":[{"taxonomy":"category","embeddable":true,"href":"https:\/\/www.ladislavjakl.cz\/index.php?rest_route=%2Fwp%2Fv2%2Fcategories&post=4136"},{"taxonomy":"post_tag","embeddable":true,"href":"https:\/\/www.ladislavjakl.cz\/index.php?rest_route=%2Fwp%2Fv2%2Ftags&post=4136"}],"curies":[{"name":"wp","href":"https:\/\/api.w.org\/{rel}","templated":true}]}}