{"id":4149,"date":"2013-09-11T11:56:13","date_gmt":"2013-09-11T09:56:13","guid":{"rendered":"http:\/\/www.ladislavjakl.cz\/?p=4149"},"modified":"2013-09-11T11:56:13","modified_gmt":"2013-09-11T09:56:13","slug":"jakl-o-chemickem-utoku-v-syrii-odporne-vrteni-psem","status":"publish","type":"post","link":"https:\/\/www.ladislavjakl.cz\/?p=4149","title":{"rendered":"Jakl o chemick\u00e9m \u00fatoku v S\u00fdrii: Odporn\u00e9 vrt\u011bn\u00ed psem"},"content":{"rendered":"<p>Bl\u00edzk\u00fd spolupracovn\u00edk V\u00e1clava Klause Ladislav Jakl se v\u011bt\u0161inou  vyjad\u0159uje k dom\u00e1c\u00ed politice. Mimo\u0159\u00e1dn\u011b p\u0159il\u00e9hav\u00e9 jsou ale i jeho  post\u0159ehy k politice mezin\u00e1rodn\u00ed. Nejnov\u011bji si r\u00fdpnul, ani\u017e by jmenoval,  do Ameri\u010dan\u016f.<\/p>\n<p><!--more-->V souvislosti s  \u00fadajn\u00fdm chemick\u00fdm \u00fatokem v S\u00fdrii, ze kter\u00e9ho protire\u017eimn\u00ed povstalci v  \u017eoldu USA podporovan\u00ed Al-K\u00e1jdou a stovkami islamist\u016f z Evropy vin\u00ed  syrskou vl\u00e1du, co\u017e ochotn\u011b tlumo\u010d\u00ed t\u00e9m\u011b\u0159 v\u0161echna z\u00e1padn\u00ed m\u00e9dia,  doporu\u010duje selsk\u00fd rozum.<br \/>\n&#8222;Nidko nem\u00e1 \u017e\u00e1dn\u00fd d\u016fkaz, tak si to  v\u0161ichni interpretuj\u00ed podle sebe. A co takhle se pod\u00edvat, komu  poslou\u017eil?&#8220; napov\u00edd\u00e1 Jakl, jak by m\u011bl konzument zpr\u00e1v na podobn\u00e9 t\u011b\u017eko  ov\u011b\u0159iteln\u00e9 zv\u011bsti reagovat.<\/p>\n<p>&#8222;Vojensky nikomu,&#8220; odpov\u00edd\u00e1 si. &#8222;A  propagandisticky? Syrsk\u00e9 vl\u00e1d\u011b ur\u010dit\u011b ne. Jen se dob\u0159e d\u00edvejme, kdo bere  tuhle trag\u00e9dii jako dar z nebe, jako z\u00e1minku k prosazen\u00ed sv\u00fdch pl\u00e1n\u016f.  Tentokr\u00e1t jde o mimo\u0159\u00e1dn\u011b odporn\u00e9 vrt\u011bn\u00ed psem,&#8220; uvedl Jakl pro  Prvnizpravy.cz v nar\u00e1\u017ece na slavn\u00fd americk\u00fd film, kter\u00fd ukazuje z\u00e1kulis\u00ed  p\u0159\u00edprav podobn\u00fdch propagandistick\u00fdch kampan\u00ed USA.<\/p>\n<p>Zpr\u00e1v o  \u00fadajn\u00e9m pou\u017eit\u00ed chemick\u00fdch zbran\u00ed, na kter\u00e9 m\u00e9dia u\u017e n\u011bjak\u00fd \u010das  ve\u0159ejnost p\u0159ipravovala, se ihned chytila americk\u00e1 administrativa a  Pentagon se nechal sly\u0161et, \u017ee p\u0159ipravuje n\u011bkolik variant \u0159e\u0161en\u00ed situace,  v\u010detn\u011b americk\u00e9 vojensk\u00e9 invaze do S\u00fdrie.<\/p>\n<p><strong><a href=\"http:\/\/www.prvnizpravy.cz\/zpravy\/zpravy\/syrska-armada-nasla-v-tunelu-povstalcu-chemicke-zbrane\/\">Syrsk\u00e1 arm\u00e1da na\u0161la v tunelu povstalc\u016f chemick\u00e9 zbran\u011b<\/a><\/strong><\/p>\n<p>Bezpe\u010dnostn\u00ed  poradci navrhli americk\u00e9mu prezidentu Baracku Obamovi b\u011bhem sobotn\u00ed  sch\u016fze \u0159adu mo\u017enost\u00ed, jak reagovat na danou situaci, p\u0159i\u010dem\u017e ministr  obrany Chuck Hagel uvedl, \u017ee americk\u00e1 arm\u00e1da je ji\u017e p\u0159ipravena i na  variantu, \u017ee se prezident rozhodne pro vojensk\u00fd z\u00e1sah.<\/p>\n<p>Nen\u00ed to  poprv\u00e9, co se Ladislav Jakl podobn\u00fdm zp\u016fsobem vyjad\u0159uje k americk\u00e9  interven\u010dn\u00ed politice. Pochybnosti o tom, zda p\u0159ede\u0161l\u00e9 invaze USA do zem\u00ed  bl\u00edzk\u00e9ho a st\u0159edn\u00edho v\u00fdchodu nebyly dlouho p\u0159ipravovan\u00fdmi operacemi,  kde se jen \u010dekalo na n\u011bjakou z\u00e1minku (a kdy\u017e ta nebyla, tak se n\u011bjak\u00e1  vymyslela), prezentoval nap\u0159\u00edklad ve sv\u00e9m p\u0159\u00edsp\u011bvku k desetilet\u00e9mu  v\u00fdro\u010d\u00ed ud\u00e1lost\u00ed 11. z\u00e1\u0159\u00ed 2001 na semin\u00e1\u0159i CEPu.<\/p>\n<p>Kritizoval v n\u011bm  ob\u011b americk\u00e9 v\u00e1lky (v Afgh\u00e1nist\u00e1nu a Ir\u00e1ku) i ideologii v\u00fdvozu  americk\u00fdch hodnot. Talib\u00e1nu podle n\u011bj nebyl prok\u00e1z\u00e1n \u017e\u00e1dn\u00fd teroristick\u00fd  \u010din mimo \u00fazem\u00ed Afgh\u00e1nist\u00e1nu a v Ir\u00e1ku zase nebyly nalezeny \u017e\u00e1dn\u00e9 zbran\u011b  hromadn\u00e9ho ni\u010den\u00ed, jak USA tvrdily. Trag\u00e9die 11. z\u00e1\u0159\u00ed byla pouze &#8222;pouh\u00e1 a  docela trapn\u00e1&#8220; z\u00e1minka, jak opr\u00e1\u0161it star\u00e9 neokonzervativn\u00ed doktr\u00edny a  napadnout zem\u011b, kter\u00e9 m\u011bli Ameri\u010dan\u00e9 v hled\u00e1\u010dku u\u017e dlouho p\u0159edt\u00edm, ale  teprve po 11. z\u00e1\u0159\u00ed c\u00edtili, \u017ee by jim takov\u00e1 akce mohla proj\u00edt.<\/p>\n<p><a href=\"http:\/\/www.prvnizpravy.cz\/zpravy\/zpravy\/jakl-o-chemickem-utoku-v-syrii-odporne-vrteni-psem\/\" target=\"_blank\">Zdroj<\/a><\/p>\n","protected":false},"excerpt":{"rendered":"<p>Bl\u00edzk\u00fd spolupracovn\u00edk V\u00e1clava Klause Ladislav Jakl se v\u011bt\u0161inou vyjad\u0159uje k dom\u00e1c\u00ed politice. Mimo\u0159\u00e1dn\u011b p\u0159il\u00e9hav\u00e9 jsou ale i jeho post\u0159ehy k politice mezin\u00e1rodn\u00ed. Nejnov\u011bji si r\u00fdpnul, ani\u017e by jmenoval, do Ameri\u010dan\u016f.<\/p>\n","protected":false},"author":1,"featured_media":0,"comment_status":"open","ping_status":"open","sticky":false,"template":"","format":"standard","meta":{"ngg_post_thumbnail":0,"footnotes":""},"categories":[11],"tags":[],"class_list":["post-4149","post","type-post","status-publish","format-standard","hentry","category-ozvena"],"_links":{"self":[{"href":"https:\/\/www.ladislavjakl.cz\/index.php?rest_route=\/wp\/v2\/posts\/4149","targetHints":{"allow":["GET"]}}],"collection":[{"href":"https:\/\/www.ladislavjakl.cz\/index.php?rest_route=\/wp\/v2\/posts"}],"about":[{"href":"https:\/\/www.ladislavjakl.cz\/index.php?rest_route=\/wp\/v2\/types\/post"}],"author":[{"embeddable":true,"href":"https:\/\/www.ladislavjakl.cz\/index.php?rest_route=\/wp\/v2\/users\/1"}],"replies":[{"embeddable":true,"href":"https:\/\/www.ladislavjakl.cz\/index.php?rest_route=%2Fwp%2Fv2%2Fcomments&post=4149"}],"version-history":[{"count":1,"href":"https:\/\/www.ladislavjakl.cz\/index.php?rest_route=\/wp\/v2\/posts\/4149\/revisions"}],"predecessor-version":[{"id":4150,"href":"https:\/\/www.ladislavjakl.cz\/index.php?rest_route=\/wp\/v2\/posts\/4149\/revisions\/4150"}],"wp:attachment":[{"href":"https:\/\/www.ladislavjakl.cz\/index.php?rest_route=%2Fwp%2Fv2%2Fmedia&parent=4149"}],"wp:term":[{"taxonomy":"category","embeddable":true,"href":"https:\/\/www.ladislavjakl.cz\/index.php?rest_route=%2Fwp%2Fv2%2Fcategories&post=4149"},{"taxonomy":"post_tag","embeddable":true,"href":"https:\/\/www.ladislavjakl.cz\/index.php?rest_route=%2Fwp%2Fv2%2Ftags&post=4149"}],"curies":[{"name":"wp","href":"https:\/\/api.w.org\/{rel}","templated":true}]}}