{"id":4151,"date":"2013-09-11T11:57:12","date_gmt":"2013-09-11T09:57:12","guid":{"rendered":"http:\/\/www.ladislavjakl.cz\/?p=4151"},"modified":"2013-09-11T11:57:12","modified_gmt":"2013-09-11T09:57:12","slug":"rozpad-rodiny-a-ekonomicka-efektivita","status":"publish","type":"post","link":"https:\/\/www.ladislavjakl.cz\/?p=4151","title":{"rendered":"Rozpad rodiny a ekonomick\u00e1 efektivita"},"content":{"rendered":"<p>V\u00a0souvislosti se ztr\u00e1tou tempa na\u0161eho ekonomick\u00e9ho rozvoje se spr\u00e1vn\u011b p\u0159ipom\u00edn\u00e1, \u017ee jeho ko\u0159eny v\u011bz\u00ed v\u00a0obecn\u011bj\u0161\u00edch dysfunkc\u00edch cel\u00e9ho spole\u010densk\u00e9ho syst\u00e9mu, v\u010detn\u011b krize z\u00e1sadn\u00ed instituce na\u0161\u00ed civilizace, kterou je rodina. M\u016f\u017ee m\u00edt ale tato krize skute\u010dn\u011b n\u011bjak\u00e9 dopady na ekonomick\u00e9 zdrav\u00ed spole\u010dnosti? M\u016f\u017ee Mo\u017en\u00e1 v\u00edce a bezprost\u0159edn\u011bji, ne\u017e si \u010dasto uv\u011bdomujeme.<\/p>\n<p><!--more--><\/p>\n<p>Rodina, a\u00a0to i ve sv\u00e9m \u0161ir\u0161\u00edm smyslu jako komplex \u00fazk\u00fdch mezigenera\u010dn\u00edch vztah\u016f, m\u00e1 toti\u017e zdaleka ne v posledn\u00ed \u0159ad\u011b pro sv\u00e9 \u010dleny v\u00fdznam i v\u00a0ekonomick\u00e9m v\u00fdznamu. Je pro sv\u00e9 \u010dleny v\u00fdhodn\u00e1. Zde po stalet\u00ed fungovala skute\u010dn\u00e1 mezigenera\u010dn\u00ed i vztahov\u00e1 solidarita, kter\u00e1 v\u016fbec nem\u00e1 jen altruistick\u00e9 motivy.<\/p>\n<p>D\u0159\u00edve se lid\u00e9 sna\u017eili, aby m\u011bli co nejv\u00edce d\u011bt\u00ed a aby je co nejl\u00e9pe vychovali, i proto, jeliko\u017e to pro n\u011b byla nejlep\u0161\u00ed investice do vlastn\u00ed budoucnosti: jejich d\u011bti se pak k\u00a0st\u00e1\u0159\u00ed postarali o n\u011b. Mimo jin\u00e9 i z\u00a0podobn\u00e9ho d\u016fvodu se lid\u00e9 starali o sv\u00e9 rodi\u010de: aby poskytli p\u0159\u00edklad a mor\u00e1ln\u00ed z\u00e1vazek sv\u00fdm d\u011btem. Man\u017eel se staral o svou man\u017eelku tak\u00e9 proto, aby ona mu zase co nejl\u00e9pe pe\u010dovala o domov. A man\u017eelka o man\u017eela pe\u010dovala i proto, aby mu umo\u017enila co nejl\u00e9pe rodinu zabezpe\u010dit. Podobn\u011b po stalet\u00ed fungovaly i dal\u0161\u00ed rodinn\u00e9 vazby.<\/p>\n<p>Na erozi rodiny m\u011bla nejd\u0159\u00edve vliv individualizace spole\u010dnosti, rodina p\u0159est\u00e1vala b\u00fdt spole\u010denskou jednotkou, tou za\u010dali b\u00fdt jej\u00ed samostatn\u00ed \u010dlenov\u00e9. Daleko v\u00edce devastuj\u00edc\u00ed dopad na rodinu m\u011bla ale kolektivizace spole\u010dnosti. A rozpad rodiny naopak na spole\u010dnost a jej\u00ed prosperitu.<\/p>\n<p>Dnes je mo\u017en\u00e9 s\u00a0jistou nads\u00e1zkou mluvit o tom, \u017ee kdejak\u00e1 man\u017eelka je sv\u00e9mu man\u017eelovi nev\u011brn\u00e1 \u2013 se st\u00e1tem. Man\u017eel p\u0159ijde domu unaven a na v\u00fdplatnici toho moc nep\u0159inese. Zato st\u00e1t j\u00ed zaplat\u00ed \u0161kolu, \u0161kolku, jesle, p\u0159\u00eddavky, mate\u0159skou, porodn\u00e9 a jin\u00e9 benefity. Pokud man\u017eelka sv\u00e9ho man\u017eela opust\u00ed, st\u00e1t je k\u00a0n\u00ed dokonce je\u0161t\u011b \u0161t\u011bd\u0159ej\u0161\u00ed, vlastn\u011b ji k\u00a0tomu sv\u00e1d\u00ed. Man\u017eelka si p\u0159i tom v\u0161em nemus\u00ed uv\u011bdomovat, \u017ee jej\u00ed \u201emilenec\u201c j\u00ed plat\u00ed man\u017eelov\u00fdmi pen\u011bzi, pen\u011bzi, kter\u00e9 mu vzal na dan\u00edch.<\/p>\n<p>Man\u017eel zase nec\u00edt\u00ed ji\u017e tak nal\u00e9havou pot\u0159ebu se o rodinu postarat: star\u00e1 se p\u0159ece st\u00e1t (ale za jeho pen\u00edze, co\u017e v\u0161ak nen\u00ed v\u017edy evidentn\u00ed). Vz\u00e1jemn\u00e1 man\u017eelsk\u00e1 vazba se t\u00edm oslabuje, jej\u00ed viditeln\u00e1 v\u00fdhodnost se ztr\u00e1c\u00ed. V\u00fdsledkem je ni\u017e\u0161\u00ed motivace o tyto vazby pe\u010dovat. Pe\u010dovat p\u0159edev\u0161\u00edm efektivn\u00edm fungov\u00e1n\u00edm na trhu, pracovat.<\/p>\n<p>D\u011bti tak\u00e9 vid\u00ed, \u017ee studia jim plat\u00ed ten velk\u00fd dobr\u00fd str\u00fd\u010dek st\u00e1t a ne rodi\u010de. Proto k\u00a0nim ztr\u00e1cej\u00ed autoritu a autoritou, od kter\u00e9 nyn\u00ed o\u010dek\u00e1vaj\u00ed v\u0161e, se st\u00e1v\u00e1 st\u00e1t. Kdy\u017e rodi\u010de zest\u00e1rnou, nemaj\u00ed d\u011bti pocit, \u017ee to ony se MUSEJ\u00cd o sv\u00e9 rodi\u010de postarat. Nemusej\u00ed, od toho je p\u0159ece st\u00e1t.<\/p>\n<p>Demotivuj\u00edc\u00ed dopad pe\u010dovatelsk\u00e9ho st\u00e1tu se neprojevuje jen v\u00a0rodinn\u00fdch vazb\u00e1ch, ale pr\u00e1v\u011b v\u00a0efektivit\u011b spole\u010densk\u00e9ho syst\u00e9mu. Na\u010d se oh\u00e1n\u011bt, kdy\u017e star\u00e9 rodi\u010de zajist\u00ed st\u00e1t. Pro\u010d se sna\u017eit, kdy\u017e o man\u017eelku se postar\u00e1 st\u00e1t. Pro\u010d se chovat hospod\u00e1rn\u011b, kdy\u017e d\u011bti vystuduj\u00ed za st\u00e1tn\u00ed.<\/p>\n<p>Na spole\u010dn\u00fd st\u016fl, \u017ee kter\u00e9ho mohou v\u0161ichni br\u00e1t dle libosti, se nikomu nechce p\u0159id\u00e1vat ze sv\u00e9ho. Je snaz\u0161\u00ed si tak\u00e9 br\u00e1t, jako to d\u011blaj\u00ed ostatn\u00ed. A to se projev\u00ed poklesem bohatstv\u00ed, kter\u00e9 na onom spole\u010dn\u00e9m stole le\u017e\u00ed.<\/p>\n<p>L. J.<\/p>\n","protected":false},"excerpt":{"rendered":"<p>V\u00a0souvislosti se ztr\u00e1tou tempa na\u0161eho ekonomick\u00e9ho rozvoje se spr\u00e1vn\u011b p\u0159ipom\u00edn\u00e1, \u017ee jeho ko\u0159eny v\u011bz\u00ed v\u00a0obecn\u011bj\u0161\u00edch dysfunkc\u00edch cel\u00e9ho spole\u010densk\u00e9ho syst\u00e9mu, v\u010detn\u011b krize z\u00e1sadn\u00ed instituce na\u0161\u00ed civilizace, kterou je rodina. M\u016f\u017ee m\u00edt ale tato krize skute\u010dn\u011b n\u011bjak\u00e9 dopady na ekonomick\u00e9 zdrav\u00ed spole\u010dnosti? M\u016f\u017ee Mo\u017en\u00e1 v\u00edce a bezprost\u0159edn\u011bji, ne\u017e si \u010dasto uv\u011bdomujeme.<\/p>\n","protected":false},"author":1,"featured_media":0,"comment_status":"open","ping_status":"open","sticky":false,"template":"","format":"standard","meta":{"ngg_post_thumbnail":0,"footnotes":""},"categories":[18],"tags":[],"class_list":["post-4151","post","type-post","status-publish","format-standard","hentry","category-postrehy"],"_links":{"self":[{"href":"https:\/\/www.ladislavjakl.cz\/index.php?rest_route=\/wp\/v2\/posts\/4151","targetHints":{"allow":["GET"]}}],"collection":[{"href":"https:\/\/www.ladislavjakl.cz\/index.php?rest_route=\/wp\/v2\/posts"}],"about":[{"href":"https:\/\/www.ladislavjakl.cz\/index.php?rest_route=\/wp\/v2\/types\/post"}],"author":[{"embeddable":true,"href":"https:\/\/www.ladislavjakl.cz\/index.php?rest_route=\/wp\/v2\/users\/1"}],"replies":[{"embeddable":true,"href":"https:\/\/www.ladislavjakl.cz\/index.php?rest_route=%2Fwp%2Fv2%2Fcomments&post=4151"}],"version-history":[{"count":2,"href":"https:\/\/www.ladislavjakl.cz\/index.php?rest_route=\/wp\/v2\/posts\/4151\/revisions"}],"predecessor-version":[{"id":4153,"href":"https:\/\/www.ladislavjakl.cz\/index.php?rest_route=\/wp\/v2\/posts\/4151\/revisions\/4153"}],"wp:attachment":[{"href":"https:\/\/www.ladislavjakl.cz\/index.php?rest_route=%2Fwp%2Fv2%2Fmedia&parent=4151"}],"wp:term":[{"taxonomy":"category","embeddable":true,"href":"https:\/\/www.ladislavjakl.cz\/index.php?rest_route=%2Fwp%2Fv2%2Fcategories&post=4151"},{"taxonomy":"post_tag","embeddable":true,"href":"https:\/\/www.ladislavjakl.cz\/index.php?rest_route=%2Fwp%2Fv2%2Ftags&post=4151"}],"curies":[{"name":"wp","href":"https:\/\/api.w.org\/{rel}","templated":true}]}}