{"id":4156,"date":"2013-09-11T12:00:51","date_gmt":"2013-09-11T10:00:51","guid":{"rendered":"http:\/\/www.ladislavjakl.cz\/?p=4156"},"modified":"2013-09-11T12:00:51","modified_gmt":"2013-09-11T10:00:51","slug":"bigbitova-folimanka-blues-ladislava-jakla-oslavi-dvacet-let-v-akropoli","status":"publish","type":"post","link":"https:\/\/www.ladislavjakl.cz\/?p=4156","title":{"rendered":"Bigb\u00edtov\u00e1 Folimanka Blues Ladislava Jakla oslav\u00ed dvacet let v Akropoli"},"content":{"rendered":"<p>Dvacet let je na  sc\u00e9n\u011b pra\u017esk\u00e1 bigb\u00edtov\u00e1 skupina Folimanka Blues. A\u010dkoliv z p\u016fvodn\u00ed  sestavy z\u016fstal na\u017eivu u\u017e pouze jej\u00ed frontman Ladislav Jakl, v\u017edy se  dok\u00e1zala vr\u00e1tit.<\/p>\n<p><!--more--><\/p>\n<div style=\"height: 361px;\"><img loading=\"lazy\" decoding=\"async\" title=\"Ladislav Jakl (Folimanka Blues)\" src=\"http:\/\/i.idnes.cz\/13\/083\/cl6\/ADB2964d9_3OM81AER2.jpg?v=3\" alt=\"Ladislav Jakl (Folimanka Blues)\" width=\"316\" height=\"181\" \/><br \/>\nLadislav Jakl (Folimanka Blues) \t\t \t\t\t<span> | foto:\u00a0<span>http:\/\/www.folimankablues.cz\/Kapela m\u00e1 za sebou stovky koncert\u016f v \u010cesku, hr\u00e1la v\u0161ak i na Slovensku, v Polsku, N\u011bmecku \u010di ve Spojen\u00fdch st\u00e1tech. Narozeninov\u00fd koncert se uskute\u010dn\u00ed v sobotu 14. z\u00e1\u0159\u00ed v pra\u017esk\u00e9m Pal\u00e1ci Akropolis.<br \/>\nKapela vznikla v roce 1993 a s\u00e1m Jakl ji charakterizuje jako odv\u00e1zan\u00fd bigb\u00edt i po\u0159\u00e1dn\u00e9 drama s kusem historie.  &#8222;Folimanka Blues je kapela velk\u00fdch v\u00e1\u0161n\u00ed i velk\u00e9 srandy, kapela, kter\u00e1  von\u00ed slzami a smrd\u00ed potem,&#8220; \u0159\u00edk\u00e1 Jakl, kter\u00fd do leto\u0161n\u00edho roku p\u016fsobil  jako tajemn\u00edk prezidenta V\u00e1clava Klause a s\u00e1m na tento \u00fa\u0159ad kandidoval.<\/p>\n<p>Ve  Folimanka Blues nyn\u00ed zp\u011bv\u00e1ka Jakla doprov\u00e1z\u00ed na kytaru Eugen P\u00e1l Bal\u00e1\u017e,  na basovou kytaru Had\u017ei Hrkal, na piano Pavel Ben\u00ed\u0161ek a na bic\u00ed  Miroslav Lahoda.<\/p>\n<p><a href=\"http:\/\/kultura.idnes.cz\/folimanka-blues-vyroci-07l-\/hudba.aspx?c=A130829_163332_hudba_ts\" target=\"_blank\">Zdroj<\/a><\/p>\n<p><\/span><\/span><\/div>\n","protected":false},"excerpt":{"rendered":"<p>Dvacet let je na sc\u00e9n\u011b pra\u017esk\u00e1 bigb\u00edtov\u00e1 skupina Folimanka Blues. A\u010dkoliv z p\u016fvodn\u00ed sestavy z\u016fstal na\u017eivu u\u017e pouze jej\u00ed frontman Ladislav Jakl, v\u017edy se dok\u00e1zala vr\u00e1tit.<\/p>\n","protected":false},"author":1,"featured_media":0,"comment_status":"open","ping_status":"open","sticky":false,"template":"","format":"standard","meta":{"ngg_post_thumbnail":0,"footnotes":""},"categories":[4,11],"tags":[],"class_list":["post-4156","post","type-post","status-publish","format-standard","hentry","category-hudba","category-ozvena"],"_links":{"self":[{"href":"https:\/\/www.ladislavjakl.cz\/index.php?rest_route=\/wp\/v2\/posts\/4156","targetHints":{"allow":["GET"]}}],"collection":[{"href":"https:\/\/www.ladislavjakl.cz\/index.php?rest_route=\/wp\/v2\/posts"}],"about":[{"href":"https:\/\/www.ladislavjakl.cz\/index.php?rest_route=\/wp\/v2\/types\/post"}],"author":[{"embeddable":true,"href":"https:\/\/www.ladislavjakl.cz\/index.php?rest_route=\/wp\/v2\/users\/1"}],"replies":[{"embeddable":true,"href":"https:\/\/www.ladislavjakl.cz\/index.php?rest_route=%2Fwp%2Fv2%2Fcomments&post=4156"}],"version-history":[{"count":2,"href":"https:\/\/www.ladislavjakl.cz\/index.php?rest_route=\/wp\/v2\/posts\/4156\/revisions"}],"predecessor-version":[{"id":4158,"href":"https:\/\/www.ladislavjakl.cz\/index.php?rest_route=\/wp\/v2\/posts\/4156\/revisions\/4158"}],"wp:attachment":[{"href":"https:\/\/www.ladislavjakl.cz\/index.php?rest_route=%2Fwp%2Fv2%2Fmedia&parent=4156"}],"wp:term":[{"taxonomy":"category","embeddable":true,"href":"https:\/\/www.ladislavjakl.cz\/index.php?rest_route=%2Fwp%2Fv2%2Fcategories&post=4156"},{"taxonomy":"post_tag","embeddable":true,"href":"https:\/\/www.ladislavjakl.cz\/index.php?rest_route=%2Fwp%2Fv2%2Ftags&post=4156"}],"curies":[{"name":"wp","href":"https:\/\/api.w.org\/{rel}","templated":true}]}}