{"id":4159,"date":"2013-09-11T12:04:34","date_gmt":"2013-09-11T10:04:34","guid":{"rendered":"http:\/\/www.ladislavjakl.cz\/?p=4159"},"modified":"2013-09-11T12:04:34","modified_gmt":"2013-09-11T10:04:34","slug":"jakl-kalousek-se-o-svobodu-nikdy-nezajimal-maximalne-o-cyrila","status":"publish","type":"post","link":"https:\/\/www.ladislavjakl.cz\/?p=4159","title":{"rendered":"Jakl: Kalousek se o svobodu nikdy nezaj\u00edmal. Maxim\u00e1ln\u011b o Cyrila"},"content":{"rendered":"<p>Ladislav Jakl, bl\u00edzk\u00fd spolupracovn\u00edk b\u00fdval\u00e9ho prezidenta V\u00e1clava  Klause, s vtipem sob\u011b vlastn\u00edm glosoval sobotn\u00ed rozhovor m\u00edstop\u0159edsedy  TOP 09 Miroslava Kalouska.<\/p>\n<p><!--more--><\/p>\n<p>Ten se v  rozhovoru pro Pr\u00e1vo nechal sly\u0161et, \u017ee v p\u0159ed\u010dasn\u00fdch volb\u00e1ch se bude  rozhodovat o pokra\u010dov\u00e1n\u00ed syst\u00e9mu parlamentn\u00ed demokracie. Podle Kalouska  nep\u016fjde ve volb\u00e1ch o nic jin\u00e9ho, ne\u017e o svobodu.<\/p>\n<p>To p\u0159i\u0161lo vtipn\u00e9  Ladislavu Jaklovi, kter\u00fd n\u00e1sledn\u011b pro Prvnizpravy.cz konstatoval, \u017ee a\u0165  se sna\u017e\u00ed vzpomenout si sebev\u00edc, Kalouska si nikdy o svobod\u011b mluvit  nepamatuje.<\/p>\n<p>\u201e\u017de jde Kalouskovi najednou o svobodu? Co pamatuji,  tak mu v\u017edy \u0161lo leda o Cyrila Svobodu, jinak jsem to slovo od n\u011bj nikdy v  \u017eivot\u011b nesly\u0161el,\u201c uvedl Jakl.<\/p>\n<p>Cyril Svoboda byl Kalouskov\u00fdm vnitropolitick\u00fdm soupe\u0159em v KDU-\u010cSL, ne\u017e Kalousek ode\u0161el od lidovc\u016f a zalo\u017eil si stranu TOP 09.<\/p>\n<p><a href=\"http:\/\/www.prvnizpravy.cz\/zpravy\/politika\/jakl-kalousek-se-o-svobodu-nikdy-nezajimal-maximalne-o-cyrila\/\" target=\"_blank\">Zdroj<\/a><\/p>\n","protected":false},"excerpt":{"rendered":"<p>Ladislav Jakl, bl\u00edzk\u00fd spolupracovn\u00edk b\u00fdval\u00e9ho prezidenta V\u00e1clava Klause, s vtipem sob\u011b vlastn\u00edm glosoval sobotn\u00ed rozhovor m\u00edstop\u0159edsedy TOP 09 Miroslava Kalouska.<\/p>\n","protected":false},"author":1,"featured_media":0,"comment_status":"open","ping_status":"open","sticky":false,"template":"","format":"standard","meta":{"ngg_post_thumbnail":0,"footnotes":""},"categories":[11],"tags":[],"class_list":["post-4159","post","type-post","status-publish","format-standard","hentry","category-ozvena"],"_links":{"self":[{"href":"https:\/\/www.ladislavjakl.cz\/index.php?rest_route=\/wp\/v2\/posts\/4159","targetHints":{"allow":["GET"]}}],"collection":[{"href":"https:\/\/www.ladislavjakl.cz\/index.php?rest_route=\/wp\/v2\/posts"}],"about":[{"href":"https:\/\/www.ladislavjakl.cz\/index.php?rest_route=\/wp\/v2\/types\/post"}],"author":[{"embeddable":true,"href":"https:\/\/www.ladislavjakl.cz\/index.php?rest_route=\/wp\/v2\/users\/1"}],"replies":[{"embeddable":true,"href":"https:\/\/www.ladislavjakl.cz\/index.php?rest_route=%2Fwp%2Fv2%2Fcomments&post=4159"}],"version-history":[{"count":1,"href":"https:\/\/www.ladislavjakl.cz\/index.php?rest_route=\/wp\/v2\/posts\/4159\/revisions"}],"predecessor-version":[{"id":4160,"href":"https:\/\/www.ladislavjakl.cz\/index.php?rest_route=\/wp\/v2\/posts\/4159\/revisions\/4160"}],"wp:attachment":[{"href":"https:\/\/www.ladislavjakl.cz\/index.php?rest_route=%2Fwp%2Fv2%2Fmedia&parent=4159"}],"wp:term":[{"taxonomy":"category","embeddable":true,"href":"https:\/\/www.ladislavjakl.cz\/index.php?rest_route=%2Fwp%2Fv2%2Fcategories&post=4159"},{"taxonomy":"post_tag","embeddable":true,"href":"https:\/\/www.ladislavjakl.cz\/index.php?rest_route=%2Fwp%2Fv2%2Ftags&post=4159"}],"curies":[{"name":"wp","href":"https:\/\/api.w.org\/{rel}","templated":true}]}}