{"id":416,"date":"2010-06-21T16:13:08","date_gmt":"2010-06-21T15:13:08","guid":{"rendered":"http:\/\/www.ladislavjakl.cz\/?p=416"},"modified":"2010-06-21T16:13:08","modified_gmt":"2010-06-21T15:13:08","slug":"necas-je-sanci-na-zmenu-ale-nema-dost-lidi-tvrdi-jakl","status":"publish","type":"post","link":"https:\/\/www.ladislavjakl.cz\/?p=416","title":{"rendered":"Ne\u010das je \u0161anc\u00ed na zm\u011bnu, ale nem\u00e1 dost lid\u00ed, tvrd\u00ed Jakl"},"content":{"rendered":"<p>Parlamentn\u00edListy.cz  zji\u0161tovaly, zda tajemn\u00edk prezidenta V\u00e1clava Klause Ladislav Jakl  pova\u017euje Petra Ne\u010dase za nad\u011bji pro ODS k n\u00e1vratu k pravicov\u00fdm idej\u00edm a  jak\u00fd m\u00e1 postoj k ostatn\u00edm pravicov\u00fdm \u010di euroskeptick\u00fdm stran\u00e1m.<\/p>\n<p><!--more-->\u201ePetr Ne\u010das nepochybn\u011b ur\u010ditou nad\u011bji p\u0159inesl.  P\u0159in\u00e1\u0161\u00ed nad\u011bji na zastaven\u00ed posunu ODS doleva, na zastaven\u00ed jej\u00ed ideov\u00e9  rozb\u0159edlosti a na zastaven\u00ed procesu, p\u0159i kter\u00e9m se ODS m\u011bnila sp\u00ed\u0161e na  Ob\u010danskou podnikatelskou stranu h\u00e1j\u00edc\u00ed parci\u00e1ln\u00ed z\u00e1jmy ur\u010dit\u00fdch  lobbistick\u00fdch skupin. V tomto smyslu ur\u010dit\u011b Ne\u010das nad\u011bj\u00ed podle m\u00e9ho  n\u00e1zoru je. Ale mysl\u00edm si, \u017ee pouze jeden \u010dlov\u011bk stranu ur\u010dit\u011b zachr\u00e1nit  nem\u016f\u017ee. Petr Ne\u010das v tomto sv\u00e9m \u00fasil\u00ed bude pot\u0159ebovat velkou podporu  uvnit\u0159 strany a j\u00e1 ji tam zat\u00edm moc nevid\u00edm,&#8220; odpov\u011bd\u011bl  pro\u00a0Parlamentn\u00edListy.cz Ladislav Jakl.<\/p>\n<p><strong>Jaklovi favorit\u00e9 Svobodn\u00ed<\/strong><\/p>\n<p>Tajemn\u00edk prezidenta\u00a0s\u00e1m volil Stranu svobodn\u00fdch ob\u010dan\u016f, kterou zalo\u017eil  Klaus\u016fv exporadce a b\u00fdval\u00fd \u0159editel Centra pro ekonomiku a politiku Petr  Mach.<\/p>\n<p>\u201eVelmi bych se ob\u00e1val, aby tato strana ze sv\u00e9ho volebn\u00edho v\u00fdsledku  vyvodila \u0161patn\u00e9 z\u00e1v\u011bry. Nem\u011bla by si \u0159\u00edct: \u00b4Lep\u0161\u00edch volebn\u00edch v\u00fdsledk\u016f  dos\u00e1hneme, kdy\u017e se vzd\u00e1me n\u011bkter\u00fdch idej\u00ed a trochu se rozkro\u010d\u00edme\u00b4.  Takov\u00e1 strana by nebyla \u017e\u00e1dn\u00fdm p\u0159\u00ednosem. Takov\u00fdchto rozkro\u010den\u00fdch stran  je u n\u00e1s mnoho a j\u00e1 jsem vd\u011b\u010dn\u00fd za to, \u017ee tu je strana, kter\u00e1 h\u00e1j\u00ed co  nejd\u016fsledn\u011bji principy svobody jednotlivc\u016f. Mn\u011b by velmi chyb\u011blo, kdyby  tu takov\u00e1 strany neexistovala,&#8220; \u0159ekl Jakl.<\/p>\n<p><strong>Blok\u00e1da m\u00e9di\u00ed<\/strong><\/p>\n<p>Strana m\u00e1 podle Jakla svou v\u00fdznamnou roli p\u0159i jak\u00e9mkoli volebn\u00edm zisku  jako ur\u010dit\u00fd korektiv v\u016f\u010di v\u0161em stran\u00e1m ostatn\u00edm. M\u00e9dia\u00a0pak stranu  blokovala a ignorovala. \u201eAle nen\u00ed mo\u017en\u00e9 v\u0161e sv\u00e1d\u011bt na m\u00e9dia, kter\u00e1 jsou  spjata s jin\u00fdmi z\u00e1jmy. V\u011bt\u0161ina m\u00e9di\u00ed na sv\u011bt\u011b v\u017edy byla, je a bude  levicov\u011b liber\u00e1ln\u00ed a ke konzervativn\u011b orientovan\u00fdm stran\u00e1m bude m\u00edt v\u017edy  odpor,&#8220; uvedl sympatizant strany Jakl.<\/p>\n<p>Svobodn\u00ed se mus\u00ed podle\u00a0prezidentova tajemn\u00edka\u00a0zamyslet, jak tuto blok\u00e1du  l\u00e9pe prolomit a jak na sebe upozornit. \u201eTa strana m\u00e1 svou cenu a p\u0159eji  j\u00ed, aby se prosadila do obecn\u00e9ho pov\u011bdom\u00ed, proto\u017ee v\u011bt\u0161ina lid\u00ed nem\u00e1  tu\u0161en\u00ed, \u017ee takov\u00e1 strana existuje. Kdyby v\u011bd\u011bli, \u017ee existuje a jak\u00e9  principy h\u00e1j\u00ed, tak by zjistili, \u017ee si mysl\u00ed n\u011bco podobn\u00e9ho a v\u00fdsledek  strany by byl lep\u0161\u00ed,&#8220; m\u00edn\u00ed Jakl s t\u00edm, \u017ee\u00a0by strana m\u011bla b\u00fdt sou\u010d\u00e1st\u00ed  ve\u0159ejn\u00e9 debaty a m\u011bla by do n\u00ed p\u0159isp\u00edvat sv\u00fdm z\u00e1sadov\u00fdm postojem.<\/p>\n<p><strong>Suverenita h\u00e1j\u00ed n\u00e1rodn\u00ed z\u00e1jmy<\/strong><\/p>\n<p>Prezident Klaus poslal tak\u00e9 zdravici bloku Suverenita Jany Bobo\u0161\u00edkov\u00e9.  Jaklovi je na t\u00e9to stran\u011b p\u0159edev\u0161\u00edm sympatick\u00e1 obhajoba n\u00e1rodn\u00edch z\u00e1jm\u016f.  Ostatn\u00ed jej\u00ed t\u00e9mata ho p\u0159\u00edli\u0161 neoslovila. \u201eMn\u011b se tato strana zd\u00e1 m\u00e1lo  univerz\u00e1ln\u00ed. Zat\u00edmco velk\u00e9 strany rezignovaly na obhajobu n\u00e1rodn\u00edch  z\u00e1jm\u016f na evropsk\u00e9m h\u0159i\u0161ti, tak u t\u00e9to strany m\u00e1m pocit, \u017ee ned\u011bl\u00e1 nic  jin\u00e9ho. V t\u00e9to v\u011bci m\u00e1 m\u00e9 sympatie, ale chyb\u00ed mi tam n\u011bjak\u00e9 dal\u0161\u00ed  programov\u00e9 maso, na kter\u00e9m by to bylo cel\u00e9 vystav\u011bno,&#8220; uvedl Jakl.<\/p>\n<p>Zdroj: <a href=\"http:\/\/www.parlamentnilisty.cz\/parlament\/168359.aspx\" target=\"_blank\">zde<\/a><\/p>\n","protected":false},"excerpt":{"rendered":"<p>Parlamentn\u00edListy.cz zji\u0161tovaly, zda tajemn\u00edk prezidenta V\u00e1clava Klause Ladislav Jakl pova\u017euje Petra Ne\u010dase za nad\u011bji pro ODS k n\u00e1vratu k pravicov\u00fdm idej\u00edm a jak\u00fd m\u00e1 postoj k ostatn\u00edm pravicov\u00fdm \u010di euroskeptick\u00fdm stran\u00e1m.<\/p>\n","protected":false},"author":1,"featured_media":0,"comment_status":"open","ping_status":"open","sticky":false,"template":"","format":"standard","meta":{"ngg_post_thumbnail":0,"footnotes":""},"categories":[11],"tags":[],"class_list":["post-416","post","type-post","status-publish","format-standard","hentry","category-ozvena"],"_links":{"self":[{"href":"https:\/\/www.ladislavjakl.cz\/index.php?rest_route=\/wp\/v2\/posts\/416","targetHints":{"allow":["GET"]}}],"collection":[{"href":"https:\/\/www.ladislavjakl.cz\/index.php?rest_route=\/wp\/v2\/posts"}],"about":[{"href":"https:\/\/www.ladislavjakl.cz\/index.php?rest_route=\/wp\/v2\/types\/post"}],"author":[{"embeddable":true,"href":"https:\/\/www.ladislavjakl.cz\/index.php?rest_route=\/wp\/v2\/users\/1"}],"replies":[{"embeddable":true,"href":"https:\/\/www.ladislavjakl.cz\/index.php?rest_route=%2Fwp%2Fv2%2Fcomments&post=416"}],"version-history":[{"count":1,"href":"https:\/\/www.ladislavjakl.cz\/index.php?rest_route=\/wp\/v2\/posts\/416\/revisions"}],"predecessor-version":[{"id":417,"href":"https:\/\/www.ladislavjakl.cz\/index.php?rest_route=\/wp\/v2\/posts\/416\/revisions\/417"}],"wp:attachment":[{"href":"https:\/\/www.ladislavjakl.cz\/index.php?rest_route=%2Fwp%2Fv2%2Fmedia&parent=416"}],"wp:term":[{"taxonomy":"category","embeddable":true,"href":"https:\/\/www.ladislavjakl.cz\/index.php?rest_route=%2Fwp%2Fv2%2Fcategories&post=416"},{"taxonomy":"post_tag","embeddable":true,"href":"https:\/\/www.ladislavjakl.cz\/index.php?rest_route=%2Fwp%2Fv2%2Ftags&post=416"}],"curies":[{"name":"wp","href":"https:\/\/api.w.org\/{rel}","templated":true}]}}