{"id":4161,"date":"2013-09-11T12:06:51","date_gmt":"2013-09-11T10:06:51","guid":{"rendered":"http:\/\/www.ladislavjakl.cz\/?p=4161"},"modified":"2013-09-11T12:06:51","modified_gmt":"2013-09-11T10:06:51","slug":"klaus-na-mitincich-bloku-bobosikove-to-se-jeste-uvidi-rika-jakl","status":"publish","type":"post","link":"https:\/\/www.ladislavjakl.cz\/?p=4161","title":{"rendered":"Klaus na m\u00edtinc\u00edch bloku Bobo\u0161\u00edkov\u00e9? To se je\u0161t\u011b uvid\u00ed, \u0159\u00edk\u00e1 Jakl"},"content":{"rendered":"<p>P\u0159esto\u017ee V\u00e1clav  Klaus ve volb\u00e1ch kandidovat nebude, Jana Bobo\u0161\u00edkov\u00e1 douf\u00e1, \u017ee v kampani  podpo\u0159\u00ed jej\u00ed nov\u00fd blok nazvan\u00fd Hlavu vzh\u016fru! Ladislav Jakl v\u0161ak jej\u00ed  nad\u0161en\u00ed m\u00edrn\u00ed. B\u00fdval\u00fd prezident podle n\u011bj bloku nedal souhlas s voln\u00fdm  u\u017e\u00edv\u00e1n\u00edm sv\u00e9ho jm\u00e9na. A o jeho podpo\u0159e je\u0161t\u011b nen\u00ed rozhodnuto.<br \/>\n<!--more--> <img loading=\"lazy\" decoding=\"async\" title=\"Jsme v podobn\u00e9 situaci, jako kdy\u017e se ve dvac\u00e1t\u00fdch letech minul\u00e9ho stolet\u00ed\" src=\"http:\/\/i.idnes.cz\/13\/023\/cl6\/JAV495be6_145631_7753246.jpg\" alt=\"Jsme v podobn\u00e9 situaci, jako kdy\u017e se ve dvac\u00e1t\u00fdch letech minul\u00e9ho stolet\u00ed\" width=\"346\" height=\"216\" \/><br \/>\nTo, zda a jak novou iniciativu Klaus podpo\u0159\u00ed, zat\u00edm nen\u00ed rozhodnuto. Uvedl to jeho spolupracovn\u00edk Ladislav Jakl. \t\t \t\t\t | foto:\u00a0         Dan Materna,         MAFRA<\/p>\n<p>&#8222;O sv\u00e9 p\u0159\u00edpadn\u00e9 podpo\u0159e a jej\u00edch form\u00e1ch rozhodne s\u00e1m i\u00a0podle  p\u0159\u00ed\u0161t\u00edch krok\u016f t\u00e9to skupiny. Rozhodn\u011b jim neposkytl sv\u00e9 jm\u00e9no k voln\u00e9mu  u\u017e\u00edv\u00e1n\u00ed,&#8220; uvedl Jakl v SMS zpr\u00e1v\u011b s t\u00edm, \u017ee p\u00e1te\u010dn\u00edho jedn\u00e1n\u00ed o vzniku volebn\u00edho bloku se osobn\u011b \u00fa\u010dastnil.<\/p>\n<p>N\u00e1zev  bloku by tedy nem\u011bl b\u00fdt p\u0159\u00edmo spojen s V\u00e1clavem Klausem. Jeho jm\u00e9no \u010di  fotografie by zat\u00edm nem\u011blo b\u00fdt ani na p\u0159\u00edpadn\u00fdch\u00a0p\u0159edvolebn\u00edch  materi\u00e1lech.<\/p>\n<p>Blok Hlavu vzh\u016fru! vede p\u0159edsedkyn\u011b Suverenity Jana  Bobo\u0161\u00edkov\u00e1. V rozhovoru pro iDNES.cz \u0159ekla, \u017ee u\u017e s Klausem hovo\u0159ila o  tom, \u017ee by se mohl z\u00fa\u010dastnit volebn\u00edch m\u00edtink\u016f. Z\u00e1rove\u0148 ale podotkla, \u017ee  Klaus si ve volebn\u00ed kampani najde s\u00e1m vlastn\u00ed m\u00edsto podle toho, jak  bude kampa\u0148 konstruov\u00e1na (rozhovor s Bobo\u0161\u00edkovou \u010dt\u011bte zde).<\/p>\n<p>Volebn\u00ed  blok s n\u00e1zvem Hlavu vzh\u016fru! vznikl v p\u00e1tek. Krom\u011b Suverenity se do n\u011bj  zapojili hnut\u00ed Uzdravme na\u0161i politiku, politick\u00e1 strana Volba pro Kladno  nebo iniciativy\u00a0Jiho\u010de\u0161i 2012 a D.O.S.T.<\/p>\n<p>K bloku se p\u0159ihl\u00e1sili  tak\u00e9 n\u011bkte\u0159\u00ed sou\u010dasn\u00ed a b\u00fdval\u00ed poslanci a sen\u00e1to\u0159i ODS. Nap\u0159\u00edklad Boris  \u0160\u0165astn\u00fd, Tom\u00e1\u0161 \u00dalehla, Michal Doktor, Liana Jan\u00e1\u010dkov\u00e1. Pod spole\u010dn\u00e9 prohl\u00e1\u0161en\u00ed se podepsali tak\u00e9 starosta Prahy 4 Pavel Caldr a Prahy 10 Bohumil Zoufal\u00edk.<\/p>\n<p><a href=\"http:\/\/zpravy.idnes.cz\/klaus-vaha-s-podporou-bobosikove-a-hlavu-vzhuru-ftn-\/domaci.aspx?c=A130901_105205_domaci_hv\" target=\"_blank\">Zdroj<\/a><\/p>\n","protected":false},"excerpt":{"rendered":"<p>P\u0159esto\u017ee V\u00e1clav Klaus ve volb\u00e1ch kandidovat nebude, Jana Bobo\u0161\u00edkov\u00e1 douf\u00e1, \u017ee v kampani podpo\u0159\u00ed jej\u00ed nov\u00fd blok nazvan\u00fd Hlavu vzh\u016fru! Ladislav Jakl v\u0161ak jej\u00ed nad\u0161en\u00ed m\u00edrn\u00ed. B\u00fdval\u00fd prezident podle n\u011bj bloku nedal souhlas s voln\u00fdm u\u017e\u00edv\u00e1n\u00edm sv\u00e9ho jm\u00e9na. A o jeho podpo\u0159e je\u0161t\u011b nen\u00ed rozhodnuto.<\/p>\n","protected":false},"author":1,"featured_media":0,"comment_status":"open","ping_status":"open","sticky":false,"template":"","format":"standard","meta":{"ngg_post_thumbnail":0,"footnotes":""},"categories":[11],"tags":[],"class_list":["post-4161","post","type-post","status-publish","format-standard","hentry","category-ozvena"],"_links":{"self":[{"href":"https:\/\/www.ladislavjakl.cz\/index.php?rest_route=\/wp\/v2\/posts\/4161","targetHints":{"allow":["GET"]}}],"collection":[{"href":"https:\/\/www.ladislavjakl.cz\/index.php?rest_route=\/wp\/v2\/posts"}],"about":[{"href":"https:\/\/www.ladislavjakl.cz\/index.php?rest_route=\/wp\/v2\/types\/post"}],"author":[{"embeddable":true,"href":"https:\/\/www.ladislavjakl.cz\/index.php?rest_route=\/wp\/v2\/users\/1"}],"replies":[{"embeddable":true,"href":"https:\/\/www.ladislavjakl.cz\/index.php?rest_route=%2Fwp%2Fv2%2Fcomments&post=4161"}],"version-history":[{"count":1,"href":"https:\/\/www.ladislavjakl.cz\/index.php?rest_route=\/wp\/v2\/posts\/4161\/revisions"}],"predecessor-version":[{"id":4162,"href":"https:\/\/www.ladislavjakl.cz\/index.php?rest_route=\/wp\/v2\/posts\/4161\/revisions\/4162"}],"wp:attachment":[{"href":"https:\/\/www.ladislavjakl.cz\/index.php?rest_route=%2Fwp%2Fv2%2Fmedia&parent=4161"}],"wp:term":[{"taxonomy":"category","embeddable":true,"href":"https:\/\/www.ladislavjakl.cz\/index.php?rest_route=%2Fwp%2Fv2%2Fcategories&post=4161"},{"taxonomy":"post_tag","embeddable":true,"href":"https:\/\/www.ladislavjakl.cz\/index.php?rest_route=%2Fwp%2Fv2%2Ftags&post=4161"}],"curies":[{"name":"wp","href":"https:\/\/api.w.org\/{rel}","templated":true}]}}