{"id":4163,"date":"2013-09-11T12:16:54","date_gmt":"2013-09-11T10:16:54","guid":{"rendered":"http:\/\/www.ladislavjakl.cz\/?p=4163"},"modified":"2013-09-11T12:16:54","modified_gmt":"2013-09-11T10:16:54","slug":"klaus-se-zlobi-sve-jmeno-nechce-spojit-s-bobosikovou","status":"publish","type":"post","link":"https:\/\/www.ladislavjakl.cz\/?p=4163","title":{"rendered":"Klaus se zlob\u00ed. Sv\u00e9 jm\u00e9no nechce spojit s Bobo\u0161\u00edkovou"},"content":{"rendered":"<div id=\"lightbox-search\">\n<p>Zpr\u00e1vy o tom, \u017ee V\u00e1clav Klaus podpo\u0159il ve volebn\u00ed kampani  vznikaj\u00edc\u00ed politick\u00fd blok Hlavu vzh\u016fru Jany Bobo\u0161\u00edkov\u00e9, nejsou podle  informac\u00ed on-line den\u00edku T\u00ddDEN.CZ tak \u00fapln\u011b pravdiv\u00e9. V\u00e1clav Klaus pr\u00fd  nen\u00ed medi\u00e1ln\u00ed bublinou, kter\u00e1 kolem spojen\u00ed jeho a nov\u00e9ho politick\u00e9ho  bloku vznik\u00e1, v\u016fbec nad\u0161en. Dokonce zak\u00e1zal, aby v n\u00e1zvu bloku jeho  jm\u00e9no zazn\u011blo, \u0159ekl on-line den\u00edku T\u00ddDEN.CZ jeho spolupracovn\u00edk Ladislav  Jakl.<\/p>\n<p><!--more-->&#8222;Pan prezident V\u00e1clav Klaus vyj\u00e1d\u0159il\u00a0v\u00a0p\u00e1tek ve sv\u00e9m institutu  dvac\u00edtce lid\u00ed, kte\u0159\u00ed ho nav\u0161t\u00edvili, svou naprosto exkluzivn\u00ed podporu ve  volebn\u00ed kampani,&#8220; \u0159ekla on-line den\u00edku T\u00ddDEN.CZ Jana Bobo\u0161\u00edkov\u00e1, kter\u00e1  nov\u00e9mu bloku p\u0159edsed\u00e1.<\/p>\n<p>\u017de ale v\u0161e nemus\u00ed b\u00fdt tak, jak Bobo\u0161\u00edkov\u00e1 l\u00ed\u010d\u00ed v m\u00e9di\u00edch, nazna\u010duj\u00ed  slova Klausova\u00a0spolupracovn\u00edka Ladislava Jakla.\u00a0&#8222;Sed\u011bl jsem u toho  setk\u00e1n\u00ed a pamatuji si to trochu jinak,&#8220; sd\u011blil. &#8222;Dokonce tam zazn\u011blo, \u017ee  jm\u00e9no V\u00e1clava Klause nesm\u00ed v\u00a0n\u00e1zvu p\u0159\u00edpadn\u00e9ho volebn\u00edho bloku zazn\u00edt.  Je na V\u00e1clavu Klausovi, jak a koho podpo\u0159\u00ed. Ne \u017ee poskytne sv\u00e9 jm\u00e9no  k\u00a0voln\u00e9mu u\u017eit\u00ed,&#8220; napsal Jakl on-line den\u00edku T\u00ddDEN.CZ v\u00a0SMS zpr\u00e1v\u011b.<\/p>\n<p>Nov\u00fd politick\u00fd subjekt pojmenovan\u00fd Hlavu vzh\u016fru!, kter\u00fd sdru\u017euje  pravicov\u00e9 politiky, m\u00e1 podle Bobo\u0161\u00edkov\u00e9 pomoci ozdravit \u010deskou politiku a  p\u0159iv\u00e9st zemi k\u00a0prosperit\u011b. Hl\u00e1s\u00ed se k\u00a0n\u011bmu \u0159ada b\u00fdval\u00fdch ob\u010dansk\u00fdch  demokrat\u016f &#8211; nam\u00e1tkou exposlanci Boris \u0160\u0165astn\u00fd, Michal Doktor\u00a0\u010di Tom\u00e1\u0161  \u00dalehla. P\u0159edsedat bloku bude Jana Bobo\u0161\u00edkov\u00e1, kter\u00e1 se dvakr\u00e1t uch\u00e1zela o  post prezidentky, ale i sen\u00e1torky nebo \u0161\u00e9fky \u010cesk\u00e9 televize.<\/p>\n<p>Informace  o tom, \u017ee Klaus vyj\u00e1d\u0159il tomuto politick\u00e9mu uskupen\u00ed podporu ve volebn\u00ed  kampani, roz\u0161\u00ed\u0159ila Bobo\u0161\u00edkov\u00e1 v\u00a0p\u00e1tek ve\u010der po sch\u016fzce s\u00a0b\u00fdvalou hlavou  st\u00e1tu. I jej\u00ed pr\u016fb\u011bh v\u0161ak m\u011bl jin\u00fd sc\u00e9n\u00e1\u0159, ne\u017e pr\u00fd p\u016fvodn\u011b Klaus  zam\u00fd\u0161lel. Podle informac\u00ed on-line den\u00edku T\u00ddDEN.CZ Klaus pl\u00e1noval setk\u00e1n\u00ed  s\u00a0Borisem \u0160\u0165astn\u00fdm, ale nakonec ho p\u0159ekvapila\u00a0zhruba dvac\u00edtka lid\u00ed.<\/p>\n<p>Volebn\u00ed blok Hlavu vzh\u016fru! bude kandidovat v\u00a0p\u0159ed\u010dasn\u00fdch volb\u00e1ch do  sn\u011bmovny. Sdru\u017euje n\u011bkolik politick\u00fdch uskupen\u00ed, zejm\u00e9na z\u00a0region\u016f. Jak  ale on-line den\u00edk T\u00ddDEN.CZ zjistil,\u00a0je\u00a0t\u00e9m\u011b\u0159 vylou\u010deno, \u017ee by Klaus  subjekt podpo\u0159il na volebn\u00edch m\u00edtinc\u00edch.<\/p>\n<p>&#8222;J\u00e1 jsem r\u00e1d, \u017ee jsem mohl b\u00fdt u toho, kdy cel\u00e1 \u0159ada politick\u00fdch  stran a hnut\u00ed, ale i jednotlivc\u016f podobn\u00e9ho sm\u011b\u0159ov\u00e1n\u00ed se dok\u00e1zala  domluvit a vytvo\u0159it jeden siln\u00fd, liber\u00e1ln\u011b-konzervativn\u00ed blok, kter\u00fd  nepochybn\u011b bude do budoucna ovliv\u0148ovat politiku na prav\u00e9 \u010d\u00e1sti spektra,&#8220;  uvedl pro on-line den\u00edk T\u00ddDEN.CZ \u0160\u0165astn\u00fd.<\/p>\n<p><a href=\"http:\/\/www.tyden.cz\/rubriky\/domaci\/politika\/klaus-se-zlobi-sve-jmeno-nechce-spojit-s-bobosikovou_281203.html\" target=\"_blank\">Zdroj<\/a><\/div>\n","protected":false},"excerpt":{"rendered":"<p>Zpr\u00e1vy o tom, \u017ee V\u00e1clav Klaus podpo\u0159il ve volebn\u00ed kampani vznikaj\u00edc\u00ed politick\u00fd blok Hlavu vzh\u016fru Jany Bobo\u0161\u00edkov\u00e9, nejsou podle informac\u00ed on-line den\u00edku T\u00ddDEN.CZ tak \u00fapln\u011b pravdiv\u00e9. V\u00e1clav Klaus pr\u00fd nen\u00ed medi\u00e1ln\u00ed bublinou, kter\u00e1 kolem spojen\u00ed jeho a nov\u00e9ho politick\u00e9ho bloku vznik\u00e1, v\u016fbec nad\u0161en. Dokonce zak\u00e1zal, aby v n\u00e1zvu bloku jeho jm\u00e9no zazn\u011blo, \u0159ekl on-line den\u00edku [&hellip;]<\/p>\n","protected":false},"author":1,"featured_media":0,"comment_status":"open","ping_status":"open","sticky":false,"template":"","format":"standard","meta":{"ngg_post_thumbnail":0,"footnotes":""},"categories":[11],"tags":[],"class_list":["post-4163","post","type-post","status-publish","format-standard","hentry","category-ozvena"],"_links":{"self":[{"href":"https:\/\/www.ladislavjakl.cz\/index.php?rest_route=\/wp\/v2\/posts\/4163","targetHints":{"allow":["GET"]}}],"collection":[{"href":"https:\/\/www.ladislavjakl.cz\/index.php?rest_route=\/wp\/v2\/posts"}],"about":[{"href":"https:\/\/www.ladislavjakl.cz\/index.php?rest_route=\/wp\/v2\/types\/post"}],"author":[{"embeddable":true,"href":"https:\/\/www.ladislavjakl.cz\/index.php?rest_route=\/wp\/v2\/users\/1"}],"replies":[{"embeddable":true,"href":"https:\/\/www.ladislavjakl.cz\/index.php?rest_route=%2Fwp%2Fv2%2Fcomments&post=4163"}],"version-history":[{"count":1,"href":"https:\/\/www.ladislavjakl.cz\/index.php?rest_route=\/wp\/v2\/posts\/4163\/revisions"}],"predecessor-version":[{"id":4164,"href":"https:\/\/www.ladislavjakl.cz\/index.php?rest_route=\/wp\/v2\/posts\/4163\/revisions\/4164"}],"wp:attachment":[{"href":"https:\/\/www.ladislavjakl.cz\/index.php?rest_route=%2Fwp%2Fv2%2Fmedia&parent=4163"}],"wp:term":[{"taxonomy":"category","embeddable":true,"href":"https:\/\/www.ladislavjakl.cz\/index.php?rest_route=%2Fwp%2Fv2%2Fcategories&post=4163"},{"taxonomy":"post_tag","embeddable":true,"href":"https:\/\/www.ladislavjakl.cz\/index.php?rest_route=%2Fwp%2Fv2%2Ftags&post=4163"}],"curies":[{"name":"wp","href":"https:\/\/api.w.org\/{rel}","templated":true}]}}