{"id":4165,"date":"2013-09-11T12:21:49","date_gmt":"2013-09-11T10:21:49","guid":{"rendered":"http:\/\/www.ladislavjakl.cz\/?p=4165"},"modified":"2013-09-11T12:21:49","modified_gmt":"2013-09-11T10:21:49","slug":"kalouskovi-vzdy-slo-jen-o-cyrila-svobodu-ne-o-svobodu-rypl-jakl","status":"publish","type":"post","link":"https:\/\/www.ladislavjakl.cz\/?p=4165","title":{"rendered":"Kalouskovi v\u017edy \u0161lo jen o Cyrila Svobodu, ne o svobodu, r\u00fdpl Jakl"},"content":{"rendered":"<p>Ladislav Jakl, bl\u00edzk\u00fd  spolupracovn\u00edk b\u00fdval\u00e9ho prezidenta V\u00e1clava Klause, se pustil do k\u0159\u00ed\u017eku s  prvn\u00edm m\u00edstop\u0159edsedou TOP 09 Miroslavem Kalouskem kv\u016fli v\u00fdroku, \u017ee ve  volb\u00e1ch nep\u016fjde o nic jin\u00e9ho ne\u017e o svobodu. Podle Jakla \u0161lo Kalouskovi  v\u017edy jen o Cyrila Svobodu, b\u00fdval\u00e9ho lidoveck\u00e9ho rivala.<\/p>\n<p><!--more--><br \/>\n<img loading=\"lazy\" decoding=\"async\" id=\"gallPicture\" title=\"Ladislav Jakl\" src=\"http:\/\/media.novinky.cz\/449\/374492-top_foto1-wgf0z.jpg?1378033205\" alt=\"Ladislav Jakl\" width=\"327\" height=\"184\" \/><\/p>\n<p>Ladislav Jakl FOTO: Jan Handrejch, Pr\u00e1vo<\/p>\n<p>\u201e\u017de jde Kalouskovi najednou o svobodu? Co pamatuji, tak mu v\u017edy \u0161lo leda o Cyrila Svobodu,  jinak jsem to slovo od n\u011bj nikdy v \u017eivot\u011b nesly\u0161el,\u201c reagoval v ned\u011bli  Jakl ironicky na Kalousk\u016fv rozhovor pro Pr\u00e1vo, ve kter\u00e9m prohl\u00e1sil, \u017ee  se bude ve volb\u00e1ch rozhodovat, zda lid\u00e9 cht\u011bj\u00ed pokra\u010dovat v syst\u00e9mu  parlamentn\u00ed demokracie. Zd\u016fraznil, \u017ee nep\u016fjde o nic jin\u00e9ho ne\u017e o  svobodu.<\/p>\n<p>Jakl sv\u00fdm vyj\u00e1d\u0159en\u00edm pouk\u00e1zal na napjat\u00e9 vztahy, kter\u00e9 panovaly mezi Kalouskem a Svobodou v dob\u00e1ch, kdy oba p\u016fsobili v KDU-\u010cSL.  Zvl\u00e1\u0161t\u011b vyhrocen\u00e1 situace byla v dob\u011b, kdy byl Svoboda \u0161\u00e9fem lidovc\u016f,  tedy v letech 2001 a\u017e 2003 &#8211; ne\u017e byl nahrazen &#8211; Kalouskem.<\/p>\n<p>V roce  2001 Svoboda zd\u016fvod\u0148oval nesouhlas s Kalouskovou \u00fa\u010dast\u00ed v lidoveck\u00e9  st\u00ednov\u00e9 vl\u00e1d\u011b odkazem na \u00fadajn\u00e9 pochybn\u00e9 aktivity v dob\u011b, kdy byl  Kalousek n\u00e1m\u011bstek ministra obrany. Proti tomu se Kalousek ohradil.  V\u00fdsledkem t\u0159enice byla Svobodova omluva.<\/p>\n<p><a href=\"http:\/\/www.novinky.cz\/domaci\/312085-kalouskovi-vzdy-slo-jen-o-cyrila-svobodu-ne-o-svobodu-rypl-jakl.html\" target=\"_blank\">Zdroj<\/a><\/p>\n","protected":false},"excerpt":{"rendered":"<p>Ladislav Jakl, bl\u00edzk\u00fd spolupracovn\u00edk b\u00fdval\u00e9ho prezidenta V\u00e1clava Klause, se pustil do k\u0159\u00ed\u017eku s prvn\u00edm m\u00edstop\u0159edsedou TOP 09 Miroslavem Kalouskem kv\u016fli v\u00fdroku, \u017ee ve volb\u00e1ch nep\u016fjde o nic jin\u00e9ho ne\u017e o svobodu. Podle Jakla \u0161lo Kalouskovi v\u017edy jen o Cyrila Svobodu, b\u00fdval\u00e9ho lidoveck\u00e9ho rivala.<\/p>\n","protected":false},"author":1,"featured_media":0,"comment_status":"open","ping_status":"open","sticky":false,"template":"","format":"standard","meta":{"ngg_post_thumbnail":0,"footnotes":""},"categories":[11],"tags":[],"class_list":["post-4165","post","type-post","status-publish","format-standard","hentry","category-ozvena"],"_links":{"self":[{"href":"https:\/\/www.ladislavjakl.cz\/index.php?rest_route=\/wp\/v2\/posts\/4165","targetHints":{"allow":["GET"]}}],"collection":[{"href":"https:\/\/www.ladislavjakl.cz\/index.php?rest_route=\/wp\/v2\/posts"}],"about":[{"href":"https:\/\/www.ladislavjakl.cz\/index.php?rest_route=\/wp\/v2\/types\/post"}],"author":[{"embeddable":true,"href":"https:\/\/www.ladislavjakl.cz\/index.php?rest_route=\/wp\/v2\/users\/1"}],"replies":[{"embeddable":true,"href":"https:\/\/www.ladislavjakl.cz\/index.php?rest_route=%2Fwp%2Fv2%2Fcomments&post=4165"}],"version-history":[{"count":2,"href":"https:\/\/www.ladislavjakl.cz\/index.php?rest_route=\/wp\/v2\/posts\/4165\/revisions"}],"predecessor-version":[{"id":4167,"href":"https:\/\/www.ladislavjakl.cz\/index.php?rest_route=\/wp\/v2\/posts\/4165\/revisions\/4167"}],"wp:attachment":[{"href":"https:\/\/www.ladislavjakl.cz\/index.php?rest_route=%2Fwp%2Fv2%2Fmedia&parent=4165"}],"wp:term":[{"taxonomy":"category","embeddable":true,"href":"https:\/\/www.ladislavjakl.cz\/index.php?rest_route=%2Fwp%2Fv2%2Fcategories&post=4165"},{"taxonomy":"post_tag","embeddable":true,"href":"https:\/\/www.ladislavjakl.cz\/index.php?rest_route=%2Fwp%2Fv2%2Ftags&post=4165"}],"curies":[{"name":"wp","href":"https:\/\/api.w.org\/{rel}","templated":true}]}}