{"id":4168,"date":"2013-09-11T12:37:58","date_gmt":"2013-09-11T10:37:58","guid":{"rendered":"http:\/\/www.ladislavjakl.cz\/?p=4168"},"modified":"2013-09-11T12:37:58","modified_gmt":"2013-09-11T10:37:58","slug":"klaus-neposkytl-jmeno-k-volnemu-uzivani-zaznelo-varovani-k-bobosikove","status":"publish","type":"post","link":"https:\/\/www.ladislavjakl.cz\/?p=4168","title":{"rendered":"Klaus neposkytl jm\u00e9no k voln\u00e9mu u\u017e\u00edv\u00e1n\u00ed, zazn\u011blo varov\u00e1n\u00ed k Bobo\u0161\u00edkov\u00e9"},"content":{"rendered":"<p>Bl\u00edzk\u00fd spolupracovn\u00edk  V\u00e1clava Klause, n\u011bkdej\u0161\u00ed hradn\u00ed tajemn\u00edk Ladislav Jakl, se rozhodl  uzemnit n\u011bkter\u00e9 v\u00fdroky \u0161\u00e9fky Suverenity Jany Bobo\u0161\u00edkov\u00e9. Ta tvrd\u00ed, \u017ee  nov\u00fd politick\u00fd blok Hlavu vzh\u016fru vznik\u00e1 s osobn\u00ed Klausovou podporou.  Podle Jakla ale exprezident o p\u0159\u00edpadn\u00e9 podpo\u0159e teprve rozhodne. A  zd\u016fraznil, \u017ee Klaus neposkytl jm\u00e9no k voln\u00e9mu vyu\u017eit\u00ed.<br \/>\n<!--more--> <img loading=\"lazy\" decoding=\"async\" id=\"gallPicture\" title=\"Exprezident V\u00e1clav Klaus ve sv\u00e9 kancel\u00e1\u0159i v Institutu V\u00e1clava Klause\" src=\"http:\/\/media.novinky.cz\/536\/365362-top_foto1-v21ng.jpg?1378733406\" alt=\"Exprezident V\u00e1clav Klaus ve sv\u00e9 kancel\u00e1\u0159i v Institutu V\u00e1clava Klause\" width=\"359\" height=\"202\" \/><\/p>\n<p>Exprezident V\u00e1clav Klaus ve sv\u00e9 kancel\u00e1\u0159i v Institutu V\u00e1clava Klause FOTO: Petr Hlou\u0161ek, <a href=\"http:\/\/www.pravo.cz\">Pr\u00e1vo<\/a><\/p>\n<p><a title=\"http:\/\/tema.novinky.cz\/jana-bobosikova\" href=\"http:\/\/tema.novinky.cz\/jana-bobosikova\">Bobo\u0161\u00edkov\u00e1<\/a> v\u00a0p\u00e1tek p\u0159i p\u0159edstaven\u00ed projektu nov\u00e9ho politick\u00e9ho bloku Hlavu vzh\u016fru hovo\u0159ila o sch\u016fzce, kter\u00e1 se u <a title=\"http:\/\/tema.novinky.cz\/vaclav-klaus\" href=\"http:\/\/tema.novinky.cz\/vaclav-klaus\">Klause<\/a> konala. \u201ePoda\u0159ilo se naj\u00edt shodu na tom, \u017ee je t\u0159eba vytvo\u0159it siln\u00fd  volebn\u00ed blok stejn\u011b sm\u00fd\u0161lej\u00edc\u00edch lid\u00ed, kter\u00fd nab\u00eddne ob\u010dan\u016fm \u010cR cestu ke  svobod\u011b a prosperit\u011b,\u201c sd\u011blila s\u00a0t\u00edm, \u017ee si velmi v\u00e1\u017e\u00ed osobn\u00ed Klausovy  podpory.<\/p>\n<p>Podle <a title=\"http:\/\/tema.novinky.cz\/ladislav-jakl\" href=\"http:\/\/tema.novinky.cz\/ladislav-jakl\">Jakla<\/a> sice b\u00fdval\u00fd prezident iniciativu uv\u00edtal, ale p\u0159\u00edpadnou podporu poskytne  a\u017e na z\u00e1klad\u011b dal\u0161\u00edch krok\u016f lid\u00ed, kte\u0159\u00ed se pod\u00edl\u00ed na vzniku bloku Hlavu  vzh\u016fru. Aby podtrhl sv\u00e1 slova, Jakl upozornil, \u017ee byl na sch\u016fzce, o  kter\u00e9 mluvila Bobo\u0161\u00edkov\u00e1.<\/p>\n<p>\u201eU toho p\u0159ijet\u00ed jsem osobn\u011b byl. <a title=\"http:\/\/tema.novinky.cz\/vaclav-klaus\" href=\"http:\/\/tema.novinky.cz\/vaclav-klaus\">V\u00e1clav Klaus<\/a> na n\u011bm uv\u00edtal iniciativu mnoha skupin a jednotlivc\u016f ud\u011blat n\u011bco  s\u00a0dne\u0161n\u00ed beznad\u011bjnou politickou sc\u00e9nou. O sv\u00e9 p\u0159\u00edpadn\u00e9 podpo\u0159e a jej\u00edch  form\u00e1ch ale rozhodne s\u00e1m podle p\u0159\u00ed\u0161t\u00edch krok\u016f t\u00e9to skupiny. Rozhodn\u011b j\u00ed  neposkytl sv\u00e9 jm\u00e9no k\u00a0voln\u00e9mu u\u017e\u00edv\u00e1n\u00ed,\u201c sd\u011blil Jakl v\u00a0ned\u011bli Novink\u00e1m.<\/p>\n<p><a href=\"http:\/\/www.novinky.cz\/domaci\/312088-klaus-neposkytl-jmeno-k-volnemu-uzivani-zaznelo-varovani-k-bobosikove.html\" target=\"_blank\">Zdroj<\/a><\/p>\n","protected":false},"excerpt":{"rendered":"<p>Bl\u00edzk\u00fd spolupracovn\u00edk V\u00e1clava Klause, n\u011bkdej\u0161\u00ed hradn\u00ed tajemn\u00edk Ladislav Jakl, se rozhodl uzemnit n\u011bkter\u00e9 v\u00fdroky \u0161\u00e9fky Suverenity Jany Bobo\u0161\u00edkov\u00e9. Ta tvrd\u00ed, \u017ee nov\u00fd politick\u00fd blok Hlavu vzh\u016fru vznik\u00e1 s osobn\u00ed Klausovou podporou. Podle Jakla ale exprezident o p\u0159\u00edpadn\u00e9 podpo\u0159e teprve rozhodne. A zd\u016fraznil, \u017ee Klaus neposkytl jm\u00e9no k voln\u00e9mu vyu\u017eit\u00ed.<\/p>\n","protected":false},"author":1,"featured_media":0,"comment_status":"open","ping_status":"open","sticky":false,"template":"","format":"standard","meta":{"ngg_post_thumbnail":0,"footnotes":""},"categories":[11],"tags":[],"class_list":["post-4168","post","type-post","status-publish","format-standard","hentry","category-ozvena"],"_links":{"self":[{"href":"https:\/\/www.ladislavjakl.cz\/index.php?rest_route=\/wp\/v2\/posts\/4168","targetHints":{"allow":["GET"]}}],"collection":[{"href":"https:\/\/www.ladislavjakl.cz\/index.php?rest_route=\/wp\/v2\/posts"}],"about":[{"href":"https:\/\/www.ladislavjakl.cz\/index.php?rest_route=\/wp\/v2\/types\/post"}],"author":[{"embeddable":true,"href":"https:\/\/www.ladislavjakl.cz\/index.php?rest_route=\/wp\/v2\/users\/1"}],"replies":[{"embeddable":true,"href":"https:\/\/www.ladislavjakl.cz\/index.php?rest_route=%2Fwp%2Fv2%2Fcomments&post=4168"}],"version-history":[{"count":1,"href":"https:\/\/www.ladislavjakl.cz\/index.php?rest_route=\/wp\/v2\/posts\/4168\/revisions"}],"predecessor-version":[{"id":4169,"href":"https:\/\/www.ladislavjakl.cz\/index.php?rest_route=\/wp\/v2\/posts\/4168\/revisions\/4169"}],"wp:attachment":[{"href":"https:\/\/www.ladislavjakl.cz\/index.php?rest_route=%2Fwp%2Fv2%2Fmedia&parent=4168"}],"wp:term":[{"taxonomy":"category","embeddable":true,"href":"https:\/\/www.ladislavjakl.cz\/index.php?rest_route=%2Fwp%2Fv2%2Fcategories&post=4168"},{"taxonomy":"post_tag","embeddable":true,"href":"https:\/\/www.ladislavjakl.cz\/index.php?rest_route=%2Fwp%2Fv2%2Ftags&post=4168"}],"curies":[{"name":"wp","href":"https:\/\/api.w.org\/{rel}","templated":true}]}}