{"id":4179,"date":"2013-09-11T12:47:41","date_gmt":"2013-09-11T10:47:41","guid":{"rendered":"http:\/\/www.ladislavjakl.cz\/?p=4179"},"modified":"2013-09-11T12:47:41","modified_gmt":"2013-09-11T10:47:41","slug":"bude-za-nas-kandidovat-jakl-oznamili-svobodni-a-nadavali-na-bobosikovou","status":"publish","type":"post","link":"https:\/\/www.ladislavjakl.cz\/?p=4179","title":{"rendered":"Bude za n\u00e1s kandidovat Jakl, ozn\u00e1mili Svobodn\u00ed. A nad\u00e1vali na Bobo\u0161\u00edkovou"},"content":{"rendered":"<p>B\u00fdval\u00fd tajemn\u00edk prezidenta Klause Ladislav Jakl nejsp\u00ed\u0161  bude kandidovat v komun\u00e1ln\u00edch volb\u00e1ch za Stranu svobodn\u00fdch ob\u010dan\u016f. Na  tiskov\u00e9 konferenci to ve st\u0159edu uvedl \u0161\u00e9f strany Petr Mach. Svobodn\u00ed  p\u0159edstavili sv\u00e9 kandid\u00e1ty do p\u0159ed\u010dasn\u00fdch voleb. Cht\u011bj\u00ed zru\u0161it da\u0148 z  p\u0159\u00edjmu, vystoupit z Evropsk\u00e9 unie a ru\u0161it stovky podle nich zbyte\u010dn\u00fdch  st\u00e1tn\u00edch \u00fa\u0159ad\u016f.<\/p>\n<p><!--more--><\/p>\n<div><img loading=\"lazy\" decoding=\"async\" src=\"http:\/\/cms.parlamentnilisty.cz\/image.ashx?w=632&amp;h=307&amp;f=beseda_mach_01-635029931527241936.jpg&amp;id=11399\" alt=\"Bude za n\u00e1s kandidovat Jakl, ozn\u00e1mili Svobodn\u00ed. A nad\u00e1vali na Bobo\u0161\u00edkovou\" width=\"327\" height=\"159\" \/><\/div>\n<p><small>Foto: <strong>Zuzana Koulov\u00e1 <\/strong>Popisek: <strong>Petr Mach<\/strong><\/small><\/p>\n<p>\u201eSvobodn\u00ed maj\u00ed poprv\u00e9 profesion\u00e1ln\u00edho volebn\u00edho mana\u017eera, kter\u00fd si  sestavil volebn\u00ed \u0161t\u00e1b. Strana svobodn\u00fdch ob\u010dan\u016f aktu\u00e1ln\u011b ukon\u010dila  prim\u00e1rky. Na rozd\u00edl od jin\u00fdch stran, kter\u00e9 se do t\u0159\u00ed hodin r\u00e1no  dohaduj\u00ed, koho na kandid\u00e1tku daj\u00ed a koho ne a uzav\u00edraj\u00ed pokoutn\u00e9 dohody,  n\u00e1\u0161 jedine\u010dn\u00fd syst\u00e9m kandid\u00e1ty pomoc\u00ed svobodn\u00fdch prim\u00e1rn\u00edch voleb  vygeneruje s\u00e1m,\u201c uvedla mluv\u010d\u00ed strany Irena V\u00e1lov\u00e1.<\/p>\n<p>\u201eKandidujeme ve v\u0161ech kraj\u00edch samostatn\u011b, bereme to jako samoz\u0159ejmost,\u201c  distancoval se znovu \u0161\u00e9f Svobodn\u00fdch Petr Mach od hnut\u00ed Hlavu vzh\u016fru!,  kter\u00e9 vede Jana Bobo\u0161\u00edkov\u00e1. Jej\u00ed hnut\u00ed je podle Macha \u00fa\u010delov\u00fd slepenec,  za kter\u00fdm stoj\u00ed snaha odpadl\u00edk\u016f z\u00a0jin\u00fdch stran sv\u00e9zt se na jm\u00e9nu V\u00e1clava  Klause do Poslaneck\u00e9 sn\u011bmovny.<\/p>\n<h4>Bobo\u0161\u00edkov\u00e1 se podle Macha chov\u00e1 \u00fa\u010delov\u011b<\/h4>\n<p>Mach z\u00e1rove\u0148 nesouhlas\u00ed s t\u00edm, \u017ee by se jeho strana v\u016f\u010di b\u00fdval\u00e9mu  prezidentovi vymezovala. Jen se necht\u011bj\u00ed p\u0159ipojit k\u00a0volebn\u00edmu bloku,  kter\u00fd Klaus podle v\u0161eho podpo\u0159\u00ed, p\u0159esto\u017ee za n\u011bho nakonec odm\u00edtl p\u0159\u00edmo  kandidovat.<\/p>\n<p>\u201eZe snahy pan\u00ed Bobo\u0161\u00edkov\u00e9 \u010di\u0161\u00ed naprost\u00e1 \u00fa\u010delovost. Jak\u00e9koli pokusy  cokoli \u00fa\u010delov\u011b slepovat budeme proto odm\u00edtat. Nikdy n\u00e1s nenapadlo se  k\u00a0n\u011b\u010demu takov\u00e9mu p\u0159idat a jsme r\u00e1di, \u017ee se\u00a0k\u00a0tomu nakonec nep\u0159idal ani  V\u00e1clav Klaus a zbyla z\u00a0toho nov\u00e1 a dal\u0161\u00ed strana Jany Bobo\u0161\u00edkov\u00e9,\u201c  kritizoval Mach.<\/p>\n<h4>Klaus\u016fv extajemn\u00edk Jakl se chce zapojit do komun\u00e1ln\u00edch voleb<\/h4>\n<p>Do jist\u00e9 m\u00edry kriticky se k\u00a0projektu Hlavu vzh\u016fru! vyjad\u0159oval  spolupracovn\u00edk V\u00e1clava Klause Ladislav Jakl. Ten byl p\u0159\u00edtomen sch\u016fzk\u00e1m  Bobo\u0161\u00edkov\u00e9 a dal\u0161\u00edch lid\u00ed s\u00a0Klausem a v\u011bt\u0161inou je interpretoval jinak.<\/p>\n<p>Te\u010f \u0161\u00e9f Svobodn\u00fdch Mach prozradil, \u017ee by Jakl za jeho stranu r\u00e1d  kandidoval v\u00a0komun\u00e1ln\u00edch volb\u00e1ch na Praze 1. \u201eLadislav Jakl je  registrovan\u00fdm p\u0159\u00edznivcem Svobodn\u00fdch a m\u00e1m informaci, \u017ee pravd\u011bpodobn\u011b  p\u016fjde do prim\u00e1rek v\u00a0komun\u00e1ln\u00edch volb\u00e1ch a na Praze 1, kde bydl\u00ed, se bude  cht\u00edt uch\u00e1zet o hlasy voli\u010d\u016f,\u201c \u0159ekl Mach.<\/p>\n<h4>Svobodn\u00ed cht\u011bj\u00ed sebrat politik\u016fm moc a sni\u017eovat dan\u011b<\/h4>\n<p>\u201eNejv\u011bt\u0161\u00ed zlo je, \u017ee politici maj\u00ed p\u0159\u00edli\u0161 moci. V\u00a0tom m\u00e1me jin\u00fd koncept  toho, pro\u010d jdeme do politiky. Na\u0161\u00edm c\u00edlem je moc politik\u016fm sebrat,\u201c  uvedl na tiskov\u00e9 konferenci l\u00eddr Svobodn\u00fdch v\u00a0Kr\u00e1lov\u00e9hradeck\u00e9m kraji V\u00edt  Jedli\u010dka.<\/p>\n<p>P\u0159edseda a l\u00eddr v\u00a0Praze Petr Mach shrnul z\u00e1sadn\u00ed programov\u00e9 body,  s\u00a0kter\u00fdmi hodlaj\u00ed voli\u010de oslovit. Jde p\u0159edev\u0161\u00edm o ze\u0161t\u00edhlen\u00ed st\u00e1tu,  sn\u00ed\u017een\u00ed \u0159ady dan\u00ed, ale i kompletn\u00ed zru\u0161en\u00ed dan\u011b z\u00a0p\u0159\u00edjmu. St\u00e1t by na tom  pr\u00fd nic netratil, proto\u017ee by naopak nemusel vypl\u00e1cet r\u016fzn\u00e9 dotace.  Pen\u00edze by toti\u017e z\u016fstaly lidem a odpadlo by st\u00e1tn\u00ed p\u0159erozd\u011blov\u00e1n\u00ed.<\/p>\n<p>\u201eRovn\u011b\u017e prosazujeme vystoupen\u00ed na\u0161\u00ed zem\u011b z\u00a0EU, kter\u00e1 m\u00e1 alternativu v\u00a0Evropsk\u00e9m sdru\u017een\u00ed voln\u00e9ho obchodu,\u201c dodal Petr Mach.<\/p>\n<p><a href=\"http:\/\/www.parlamentnilisty.cz\/arena\/monitor\/Bude-za-nas-kandidovat-Jakl-oznamili-Svobodni-A-nadavali-na-Bobosikovou-284376\" target=\"_blank\">Zdroj<\/a><\/p>\n","protected":false},"excerpt":{"rendered":"<p>B\u00fdval\u00fd tajemn\u00edk prezidenta Klause Ladislav Jakl nejsp\u00ed\u0161 bude kandidovat v komun\u00e1ln\u00edch volb\u00e1ch za Stranu svobodn\u00fdch ob\u010dan\u016f. Na tiskov\u00e9 konferenci to ve st\u0159edu uvedl \u0161\u00e9f strany Petr Mach. Svobodn\u00ed p\u0159edstavili sv\u00e9 kandid\u00e1ty do p\u0159ed\u010dasn\u00fdch voleb. Cht\u011bj\u00ed zru\u0161it da\u0148 z p\u0159\u00edjmu, vystoupit z Evropsk\u00e9 unie a ru\u0161it stovky podle nich zbyte\u010dn\u00fdch st\u00e1tn\u00edch \u00fa\u0159ad\u016f.<\/p>\n","protected":false},"author":1,"featured_media":0,"comment_status":"open","ping_status":"open","sticky":false,"template":"","format":"standard","meta":{"ngg_post_thumbnail":0,"footnotes":""},"categories":[11],"tags":[],"class_list":["post-4179","post","type-post","status-publish","format-standard","hentry","category-ozvena"],"_links":{"self":[{"href":"https:\/\/www.ladislavjakl.cz\/index.php?rest_route=\/wp\/v2\/posts\/4179","targetHints":{"allow":["GET"]}}],"collection":[{"href":"https:\/\/www.ladislavjakl.cz\/index.php?rest_route=\/wp\/v2\/posts"}],"about":[{"href":"https:\/\/www.ladislavjakl.cz\/index.php?rest_route=\/wp\/v2\/types\/post"}],"author":[{"embeddable":true,"href":"https:\/\/www.ladislavjakl.cz\/index.php?rest_route=\/wp\/v2\/users\/1"}],"replies":[{"embeddable":true,"href":"https:\/\/www.ladislavjakl.cz\/index.php?rest_route=%2Fwp%2Fv2%2Fcomments&post=4179"}],"version-history":[{"count":1,"href":"https:\/\/www.ladislavjakl.cz\/index.php?rest_route=\/wp\/v2\/posts\/4179\/revisions"}],"predecessor-version":[{"id":4180,"href":"https:\/\/www.ladislavjakl.cz\/index.php?rest_route=\/wp\/v2\/posts\/4179\/revisions\/4180"}],"wp:attachment":[{"href":"https:\/\/www.ladislavjakl.cz\/index.php?rest_route=%2Fwp%2Fv2%2Fmedia&parent=4179"}],"wp:term":[{"taxonomy":"category","embeddable":true,"href":"https:\/\/www.ladislavjakl.cz\/index.php?rest_route=%2Fwp%2Fv2%2Fcategories&post=4179"},{"taxonomy":"post_tag","embeddable":true,"href":"https:\/\/www.ladislavjakl.cz\/index.php?rest_route=%2Fwp%2Fv2%2Ftags&post=4179"}],"curies":[{"name":"wp","href":"https:\/\/api.w.org\/{rel}","templated":true}]}}