{"id":4182,"date":"2013-09-12T10:19:35","date_gmt":"2013-09-12T08:19:35","guid":{"rendered":"http:\/\/www.ladislavjakl.cz\/?p=4182"},"modified":"2013-09-12T10:19:35","modified_gmt":"2013-09-12T08:19:35","slug":"zdenek-risa-robby-a-honza-v-akropoli","status":"publish","type":"post","link":"https:\/\/www.ladislavjakl.cz\/?p=4182","title":{"rendered":"Zden\u011bk, R\u00ed\u0161a, Robby a Honza v Akropoli"},"content":{"rendered":"<p>Byli \u010dty\u0159i. S ka\u017ed\u00fdm z nich jsem (a nejen j\u00e1) za\u017eil ohromn\u00e9 v\u011bci. Nejen muziku a nejen kolem muziky. Kus \u017eivota. Ka\u017ed\u00fd z nich byl origin\u00e1l, ka\u017ed\u00fd z nich byl sv\u00e9r\u00e1zn\u00e1 osobnost. Kam p\u0159i\u0161li, hned to bylo zn\u00e1t.<\/p>\n<p><!--more--><\/p>\n<p>A nejv\u00edc bylo zn\u00e1t, kdy\u017e ode\u0161li. Buben\u00edk Zden\u011bk Cimmerman v roce 2005. Kytarista Richard K\u0159\u00ed\u017e v roce 2006. Pianista Robby \u010cern\u00fd v roce 2010. A kytarista Jan Chalupsk\u00fd v roce 2012. V\u0161ichni \u010dlenov\u00e9 kapely Folimanka Blues.<br \/>\nTahle kapela slav\u00ed v sobotu 14. z\u00e1\u0159\u00ed od 18.30 v pal\u00e1ci Akropolis sv\u00e9 dvac\u00e1t\u00e9 narozeniny. Je v\u016fbec co slavit, kdy\u017e z jej\u00ed p\u016fvodn\u00ed sestavy nezbyl k\u00e1men na kameni? Kdy\u017e v\u00edme, \u017ee tu s n\u00e1mi ti \u010dty\u0159i m\u011bli b\u00fdt je\u0161t\u011b moc a moc let? Ur\u010dit\u011b je. Dvacet let s muzikou a se stovkami \u00fa\u017easn\u00fdch lid\u00ed na v\u0161ech mo\u017en\u00fdch m\u00edstech, lid\u00ed, ke kter\u00fdm jsme se v\u017edy vraceli jako ke sv\u00e9 rodin\u011b.<br \/>\nBude co slavit. Ale n\u011bkde kolem n\u00e1s nebo nad n\u00e1mi to bude viset. Pocit, \u017ee jsme za\u017eili ty \u010dty\u0159i skv\u011bl\u00e9 lidi. A jistota, \u017ee bez nich by nic ke slaven\u00ed nebylo. Nebudeme truchlit ani moc vzpom\u00ednat. Sv\u011bt se to\u010d\u00ed d\u00e1l. Ale budeme v ka\u017ed\u00e9 chv\u00edli v\u011bd\u011bt, \u017ee tam jsou s n\u00e1mi, \u017ee do n\u00e1s n\u011bco otiskli.<br \/>\nNo, bude to n\u00e1ro\u010dn\u00e9, proto\u017ee budeme muset p\u00edt i za n\u011b.<\/p>\n<p><a href=\"http:\/\/jakl.blog.idnes.cz\/c\/360559\/Zdenek-Risa-Robby-a-Honza-v-Akropoli.html\" target=\"_blank\">Zdroj<\/a><\/p>\n","protected":false},"excerpt":{"rendered":"<p>Byli \u010dty\u0159i. S ka\u017ed\u00fdm z nich jsem (a nejen j\u00e1) za\u017eil ohromn\u00e9 v\u011bci. Nejen muziku a nejen kolem muziky. Kus \u017eivota. Ka\u017ed\u00fd z nich byl origin\u00e1l, ka\u017ed\u00fd z nich byl sv\u00e9r\u00e1zn\u00e1 osobnost. Kam p\u0159i\u0161li, hned to bylo zn\u00e1t.<\/p>\n","protected":false},"author":1,"featured_media":0,"comment_status":"open","ping_status":"open","sticky":false,"template":"","format":"standard","meta":{"ngg_post_thumbnail":0,"footnotes":""},"categories":[4],"tags":[],"class_list":["post-4182","post","type-post","status-publish","format-standard","hentry","category-hudba"],"_links":{"self":[{"href":"https:\/\/www.ladislavjakl.cz\/index.php?rest_route=\/wp\/v2\/posts\/4182","targetHints":{"allow":["GET"]}}],"collection":[{"href":"https:\/\/www.ladislavjakl.cz\/index.php?rest_route=\/wp\/v2\/posts"}],"about":[{"href":"https:\/\/www.ladislavjakl.cz\/index.php?rest_route=\/wp\/v2\/types\/post"}],"author":[{"embeddable":true,"href":"https:\/\/www.ladislavjakl.cz\/index.php?rest_route=\/wp\/v2\/users\/1"}],"replies":[{"embeddable":true,"href":"https:\/\/www.ladislavjakl.cz\/index.php?rest_route=%2Fwp%2Fv2%2Fcomments&post=4182"}],"version-history":[{"count":1,"href":"https:\/\/www.ladislavjakl.cz\/index.php?rest_route=\/wp\/v2\/posts\/4182\/revisions"}],"predecessor-version":[{"id":4183,"href":"https:\/\/www.ladislavjakl.cz\/index.php?rest_route=\/wp\/v2\/posts\/4182\/revisions\/4183"}],"wp:attachment":[{"href":"https:\/\/www.ladislavjakl.cz\/index.php?rest_route=%2Fwp%2Fv2%2Fmedia&parent=4182"}],"wp:term":[{"taxonomy":"category","embeddable":true,"href":"https:\/\/www.ladislavjakl.cz\/index.php?rest_route=%2Fwp%2Fv2%2Fcategories&post=4182"},{"taxonomy":"post_tag","embeddable":true,"href":"https:\/\/www.ladislavjakl.cz\/index.php?rest_route=%2Fwp%2Fv2%2Ftags&post=4182"}],"curies":[{"name":"wp","href":"https:\/\/api.w.org\/{rel}","templated":true}]}}