{"id":4194,"date":"2013-09-16T14:33:19","date_gmt":"2013-09-16T12:33:19","guid":{"rendered":"http:\/\/www.ladislavjakl.cz\/?p=4194"},"modified":"2013-09-16T14:33:19","modified_gmt":"2013-09-16T12:33:19","slug":"jakl-horekuje-spolecnost-udelala-z-manzelek-nevernice","status":"publish","type":"post","link":"https:\/\/www.ladislavjakl.cz\/?p=4194","title":{"rendered":"Jakl ho\u0159ekuje: Spole\u010dnost ud\u011blala z man\u017eelek nev\u011brnice"},"content":{"rendered":"<p>Modern\u00ed st\u00e1t ni\u010d\u00ed rodiny a t\u00edm prohlubuje ekonomickou krizi. Takov\u00fd je n\u00e1zor spolupracovn\u00edka exprezidenta Klause Ladislava Jakla. Ten ve sv\u00e9m koment\u00e1\u0159i nap\u0159\u00edklad man\u017eelky v modern\u00edch st\u00e1tech ozna\u010dil za nev\u011brnice.<\/p>\n<p><!--more-->Ladislav Jakl, ostatn\u011b jako naprost\u00e1 v\u011bt\u0161ina spolupracovn\u00edk\u016f V\u00e1clava Klause, je vyznava\u010d konzervativn\u00edch hodnot. Mezi ty pat\u0159\u00ed i rodina, kter\u00e1 je z\u00e1kladem st\u00e1tu. Jen\u017ee v sou\u010dasnosti doch\u00e1z\u00ed k postupn\u00e9mu rozpad\u00e1n\u00ed rodin z d\u016fvodu posilov\u00e1n\u00ed individualismu.<\/p>\n<p>&#8222;D\u0159\u00edve se lid\u00e9 sna\u017eili, aby m\u011bli co nejv\u00edce d\u011bt\u00ed a aby je co nejl\u00e9pe vychovali, i proto, jeliko\u017e to pro n\u011b byla nejlep\u0161\u00ed investice do vlastn\u00ed budoucnosti: jejich d\u011bti se pak k st\u00e1\u0159\u00ed postarali o n\u011b. Mimo jin\u00e9 i z podobn\u00e9ho d\u016fvodu se lid\u00e9 starali o sv\u00e9 rodi\u010de: aby poskytli p\u0159\u00edklad a mor\u00e1ln\u00ed z\u00e1vazek sv\u00fdm d\u011btem. Man\u017eel se staral o svou man\u017eelku tak\u00e9 proto, aby ona mu zase co nejl\u00e9pe pe\u010dovala o domov. A man\u017eelka o man\u017eela pe\u010dovala i proto, aby mu umo\u017enila co nejl\u00e9pe rodinu zabezpe\u010dit. Podobn\u011b po stalet\u00ed fungovaly i dal\u0161\u00ed rodinn\u00e9 vazby,&#8220; popisuje Jakl fungov\u00e1n\u00ed rodin v minulosti.<\/p>\n<p>Dnes je tomu jinak. S nads\u00e1zkou ozna\u010dil \u017eeny za nev\u011brnice. Sv\u00fdm mu\u017e\u016fm zah\u00fdbaj\u00ed se st\u00e1tem. &#8222;Man\u017eel p\u0159ijde domu unaven a na v\u00fdplatnici toho moc nep\u0159inese. Zato st\u00e1t j\u00ed zaplat\u00ed \u0161kolu, \u0161kolku, jesle, p\u0159\u00eddavky, mate\u0159skou, porodn\u00e9 a jin\u00e9 benefity. Pokud man\u017eelka sv\u00e9ho man\u017eela opust\u00ed, st\u00e1t je k n\u00ed dokonce je\u0161t\u011b \u0161t\u011bd\u0159ej\u0161\u00ed, vlastn\u011b ji k tomu sv\u00e1d\u00ed. Man\u017eelka si p\u0159i tom v\u0161em nemus\u00ed uv\u011bdomovat, \u017ee jej\u00ed \u201emilenec&#8220; j\u00ed plat\u00ed man\u017eelov\u00fdmi pen\u011bzi, pen\u011bzi, kter\u00e9 mu vzal na dan\u00edch,&#8220; popisuje sou\u010dasnost.<\/p>\n<p>U man\u017eel\u016f zase do\u0161lo k z\u00e1sadn\u00edmu oslaben\u00ed jeho pot\u0159eby starat se o rodinu, postar\u00e1 se o ni toti\u017e st\u00e1t. Kv\u016fli tomu se sni\u017euje jejich efektivita v pr\u00e1ci, jeliko\u017e ztratili ten hlavn\u00ed d\u016fvod, pro\u010d pracovat &#8211; u\u017eivit rodinu. Obdobn\u011b tomu je u d\u011bt\u00ed, jeliko\u017e t\u011bm zaplat\u00ed st\u00e1t studia.<\/p>\n<p>&#8222;Na spole\u010dn\u00fd st\u016fl, \u017ee kter\u00e9ho mohou v\u0161ichni br\u00e1t dle libosti, se nikomu nechce p\u0159id\u00e1vat ze sv\u00e9ho. Je snaz\u0161\u00ed si tak\u00e9 br\u00e1t, jako to d\u011blaj\u00ed ostatn\u00ed. A to se projev\u00ed poklesem bohatstv\u00ed, kter\u00e9 na onom spole\u010dn\u00e9m stole le\u017e\u00ed,&#8220; kritizuje Jakl modern\u00ed soci\u00e1ln\u00ed st\u00e1t.<\/p>\n<p><a href=\"http:\/\/domaci.eurozpravy.cz\/spolecnost\/77193-jakl-horekuje-spolecnost-udelala-z-manzelek-nevernice\/\" target=\"_blank\">Zdroj<\/a><\/p>\n","protected":false},"excerpt":{"rendered":"<p>Modern\u00ed st\u00e1t ni\u010d\u00ed rodiny a t\u00edm prohlubuje ekonomickou krizi. Takov\u00fd je n\u00e1zor spolupracovn\u00edka exprezidenta Klause Ladislava Jakla. Ten ve sv\u00e9m koment\u00e1\u0159i nap\u0159\u00edklad man\u017eelky v modern\u00edch st\u00e1tech ozna\u010dil za nev\u011brnice.<\/p>\n","protected":false},"author":1,"featured_media":0,"comment_status":"open","ping_status":"open","sticky":false,"template":"","format":"standard","meta":{"ngg_post_thumbnail":0,"footnotes":""},"categories":[11],"tags":[],"class_list":["post-4194","post","type-post","status-publish","format-standard","hentry","category-ozvena"],"_links":{"self":[{"href":"https:\/\/www.ladislavjakl.cz\/index.php?rest_route=\/wp\/v2\/posts\/4194","targetHints":{"allow":["GET"]}}],"collection":[{"href":"https:\/\/www.ladislavjakl.cz\/index.php?rest_route=\/wp\/v2\/posts"}],"about":[{"href":"https:\/\/www.ladislavjakl.cz\/index.php?rest_route=\/wp\/v2\/types\/post"}],"author":[{"embeddable":true,"href":"https:\/\/www.ladislavjakl.cz\/index.php?rest_route=\/wp\/v2\/users\/1"}],"replies":[{"embeddable":true,"href":"https:\/\/www.ladislavjakl.cz\/index.php?rest_route=%2Fwp%2Fv2%2Fcomments&post=4194"}],"version-history":[{"count":2,"href":"https:\/\/www.ladislavjakl.cz\/index.php?rest_route=\/wp\/v2\/posts\/4194\/revisions"}],"predecessor-version":[{"id":4196,"href":"https:\/\/www.ladislavjakl.cz\/index.php?rest_route=\/wp\/v2\/posts\/4194\/revisions\/4196"}],"wp:attachment":[{"href":"https:\/\/www.ladislavjakl.cz\/index.php?rest_route=%2Fwp%2Fv2%2Fmedia&parent=4194"}],"wp:term":[{"taxonomy":"category","embeddable":true,"href":"https:\/\/www.ladislavjakl.cz\/index.php?rest_route=%2Fwp%2Fv2%2Fcategories&post=4194"},{"taxonomy":"post_tag","embeddable":true,"href":"https:\/\/www.ladislavjakl.cz\/index.php?rest_route=%2Fwp%2Fv2%2Ftags&post=4194"}],"curies":[{"name":"wp","href":"https:\/\/api.w.org\/{rel}","templated":true}]}}