{"id":4198,"date":"2013-09-18T13:16:39","date_gmt":"2013-09-18T11:16:39","guid":{"rendered":"http:\/\/www.ladislavjakl.cz\/?p=4198"},"modified":"2013-09-18T13:16:39","modified_gmt":"2013-09-18T11:16:39","slug":"ladislav-jakl-vzdy-jde-v-politice-o-souboj-pravice-a-levice","status":"publish","type":"post","link":"https:\/\/www.ladislavjakl.cz\/?p=4198","title":{"rendered":"Ladislav Jakl: V\u017edy jde v politice o souboj pravice a levice"},"content":{"rendered":"<p>Kapela Folimanka Blues slavila\u00a0 dvac\u00e1t\u00e9 narozeniny. Byl to \u00fa\u017easn\u00fd  ve\u010der s nem\u00e9n\u011b kr\u00e1snou hudbou. Nedalo mi to, abych nepolo\u017eil p\u00e1r ot\u00e1zek  frontmanovi kapely, politikovi, \u017euranalistovi, hudebn\u00edkovi a pivoznalci  Ladislavu Jaklovi.<\/p>\n<p><!--more--><\/p>\n<p><strong>Kdy\u017e jsem v\u00e1s vid\u011bl\u00a0 jak na p\u00f3diu pro\u017e\u00edv\u00e1te hudbu, mus\u00edm se zeptat zda je hudba pro v\u00e1s v\u011bt\u0161\u00ed d\u0159ina ne\u017e politika?<\/strong><\/p>\n<div>J\u00e1  to nikdy nesrovn\u00e1v\u00e1m. Muzika je d\u0159ina, stra\u0161n\u00e1. A s ka\u017ed\u00fdm dal\u0161\u00edm rokem  na hrbu v\u011bt\u0161\u00ed a v\u011bt\u0161\u00ed. V sobotu jsem hr\u00e1l nachlazen a se zlomenou nohou  v ort\u00e9ze. Ale kdy\u017e je po v\u0161em a dob\u0159e to dopadne, ze \u010dlov\u011bka to spadne.  Politika je pro mne profesn\u00ed a profesion\u00e1ln\u00ed obor. Sna\u017e\u00edm se d\u011blat svou  pr\u00e1ci co nejprecizn\u011bji. N\u011bkdy to n\u00e1ro\u010dn\u00e9 je, ale d\u0159inou bych to  nenaz\u00fdval. Co by na to \u0159ekli ti, co fakt fyzicky t\u011b\u017ece pracuj\u00ed..<\/p>\n<div><img loading=\"lazy\" decoding=\"async\" src=\"http:\/\/www.prvnizpravy.cz\/repository\/volby\/dsc_9336.jpg\" alt=\"\" width=\"347\" height=\"231\" \/><\/div>\n<p><strong>Co pro v\u00e1s hudba znamen\u00e1?<\/strong><br \/>\nV\u0161echno. Je to m\u016fj zp\u016fsob \u017eivota, my\u0161len\u00ed, c\u00edt\u011bn\u00ed, pro\u017e\u00edv\u00e1n\u00ed.<\/p>\n<p><strong>A co politika? Jenom zam\u011bstn\u00e1n\u00ed nebo snaha n\u011bco zm\u011bnit?<\/strong><br \/>\nUr\u010dit\u011b  ne jen zam\u011bstn\u00e1n\u00ed. To bych d\u00e1vno d\u011blal n\u011bco v\u00fdnosn\u011bj\u0161\u00edho. Ano, r\u00e1d bych  pom\u00e1hal m\u011bnit to, co se m\u011bnit m\u00e1, a chr\u00e1nil p\u0159ed zm\u011bnou to, co se m\u011bnit  nem\u00e1.<\/p>\n<p><strong>V m\u00e9dii\u00edch prob\u011bhla informace, \u017ee budete kandidovat za Svobodn\u00e9 v nadch\u00e1zej\u00edc\u00edch p\u0159ed\u010dasn\u00fdch volb\u00e1ch?<\/strong><br \/>\nNene.  J\u00e1 nem\u00e1m pot\u0159ebu se po\u0159\u00e1d n\u011bkam hrnout. Ale n\u011bkdy zjara jsem av\u00edzoval  veden\u00ed Svobodn\u00fdch, \u017ee bych p\u0159\u00ed\u0161t\u00ed rok mo\u017en\u00e1 zkusil j\u00edt do prim\u00e1rek pro  komun\u00e1ln\u00ed volby. Takovou zku\u0161enost je\u0161t\u011b nem\u00e1m.<\/p>\n<p><strong>Kter\u00fd bod z volebn\u00edho programu Svobodn\u00fdch je pro v\u00e1s ten nej?<\/strong><br \/>\nJ\u00e1 se ztoto\u017e\u0148uji s cel\u00fdm jejich programem. Jen je \u0161koda, \u017ee ho tak m\u00e1lo lid\u00ed zn\u00e1.<\/p>\n<p><strong>Co \u0159\u00edk\u00e1te hnut\u00ed Hlavou vzh\u016fru! M\u00e1 n\u011bjakou \u0161anci nebo je to mrtv\u00e9 d\u00edt\u011b?<\/strong><br \/>\nTo  se uk\u00e1\u017ee, rozhodn\u011b bych nikoho p\u0159edem neodepisoval. Zat\u00edm sice nev\u00edm  v\u016fbec nic o jejich programu, jsem ale r\u00e1d za ka\u017edou snahu n\u011bco s na\u0161\u00ed  nemocnou pravic\u00ed ud\u011blat.<\/p>\n<p><strong>V nadch\u00e1zej\u00edc\u00edch volb\u00e1ch jde o souboj  pravice a levice a nebo je to jenom p\u0159edvolebn\u00ed r\u00e9torika, proto\u017ee tady  \u017e\u00e1dn\u00e9 takov\u00e9 strany neexistuj\u00ed?<\/strong><br \/>\nV\u017edy jde v politice o souboj  pravice a levice. Kdo \u0159\u00edk\u00e1 opak, prozrazuje na sebe, \u017ee je levi\u010d\u00e1k.  Hor\u0161\u00ed ale je, \u017ee st\u0159\u00edpky pravicov\u00fdch my\u0161lenek jsou ve stran\u00e1ch rozesety  po takov\u00fdch drobe\u010dk\u00e1ch, \u017ee nemaj\u00ed \u0161anci se prosadit. Jedinou  profilovanou pravicovou stranou u n\u00e1s jsou v sou\u010dasnosti pr\u00e1v\u011b Svobodn\u00ed.<\/p>\n<p><strong>Jde jenom o z\u00edsk\u00e1n\u00ed moci pro n\u011bkolik jedinc\u016f a o lidi v\u016fbec nejde?<\/strong><br \/>\nAle  kdepak, tomuhle vid\u011bn\u00ed bych nepodl\u00e9hal. Politika je st\u0159etem z\u00e1jm\u016f, na  tom nen\u00ed nic nelegitimn\u00edho. Ale ty mus\u00ed b\u00fdt neseny n\u011bjakou ideou. A je  jen na voli\u010di, aby si takov\u00e9 ideje od politick\u00fdch stran vynutil.<\/p>\n<p><em>(rp,foto:jirivomacka <a href=\"http:\/\/www.prvnizpravy.cz\/zpravy\/zpravy\/ladislav-jakl-vzdy-jde-v-politice-o-souboj-pravice-a-levice\/\" target=\"_blank\">zdroj<\/a>)<\/em><\/div>\n","protected":false},"excerpt":{"rendered":"<p>Kapela Folimanka Blues slavila\u00a0 dvac\u00e1t\u00e9 narozeniny. Byl to \u00fa\u017easn\u00fd ve\u010der s nem\u00e9n\u011b kr\u00e1snou hudbou. Nedalo mi to, abych nepolo\u017eil p\u00e1r ot\u00e1zek frontmanovi kapely, politikovi, \u017euranalistovi, hudebn\u00edkovi a pivoznalci Ladislavu Jaklovi.<\/p>\n","protected":false},"author":1,"featured_media":0,"comment_status":"open","ping_status":"open","sticky":false,"template":"","format":"standard","meta":{"ngg_post_thumbnail":0,"footnotes":""},"categories":[13],"tags":[],"class_list":["post-4198","post","type-post","status-publish","format-standard","hentry","category-rozhovory"],"_links":{"self":[{"href":"https:\/\/www.ladislavjakl.cz\/index.php?rest_route=\/wp\/v2\/posts\/4198","targetHints":{"allow":["GET"]}}],"collection":[{"href":"https:\/\/www.ladislavjakl.cz\/index.php?rest_route=\/wp\/v2\/posts"}],"about":[{"href":"https:\/\/www.ladislavjakl.cz\/index.php?rest_route=\/wp\/v2\/types\/post"}],"author":[{"embeddable":true,"href":"https:\/\/www.ladislavjakl.cz\/index.php?rest_route=\/wp\/v2\/users\/1"}],"replies":[{"embeddable":true,"href":"https:\/\/www.ladislavjakl.cz\/index.php?rest_route=%2Fwp%2Fv2%2Fcomments&post=4198"}],"version-history":[{"count":1,"href":"https:\/\/www.ladislavjakl.cz\/index.php?rest_route=\/wp\/v2\/posts\/4198\/revisions"}],"predecessor-version":[{"id":4199,"href":"https:\/\/www.ladislavjakl.cz\/index.php?rest_route=\/wp\/v2\/posts\/4198\/revisions\/4199"}],"wp:attachment":[{"href":"https:\/\/www.ladislavjakl.cz\/index.php?rest_route=%2Fwp%2Fv2%2Fmedia&parent=4198"}],"wp:term":[{"taxonomy":"category","embeddable":true,"href":"https:\/\/www.ladislavjakl.cz\/index.php?rest_route=%2Fwp%2Fv2%2Fcategories&post=4198"},{"taxonomy":"post_tag","embeddable":true,"href":"https:\/\/www.ladislavjakl.cz\/index.php?rest_route=%2Fwp%2Fv2%2Ftags&post=4198"}],"curies":[{"name":"wp","href":"https:\/\/api.w.org\/{rel}","templated":true}]}}