{"id":4205,"date":"2013-09-18T13:20:49","date_gmt":"2013-09-18T11:20:49","guid":{"rendered":"http:\/\/www.ladislavjakl.cz\/?p=4205"},"modified":"2013-09-18T13:28:51","modified_gmt":"2013-09-18T11:28:51","slug":"jaklova-folimanka-blues-oslavila-20-let","status":"publish","type":"post","link":"https:\/\/www.ladislavjakl.cz\/?p=4205","title":{"rendered":"Jaklova Folimanka Blues oslavila 20 let"},"content":{"rendered":"<p><img loading=\"lazy\" decoding=\"async\" id=\"zpravy_image_29779e1e-1e2c-11e3-87b6-003048df98d08516112f93ee401da1822aa8e07f3b05\" class=\"alignleft\" title=\"Jaklova Folimanka Blues oslavila 20 let\" src=\"http:\/\/www.prazskenovinky.cz\/repository\/zpravy\/_antialias_29779e1e-1e2c-11e3-87b6-003048df98d0_a0a7d9c03537baa203eafd69a348b24a.jpg\" alt=\"Jaklova Folimanka Blues oslavila 20 let\" width=\"252\" height=\"168\" \/>Skupina Folimanka Blues v\u010dera v Pal\u00e1ci Akropolis oslavila svoje  20. narozeniny. I p\u0159es nachlazen\u00ed a zlomenou nohu frontmana kapely,  Ladislava Jakla, se koncert nadm\u00edru vyda\u0159il.<\/p>\n<p><!--more--><\/p>\n<div>Folimanka Blues<\/div>\n<div><strong>15.z\u00e1\u0159\u00ed 2013 &#8211; 19:27<\/strong><\/div>\n<div>Kapele p\u0159i\u0161lo pop\u0159\u00e1t i n\u011bkolik host\u016f, nap\u0159\u00edklad  Pepa Botek, kter\u00fd v kapele v minulosti p\u016fsobil jako baskytarista, si s  kapelou po dvan\u00e1cti letech zahr\u00e1l dv\u011b p\u00edsn\u011b, n\u011bkolik klasick\u00fdch p\u00edsn\u00ed  zazp\u00edval chlapeck\u00fd sbor z Hradce Kr\u00e1lov\u00e9 a nejv\u00edc pozornosti si  vyslou\u017eil soubor pan\u00ed Jarmily \u010cern\u00e9 (maminky p\u0159edloni zem\u0159el\u00e9ho pianisty  Robbyho), kter\u00fd je neofici\u00e1ln\u011b zn\u00e1m jako B\u00e1biny di Praga. V\u0161em \u010dlenk\u00e1m  souboru je p\u0159es osmdes\u00e1t let.<\/p>\n<p>Folimanka Blues, kterou b\u011bhem  jej\u00edho p\u016fsoben\u00ed postihlo n\u011bkolik trag\u00e9di\u00ed, a z p\u016fvodn\u00edho slo\u017een\u00ed z\u016fstal  na\u017eivu jen zakladatel kapely, se dok\u00e1zala v\u017edy vr\u00e1tit a v\u010derej\u0161\u00edm  narozeninov\u00fdm koncertem zah\u00e1jila novou etapu sv\u00e9ho \u017eivota, a to v  mezin\u00e1rodn\u00edm slo\u017een\u00ed: Benny Stopa\u0159 Ben\u00ed\u0161ek (p), Eugen P\u00e1l Bal\u00e1\u017e (g),  Had\u017ei Hrkal (bg), Mirek Lahoda (dr.) a L. Jakl (voc., g).<\/p><\/div>\n<div>\n<div><img loading=\"lazy\" decoding=\"async\" src=\"http:\/\/www.prazskenovinky.cz\/repository\/volby\/dsc_9336.jpg\" alt=\"\" width=\"390\" height=\"259\" \/><br \/>\n<em>Ladislav Jakl, frontman kapely<\/em><\/div>\n<p>Folimanka  blues odehr\u00e1la stovky koncert\u016f po cel\u00e9 republice, vystupovala i na  Slovensku, v Polsku, Rakousku, N\u011bmecku a v USA a vydala 4 alba, z nich\u017e  posledn\u00ed je Krajina po bitv\u011b z roku 2011. Folimanka Blues hraje  dramatick\u00e9 p\u00edsn\u011b o \u017eivot\u011b s \u017eenami a bez nich, ale tak\u00e9 \u201evypalova\u010dky\u201c o  pivu a hospod\u00e1ch.<\/p>\n<p>Kapela vznikla v roce 1993 a jde o \u201eodv\u00e1zan\u00fd  bigb\u00edt i po\u0159\u00e1dn\u00e9 drama s kusem historie. Folimanka blues je kapela  velk\u00fdch v\u00e1\u0161n\u00ed i velk\u00e9 srandy, kapela, kter\u00e1 von\u00ed slzami a smrd\u00ed potem,\u201c  uv\u00e1d\u00ed Ladislav Jakl, frontman kapely. Kapelu v pr\u016fb\u011bhu jej\u00edho trv\u00e1n\u00ed  opustili \u010dty\u0159i \u010dlenov\u00e9, v roce 2005 zem\u0159el Zden\u011bk Cimmerman, v roce 2006  ode\u0161el hr\u00e1t v\u011b\u010dn\u00e9 nebesk\u00e9 jam-session R\u00ed\u0161a K\u0159\u00ed\u017e, v roce 2011 se za n\u00edm  vydal pianista Robby \u010cern\u00fd a jako posledn\u00ed zem\u0159el loni v prosinci Honza  Chalupsk\u00fd. \u201eJako kapelu n\u00e1s potkalo velk\u00e9 ne\u0161t\u011bst\u00ed, ale proto\u017ee bigb\u00edt  mus\u00ed \u017e\u00edt, pokra\u010dujeme d\u00e1l a letos chceme uk\u00e1zat nov\u00fd sm\u011br na\u0161\u00ed kapely,  proto\u017ee R\u00ed\u0161a K\u0159\u00ed\u017e, Zden\u011bk Cimmerman, Robby \u010cern\u00fd a Honza Chalupsk\u00fd  ur\u010dit\u011b shora kontrolujou, jestli se ti dole nefl\u00e1kaj,\u201c dod\u00e1v\u00e1 kapeln\u00edk.<\/p>\n<p><em>(red,tm,foto:jirivomacka <a href=\"http:\/\/www.prazskenovinky.cz\/zpravy\/regiony\/jaklova-folimanka-blues-oslavila-20-let\/\" target=\"_blank\">zdroj<\/a>)<\/em><\/div>\n","protected":false},"excerpt":{"rendered":"<p>Skupina Folimanka Blues v\u010dera v Pal\u00e1ci Akropolis oslavila svoje 20. narozeniny. I p\u0159es nachlazen\u00ed a zlomenou nohu frontmana kapely, Ladislava Jakla, se koncert nadm\u00edru vyda\u0159il.<\/p>\n","protected":false},"author":1,"featured_media":0,"comment_status":"open","ping_status":"open","sticky":false,"template":"","format":"standard","meta":{"ngg_post_thumbnail":0,"footnotes":""},"categories":[4,11],"tags":[],"class_list":["post-4205","post","type-post","status-publish","format-standard","hentry","category-hudba","category-ozvena"],"_links":{"self":[{"href":"https:\/\/www.ladislavjakl.cz\/index.php?rest_route=\/wp\/v2\/posts\/4205","targetHints":{"allow":["GET"]}}],"collection":[{"href":"https:\/\/www.ladislavjakl.cz\/index.php?rest_route=\/wp\/v2\/posts"}],"about":[{"href":"https:\/\/www.ladislavjakl.cz\/index.php?rest_route=\/wp\/v2\/types\/post"}],"author":[{"embeddable":true,"href":"https:\/\/www.ladislavjakl.cz\/index.php?rest_route=\/wp\/v2\/users\/1"}],"replies":[{"embeddable":true,"href":"https:\/\/www.ladislavjakl.cz\/index.php?rest_route=%2Fwp%2Fv2%2Fcomments&post=4205"}],"version-history":[{"count":3,"href":"https:\/\/www.ladislavjakl.cz\/index.php?rest_route=\/wp\/v2\/posts\/4205\/revisions"}],"predecessor-version":[{"id":4207,"href":"https:\/\/www.ladislavjakl.cz\/index.php?rest_route=\/wp\/v2\/posts\/4205\/revisions\/4207"}],"wp:attachment":[{"href":"https:\/\/www.ladislavjakl.cz\/index.php?rest_route=%2Fwp%2Fv2%2Fmedia&parent=4205"}],"wp:term":[{"taxonomy":"category","embeddable":true,"href":"https:\/\/www.ladislavjakl.cz\/index.php?rest_route=%2Fwp%2Fv2%2Fcategories&post=4205"},{"taxonomy":"post_tag","embeddable":true,"href":"https:\/\/www.ladislavjakl.cz\/index.php?rest_route=%2Fwp%2Fv2%2Ftags&post=4205"}],"curies":[{"name":"wp","href":"https:\/\/api.w.org\/{rel}","templated":true}]}}