{"id":421,"date":"2010-06-24T13:46:28","date_gmt":"2010-06-24T12:46:28","guid":{"rendered":"http:\/\/www.ladislavjakl.cz\/?p=421"},"modified":"2010-06-24T13:50:42","modified_gmt":"2010-06-24T12:50:42","slug":"jakl-jandakovi-neni-dobre-jit-za-lidmi-s-pistoli-a-rikat-navalte-prachy","status":"publish","type":"post","link":"https:\/\/www.ladislavjakl.cz\/?p=421","title":{"rendered":"Jakl Jand\u00e1kovi: Nen\u00ed dobr\u00e9 j\u00edt za lidmi s pistol\u00ed a \u0159\u00edkat Navalte prachy"},"content":{"rendered":"<p>Poslanec \u010cSSD  V\u00edt\u011bzslav Jand\u00e1k v rozhovoru pro TV Prima p\u0159ed \u010dasem uvedl, \u017ee je pro  to, aby um\u011bn\u00ed bylo podporov\u00e1no ze st\u00e1tn\u00edch pen\u011bz. Ale nap\u0159\u00edklad bigb\u00edt  podle n\u011bj nen\u00ed um\u011bn\u00ed.<\/p>\n<p><!--more-->Parlamentn\u00edListy.cz zaj\u00edmal n\u00e1zor tajemn\u00edka  prezidenta republiky Ladislava Jakla, kter\u00fd je s\u00e1m p\u0159\u00edznivcem bigb\u00edtu a  je frontmanem rockov\u00e9 skupiny Folimanka Blues.<strong> <\/strong> \u201eNebudu podporovat bigb\u00edt, ale ur\u010dit\u011b budu  podporovat kr\u00e1snou literaturu, budu podporovat dobr\u00fd filmy,&#8220; \u0159ekl  Jand\u00e1k.<\/p>\n<p><strong>Sebereme lidem pen\u00edze a nadiktujeme jim, co se\u00a0jim m\u00e1 l\u00edbit<\/strong><\/p>\n<p>\u201ePan Jand\u00e1k h\u00e1j\u00ed typick\u00fd princip p\u0159erozd\u011blovac\u00ed politiky. Prost\u011b  sebereme lidem pen\u00edze. Ne, \u017ee oni sami si budou moci vybrat za svoje  pen\u00edze strukturu pot\u0159eb a hodnot podle sv\u00e9ho uv\u00e1\u017een\u00ed. My jim sebereme  pen\u00edze a pak jim budeme vnucovat hodnoty dle sv\u00e9ho uv\u00e1\u017een\u00ed. My ur\u010d\u00edme,  co je hodnotn\u00e9, co je um\u011bn\u00ed, tam to nalijeme a vy si to pak vezm\u011bte,&#8220;  komentoval pro Parlamentn\u00edListy.cz Jand\u00e1k\u016fv v\u00fdrok Jakl.<\/p>\n<p><strong>Nen\u00ed dobr\u00e9 br\u00e1t pen\u00edze lidem n\u00e1sil\u00edm<\/strong><\/p>\n<p>\u201eAle st\u00e1t neum\u00ed jinak z\u00edsk\u00e1vat pen\u00edze od lid\u00ed ne\u017e n\u00e1sil\u00edm. N\u00e1sil\u00ed nen\u00ed  hezk\u00e1 v\u011bc. K tomu, aby se st\u00e1t c\u00edtil opr\u00e1vn\u011bn k tomuto n\u00e1sil\u00ed, tak mus\u00ed  m\u00edt v\u00e1\u017en\u00e9 d\u016fvody a dostate\u010dn\u00fdm d\u016fvodem k n\u00e1sil\u00ed nen\u00ed to, \u017ee se panu  Jand\u00e1kovi l\u00edb\u00ed n\u011bjak\u00fd obraz, n\u011bjak\u00e9 divadlo, n\u011bjak\u00fd film \u010di\u00a0n\u011bjak\u00e1  seren\u00e1da. To nen\u00ed dostate\u010dn\u00fdm d\u016fvodem, aby p\u0159i\u0161el s pistol\u00ed k soused\u016fm v  panel\u00e1ku a \u0159ekl &#8222;navalte prachy, j\u00e1 budu podporovat to, o \u010dem j\u00e1  rozhodnu, \u017ee je um\u011bn\u00ed.&#8220; St\u00e1t by podle m\u011b m\u011bl b\u00fdt v oblasti kultury velmi  zdr\u017eenliv\u00fd a pokud mo\u017eno by nem\u011bl podporovat nic,&#8220; m\u00edn\u00ed Jakl.<\/p>\n<p>Jakl nesouhlas\u00ed ani s n\u00e1zorem Jand\u00e1ka na bigb\u00edt. \u201eBigb\u00edt je sou\u010d\u00e1st \u017eiv\u00e9  kultury a v bigb\u00edtu nepochybn\u011b jsou jak v\u00fdjime\u010dn\u00e9 kvality,  tak i \u00fapln\u00e9 pitomosti. J\u00e1 osobn\u011b se sna\u017e\u00edm ned\u011blat \u00fapln\u00e9 pitomosti,&#8220;  dodal bigb\u00ed\u0165\u00e1k Jakl.<\/p>\n<p>Jand\u00e1k se nicm\u00e9n\u011b na Facebooku za sv\u00e9 v\u00fdroky o bigb\u00edtu sv\u00fdm origin\u00e1ln\u00edm a  neot\u0159el\u00fdm zp\u016fsobem omluvil. &#8222;J\u00e1 s t\u00edm nem\u00e1m probl\u00e9m, prost\u011b ho nem\u00e1m  r\u00e1d, sta\u010d\u00ed? Jinak, respektuji ho, ale prost\u011b n\u011bjak jsme si nesedly, moje  dcera si na n\u011bm t\u0159eba neskute\u010dn\u011b uj\u00ed\u017ed\u00ed, ale m\u011b to n\u011bjak minulo, sorry.  M\u00e1m r\u00e1d to co Vy mo\u017en\u00e1 naz\u00fdv\u00e1te gerontofiln\u00ed hudbou, country a t\u0159eba  filmovou hudbu. M\u011bjte se a nebudte na m\u011b naprdlej,&#8220; odpov\u011bd\u011bl jednomu z  u\u017eivatel\u016f t\u00e9to soci\u00e1ln\u00ed s\u00edt\u011b.<\/p>\n<p>Zdroj: <a href=\"http:\/\/www.parlamentnilisty.cz\/parlament\/168340.aspx\" target=\"_blank\">Parlamentn\u00ed listy<\/a><\/p>\n","protected":false},"excerpt":{"rendered":"<p>Poslanec \u010cSSD V\u00edt\u011bzslav Jand\u00e1k v rozhovoru pro TV Prima p\u0159ed \u010dasem uvedl, \u017ee je pro to, aby um\u011bn\u00ed bylo podporov\u00e1no ze st\u00e1tn\u00edch pen\u011bz. Ale nap\u0159\u00edklad bigb\u00edt podle n\u011bj nen\u00ed um\u011bn\u00ed.<\/p>\n","protected":false},"author":1,"featured_media":0,"comment_status":"open","ping_status":"open","sticky":false,"template":"","format":"standard","meta":{"ngg_post_thumbnail":0,"footnotes":""},"categories":[11],"tags":[],"class_list":["post-421","post","type-post","status-publish","format-standard","hentry","category-ozvena"],"_links":{"self":[{"href":"https:\/\/www.ladislavjakl.cz\/index.php?rest_route=\/wp\/v2\/posts\/421","targetHints":{"allow":["GET"]}}],"collection":[{"href":"https:\/\/www.ladislavjakl.cz\/index.php?rest_route=\/wp\/v2\/posts"}],"about":[{"href":"https:\/\/www.ladislavjakl.cz\/index.php?rest_route=\/wp\/v2\/types\/post"}],"author":[{"embeddable":true,"href":"https:\/\/www.ladislavjakl.cz\/index.php?rest_route=\/wp\/v2\/users\/1"}],"replies":[{"embeddable":true,"href":"https:\/\/www.ladislavjakl.cz\/index.php?rest_route=%2Fwp%2Fv2%2Fcomments&post=421"}],"version-history":[{"count":4,"href":"https:\/\/www.ladislavjakl.cz\/index.php?rest_route=\/wp\/v2\/posts\/421\/revisions"}],"predecessor-version":[{"id":424,"href":"https:\/\/www.ladislavjakl.cz\/index.php?rest_route=\/wp\/v2\/posts\/421\/revisions\/424"}],"wp:attachment":[{"href":"https:\/\/www.ladislavjakl.cz\/index.php?rest_route=%2Fwp%2Fv2%2Fmedia&parent=421"}],"wp:term":[{"taxonomy":"category","embeddable":true,"href":"https:\/\/www.ladislavjakl.cz\/index.php?rest_route=%2Fwp%2Fv2%2Fcategories&post=421"},{"taxonomy":"post_tag","embeddable":true,"href":"https:\/\/www.ladislavjakl.cz\/index.php?rest_route=%2Fwp%2Fv2%2Ftags&post=421"}],"curies":[{"name":"wp","href":"https:\/\/api.w.org\/{rel}","templated":true}]}}