{"id":4213,"date":"2013-09-20T15:24:22","date_gmt":"2013-09-20T13:24:22","guid":{"rendered":"http:\/\/www.ladislavjakl.cz\/?p=4213"},"modified":"2013-09-20T15:25:08","modified_gmt":"2013-09-20T13:25:08","slug":"co-je-treba-udelat-k-otoceni-spatneho-vyvoje-ekonomiky","status":"publish","type":"post","link":"https:\/\/www.ladislavjakl.cz\/?p=4213","title":{"rendered":"Co je t\u0159eba ud\u011blat k oto\u010den\u00ed \u0161patn\u00e9ho v\u00fdvoje ekonomiky?"},"content":{"rendered":"<p>N\u011bkolik ban\u00e1ln\u00edch krok\u016f. Ale ne\u0161kod\u00ed si je polopaticky sesum\u00edrovat:<\/p>\n<p><!--more--><\/p>\n<p>1.\tJe t\u0159eba p\u0159ijmout opat\u0159en\u00ed v r\u00e1mci ekonomick\u00e9 politiky st\u00e1tu.<\/p>\n<p>2.\tTo ale vy\u017eaduje velk\u00e1 politick\u00e1 rozhodnut\u00ed.<\/p>\n<p>3.\tK p\u0159ijet\u00ed t\u011bchto rozhodnut\u00ed nesta\u010d\u00ed jen spr\u00e1vn\u011b diagnostikovat sou\u010dasn\u00fd stav a z diagn\u00f3zy odvodit spr\u00e1vnou l\u00e9\u010dbu. Je t\u0159eba doj\u00edt k politick\u00e9mu konsenzu a dlouhodob\u00e9 podpo\u0159e takov\u00e9ho konsenzu.<\/p>\n<p>4.\tK tomu je ale t\u0159eba mand\u00e1t a odvaha.<\/p>\n<p>5.\tMand\u00e1t i odvahu lze odvodit pouze z jasn\u011b formulovan\u00e9 spole\u010densk\u00e9 popt\u00e1vky po zm\u011bn\u011b. Nikoli po jak\u00e9koli zm\u011bn\u011b. Po zm\u011bn\u011b na\u0161eho eurosocialismu zp\u011bt na kapitalismus.<\/p>\n<p>6.\tTato popt\u00e1vka nesm\u00ed b\u00fdt artikulov\u00e1na pouze v rovin\u011b v\u0161eobecn\u00e9 frustrace, mus\u00ed p\u0159ev\u00e1\u017eit popt\u00e1vka po konkr\u00e9tn\u00edch kroc\u00edch, kter\u00e9 zbav\u00ed ekonomiku balastn\u00ed z\u00e1t\u011b\u017ee a vr\u00e1t\u00ed j\u00ed motivaci.<\/p>\n<p>7.\tTuto popt\u00e1vku je mo\u017eno kultivovat pouze ve\u0159ejnou debatou, ov\u0161em debatou, kter\u00e1 bude sycena nejen anal\u00fdzou dne\u0161n\u00edho stavu, ale pr\u00e1v\u011b konkr\u00e9tn\u00edmi n\u00e1vrhy, pro kter\u00e9 je t\u0159eba z\u00edskat podporu.<\/p>\n<p>8.\tNejde o nic men\u0161\u00edho, ne\u017e kdy\u017e bylo t\u0159eba z\u00edsk\u00e1vat podporu pro liberalizaci cen \u010di privatizaci p\u0159ed v\u00edce ne\u017e 20 lety.<\/p>\n<p>9.\tDne\u0161n\u00ed spole\u010densk\u00e1 debata je vedena v z\u00e1sad\u011b nikoli o tvorb\u011b bohatstv\u00ed, ale o jeho p\u0159erozd\u011blov\u00e1n\u00ed. A to je ten z\u00e1kladn\u00ed a kl\u00ed\u010dov\u00fd defekt dne\u0161n\u00ed doby. To je dne\u0161n\u00ed hlavn\u00ed spole\u010densk\u00e1 nemoc.<\/p>\n<p>10.\tI tak zd\u00e1nliv\u011b odli\u0161n\u00e1 t\u00e9mata, jako je boj s korupc\u00ed, \u010derp\u00e1n\u00ed evropsk\u00fdch fond\u016f, \u201espravedliv\u00e1\u201c da\u0148ov\u00e1 politika, d\u016fchodov\u00e1 reforma, neefektivn\u00ed hospoda\u0159en\u00ed na komun\u00e1ln\u00ed \u00farovni, grantov\u00e1 politika, podpora v\u011bdy, sportu, kultury \u010di volno\u010dasov\u00fdch aktivit, to v\u0161e je pouze o rozd\u011blen\u00ed bohatstv\u00ed, jeho\u017e vznik se pova\u017euje za tak n\u011bjak samoz\u0159ejm\u00fd.<\/p>\n<p>11.\tVe ve\u0159ejnosti zcela zv\u00edt\u011bzil pocit, \u017ee za v\u0161e m\u016f\u017ee \u0161patn\u00e9 p\u0159erozd\u011blov\u00e1n\u00ed \u010di \u0161patn\u00e1 kontrola p\u0159erozd\u011blov\u00e1n\u00ed. Zv\u00edt\u011bzil pocit, \u017ee pokud se n\u011bkomu nevede dob\u0159e, je to kv\u016fli tomu, \u017ee k n\u011bmu nebyl nasm\u011brov\u00e1n tok zdroj\u016f, proto\u017ee byl chybn\u011b (\u010di zlo\u010dinn\u011b) nasm\u011brov\u00e1n jinam. Zv\u00edt\u011bzil pocit, \u017ee pokud se zlikviduj\u00ed zpronev\u011bry a zdroje rozd\u011bl\u00ed l\u00e9pe a spravedliv\u011bji, budou m\u00edt v\u0161ichni v\u0161eho dost.<\/p>\n<p>12.\tPot\u00ed\u017e je v\u0161ak u\u017e v tom, \u017ee je toho st\u00e1le m\u00e9n\u011b k p\u0159erozd\u011blov\u00e1n\u00ed. Bohatstv\u00ed vznik\u00e1 m\u00e1lo, ne \u017ee je \u0161patn\u011b rozd\u011blov\u00e1no. Tam je t\u0159eba nasm\u011brovat spole\u010denskou pozornost.<\/p>\n<p>13.\tLid\u00e9 mus\u00ed za\u010d\u00edt pova\u017eovat za v\u00e1\u017en\u00fd probl\u00e9m sn\u00ed\u017eenou motivaci tv\u016frc\u016f bohatstv\u00ed a sn\u00ed\u017eenou ochotu investovat, pokles z\u00e1jmu o \u00fav\u011bry, o rozjet\u00ed nov\u00fdch projekt\u016f, ztr\u00e1tu v\u016fle ke zdrav\u00e9mu riskov\u00e1n\u00ed.<\/p>\n<p>14.\tNi\u017e\u0161\u00ed v\u016fle k podnikavosti je zp\u016fsobena ni\u017e\u0161\u00ed m\u00edrou svobody, p\u0159edev\u0161\u00edm t\u00e9 ekonomick\u00e9. To by m\u011bla ve\u0159ejnost za\u010d\u00edt c\u00edtit jako nikoli akademick\u00fd probl\u00e9m, ale jako probl\u00e9m sv\u00fdch pen\u011b\u017eenek. Bez tohoto uv\u011bdom\u011bn\u00ed nen\u00ed z\u00e1sadn\u00ed zm\u011bna mo\u017en\u00e1, bez toho sou\u010dasn\u00fd neblah\u00fd trend zvr\u00e1tit nep\u016fjde. A lidem bude \u010d\u00edm d\u00e1l h\u016f\u0159 a \u010d\u00edm d\u00e1l v\u00edc budou jen nad\u00e1vat, \u017ee je n\u011bkdo okr\u00e1d\u00e1.<\/p>\n<p>15.\tKdo to lidem za\u010dne \u0159\u00edkat?<\/p>\n<p>Ladislav Jakl<\/p>\n","protected":false},"excerpt":{"rendered":"<p>N\u011bkolik ban\u00e1ln\u00edch krok\u016f. Ale ne\u0161kod\u00ed si je polopaticky sesum\u00edrovat:<\/p>\n","protected":false},"author":1,"featured_media":0,"comment_status":"open","ping_status":"open","sticky":false,"template":"","format":"standard","meta":{"ngg_post_thumbnail":0,"footnotes":""},"categories":[18],"tags":[],"class_list":["post-4213","post","type-post","status-publish","format-standard","hentry","category-postrehy"],"_links":{"self":[{"href":"https:\/\/www.ladislavjakl.cz\/index.php?rest_route=\/wp\/v2\/posts\/4213","targetHints":{"allow":["GET"]}}],"collection":[{"href":"https:\/\/www.ladislavjakl.cz\/index.php?rest_route=\/wp\/v2\/posts"}],"about":[{"href":"https:\/\/www.ladislavjakl.cz\/index.php?rest_route=\/wp\/v2\/types\/post"}],"author":[{"embeddable":true,"href":"https:\/\/www.ladislavjakl.cz\/index.php?rest_route=\/wp\/v2\/users\/1"}],"replies":[{"embeddable":true,"href":"https:\/\/www.ladislavjakl.cz\/index.php?rest_route=%2Fwp%2Fv2%2Fcomments&post=4213"}],"version-history":[{"count":2,"href":"https:\/\/www.ladislavjakl.cz\/index.php?rest_route=\/wp\/v2\/posts\/4213\/revisions"}],"predecessor-version":[{"id":4215,"href":"https:\/\/www.ladislavjakl.cz\/index.php?rest_route=\/wp\/v2\/posts\/4213\/revisions\/4215"}],"wp:attachment":[{"href":"https:\/\/www.ladislavjakl.cz\/index.php?rest_route=%2Fwp%2Fv2%2Fmedia&parent=4213"}],"wp:term":[{"taxonomy":"category","embeddable":true,"href":"https:\/\/www.ladislavjakl.cz\/index.php?rest_route=%2Fwp%2Fv2%2Fcategories&post=4213"},{"taxonomy":"post_tag","embeddable":true,"href":"https:\/\/www.ladislavjakl.cz\/index.php?rest_route=%2Fwp%2Fv2%2Ftags&post=4213"}],"curies":[{"name":"wp","href":"https:\/\/api.w.org\/{rel}","templated":true}]}}