{"id":4218,"date":"2013-09-20T15:33:22","date_gmt":"2013-09-20T13:33:22","guid":{"rendered":"http:\/\/www.ladislavjakl.cz\/?p=4218"},"modified":"2013-09-20T15:33:22","modified_gmt":"2013-09-20T13:33:22","slug":"komarek-chtel-zesmesnit-jakla-zesmesnil-sebe-a-byl-zesmesnen","status":"publish","type":"post","link":"https:\/\/www.ladislavjakl.cz\/?p=4218","title":{"rendered":"Kom\u00e1rek cht\u011bl zesm\u011b\u0161nit Jakla. Zesm\u011b\u0161nil sebe. A byl zesm\u011b\u0161n\u011bn"},"content":{"rendered":"<p>&#8222;M\u00e1 Obama bombardovat S\u00fdrii? Je to stra\u0161n\u011b t\u011b\u017ek\u00e9 rozhodnut\u00ed. My v  \u010cesku v\u00edme. Kdy\u017e Jakl \u0159\u00edk\u00e1, \u017ee by nem\u011bl, jsme si jisti, \u017ee mus\u00ed,&#8220; napsal  b\u00fdval\u00fd novin\u00e1\u0159 MF DNES Martin Kom\u00e1rek, kter\u00fd dnes pracuje v \u017eoldu  \u0159epkov\u00e9ho magn\u00e1ta Andreje Babi\u0161e.<\/p>\n<p><!--more--><\/p>\n<p><img decoding=\"async\" id=\"zpravy_image_9773f24a-1022-11e3-9bcb-003048df98d0c014e06730ef43a0a2c670e5775e23bc\" title=\"Kom\u00e1rek cht\u011bl zesm\u011b\u0161nit Jakla. Zesm\u011b\u0161nil sebe. A byl zesm\u011b\u0161n\u011bn\" src=\"http:\/\/www.prvnizpravy.cz\/repository\/zpravy\/_antialias_9773f24a-1022-11e3-9bcb-003048df98d0_a0a7d9c03537baa203eafd69a348b24a.jpg\" alt=\"Kom\u00e1rek cht\u011bl zesm\u011b\u0161nit Jakla. Zesm\u011b\u0161nil sebe. A byl zesm\u011b\u0161n\u011bn\" \/><\/p>\n<div>Andrej Babi\u0161 a Martin Kom\u00e1rek<\/div>\n<p>Cht\u011bl asi  Klausova spolupracovn\u00edka Ladislava Jakla zesm\u011b\u0161nit, neuv\u011b\u0159iteln\u011b hloup\u00fdm  (a v\u016fbec ne vtipn\u00fdm) v\u00fdrokem v\u0161ak jen zesm\u011b\u0161nil sebe sam\u00e9ho. Martin  Kom\u00e1rek jako novin\u00e1\u0159 napsal za \u017eivot mnoho pitomost\u00ed, ale te\u010f se teprve  \u010din\u00ed.<\/p>\n<p>A zesm\u011b\u0161nil se hned dvakr\u00e1t, proto\u017ee Jakl si nenechal uj\u00edt nadhozen\u00fd m\u00ed\u010dek a po\u0159\u00e1dn\u011b ho odp\u00e1lkoval na Kom\u00e1rkovu stranu.<\/p>\n<p>&#8222;Babi\u0161\u016fv  Kom\u00e1rek na sv\u00e9m fejsbuku zve\u0159ejnil zamy\u0161len\u00ed o to, zda m\u00e1 Obama  bombardovat S\u00fdrii. Podle n\u011bj je to jasn\u00e9: Jakl \u0159\u00edk\u00e1, \u017ee by nem\u011bl, tak\u017ee  Kom\u00e1rek si je jist, \u017ee bombardovat mus\u00ed. T\u00edm je vy\u0159e\u0161ena z\u00e1hada, pro\u010d  Kom\u00e1rek vstoupil b\u011bhem normalizace ke komunist\u016fm. P\u0159ece proto, \u017ee Jakl  tehdy \u0159\u00edkal nevstupovat,&#8220; uvedl Jakl pro Prvnizpravy.cz.<\/p>\n<p>Autor  \u010dl\u00e1nku se ale nijak nepodivuje faktu, \u017ee byl Kom\u00e1rek v KS\u010c. Mohl b\u00fdt  v\u016fbec syn otce, kter\u00fd byl poradcem jist\u00e9ho Che Guevary (jej\u00edmu\u017e  gerilov\u00e9mu teroru je p\u0159ipisov\u00e1no 216 zdokumentovan\u00fdch ob\u011bt\u00ed mezi roky  1957 a\u017e 1959), nekomunistou? Mo\u017en\u00e1 proto se mu chystan\u00e9 americk\u00e9 n\u00e1sil\u00ed  proti syrsk\u00e9mu lidu nijak nep\u0159\u00ed\u010d\u00ed, ba zamlouv\u00e1.<\/p>\n<p>Sv\u00e9 v\u00fdhrady k  p\u0159\u00edpadn\u00e9mu vojensk\u00e9mu z\u00e1sahu proti S\u00fdrii v souvislosti s \u00fadajn\u00fdm  pou\u017eit\u00edm chemick\u00fdch zbran\u00ed Jakl nazna\u010dil v jin\u00e9m \u010dl\u00e1nku na serveru  Prvnizpravy.cz, na kter\u00fd Kom\u00e1rek reagoval.<\/p>\n<p>&#8222;Nikdo nem\u00e1 \u017e\u00e1dn\u00fd  d\u016fkaz, tak si to v\u0161ichni interpretuj\u00ed podle sebe. A co takhle se  pod\u00edvat, komu poslou\u017eil?&#8220; napov\u00edd\u00e1 Jakl, jak by m\u011bl konzument zpr\u00e1v na  podobn\u00e9 t\u011b\u017eko ov\u011b\u0159iteln\u00e9 zv\u011bsti reagovat.<\/p>\n<p>&#8222;Vojensky nikomu,&#8220;  odpov\u00edd\u00e1 si. &#8222;A propagandisticky? Syrsk\u00e9 vl\u00e1d\u011b ur\u010dit\u011b ne. Jen se dob\u0159e  d\u00edvejme, kdo bere tuhle trag\u00e9dii jako dar z nebe, jako z\u00e1minku k  prosazen\u00ed sv\u00fdch pl\u00e1n\u016f. Tentokr\u00e1t jde o mimo\u0159\u00e1dn\u011b odporn\u00e9 vrt\u011bn\u00ed psem,&#8220;  uvedl Jakl pro Prvnizpravy.cz v nar\u00e1\u017ece na slavn\u00fd americk\u00fd film, kter\u00fd  ukazuje z\u00e1kulis\u00ed p\u0159\u00edprav podobn\u00fdch propagandistick\u00fdch kampan\u00ed USA.<\/p>\n<p><a href=\"http:\/\/www.prvnizpravy.cz\/zpravy\/politika\/komarek-chtel-zesmesnit-jakla-zesmesnil-sebe-a-byl-zesmesnen\/\" target=\"_blank\">Zdroj<\/a><\/p>\n","protected":false},"excerpt":{"rendered":"<p>&#8222;M\u00e1 Obama bombardovat S\u00fdrii? Je to stra\u0161n\u011b t\u011b\u017ek\u00e9 rozhodnut\u00ed. My v \u010cesku v\u00edme. Kdy\u017e Jakl \u0159\u00edk\u00e1, \u017ee by nem\u011bl, jsme si jisti, \u017ee mus\u00ed,&#8220; napsal b\u00fdval\u00fd novin\u00e1\u0159 MF DNES Martin Kom\u00e1rek, kter\u00fd dnes pracuje v \u017eoldu \u0159epkov\u00e9ho magn\u00e1ta Andreje Babi\u0161e.<\/p>\n","protected":false},"author":1,"featured_media":0,"comment_status":"open","ping_status":"open","sticky":false,"template":"","format":"standard","meta":{"ngg_post_thumbnail":0,"footnotes":""},"categories":[11],"tags":[],"class_list":["post-4218","post","type-post","status-publish","format-standard","hentry","category-ozvena"],"_links":{"self":[{"href":"https:\/\/www.ladislavjakl.cz\/index.php?rest_route=\/wp\/v2\/posts\/4218","targetHints":{"allow":["GET"]}}],"collection":[{"href":"https:\/\/www.ladislavjakl.cz\/index.php?rest_route=\/wp\/v2\/posts"}],"about":[{"href":"https:\/\/www.ladislavjakl.cz\/index.php?rest_route=\/wp\/v2\/types\/post"}],"author":[{"embeddable":true,"href":"https:\/\/www.ladislavjakl.cz\/index.php?rest_route=\/wp\/v2\/users\/1"}],"replies":[{"embeddable":true,"href":"https:\/\/www.ladislavjakl.cz\/index.php?rest_route=%2Fwp%2Fv2%2Fcomments&post=4218"}],"version-history":[{"count":1,"href":"https:\/\/www.ladislavjakl.cz\/index.php?rest_route=\/wp\/v2\/posts\/4218\/revisions"}],"predecessor-version":[{"id":4219,"href":"https:\/\/www.ladislavjakl.cz\/index.php?rest_route=\/wp\/v2\/posts\/4218\/revisions\/4219"}],"wp:attachment":[{"href":"https:\/\/www.ladislavjakl.cz\/index.php?rest_route=%2Fwp%2Fv2%2Fmedia&parent=4218"}],"wp:term":[{"taxonomy":"category","embeddable":true,"href":"https:\/\/www.ladislavjakl.cz\/index.php?rest_route=%2Fwp%2Fv2%2Fcategories&post=4218"},{"taxonomy":"post_tag","embeddable":true,"href":"https:\/\/www.ladislavjakl.cz\/index.php?rest_route=%2Fwp%2Fv2%2Ftags&post=4218"}],"curies":[{"name":"wp","href":"https:\/\/api.w.org\/{rel}","templated":true}]}}