{"id":4220,"date":"2013-09-23T13:43:45","date_gmt":"2013-09-23T11:43:45","guid":{"rendered":"http:\/\/www.ladislavjakl.cz\/?p=4220"},"modified":"2013-09-23T13:43:45","modified_gmt":"2013-09-23T11:43:45","slug":"pane-bakalo-pozor-odborari-varuji-pred-fackami-a-vybuchem-hnevu-a-jakl-se-vam-smeje","status":"publish","type":"post","link":"https:\/\/www.ladislavjakl.cz\/?p=4220","title":{"rendered":"Pane Bakalo, pozor: Odbor\u00e1\u0159i varuj\u00ed p\u0159ed fackami a v\u00fdbuchem hn\u011bvu. A Jakl se V\u00e1m sm\u011bje"},"content":{"rendered":"<p>Po ozn\u00e1men\u00ed veden\u00ed spole\u010dnosti OKD, \u017ee navzdory protest\u016fm uzav\u0159e  D\u016fl Paskov, se rozho\u0159ely emoce jak mezi horn\u00edky a odbor\u00e1\u0159sk\u00fdmi p\u0159ed\u00e1ky,  tak na politick\u00e9 sc\u00e9n\u011b. Hromy a blesky sm\u011b\u0159uj\u00ed p\u0159edev\u0161\u00edm na hlavu  Zde\u0148ka Bakaly, kter\u00fd se v \u010dasech \u00fasp\u011bch\u016f r\u00e1d prezentoval jako tv\u00e1\u0159  t\u011b\u017ea\u0159sk\u00e9ho gigantu, a\u010dkoliv ve spole\u010dnosti NWR, kter\u00e1 doly vlastn\u00ed, m\u00e1  pouze men\u0161inov\u00fd pod\u00edl.<\/p>\n<p><!--more--><\/p>\n<p>M\u00edstop\u0159edseda \u010cSSD Lubom\u00edr Zaor\u00e1lek mu podle den\u00edku Pr\u00e1vo nap\u0159\u00edklad  vzk\u00e1zal, \u017ee by m\u011bl st\u00e1tu D\u016fl Paskov prodat za jednu korunu a je\u0161t\u011b b\u00fdt  r\u00e1d, jak dob\u0159e to pro n\u011bj dopadlo.<\/p>\n<p>Ladislav Jakl, tajemn\u00edk b\u00fdval\u00e9ho prezidenta V\u00e1clava Klause, si pak r\u00fdpl  do dal\u0161\u00edch aktivit, kter\u00fdmi se Bakala r\u00e1d ve\u0159ejn\u011b prezentuje, zejm\u00e9na  do pra\u017esk\u00e9 Knihovny V\u00e1clava Havla, kterou miliard\u00e1\u0159 financuje. \u201eMo\u017en\u00e1 by  pan Bakala mohl propu\u0161t\u011bn\u00e9 horn\u00edky zam\u011bstnat v\u00a0Havlov\u011b knihovn\u011b, kterou  plat\u00ed,\u201c vzk\u00e1zal Jakl.<\/p>\n<p>Ji\u0159\u00ed Z\u00e1topek, odbor\u00e1\u0159 z Dolu Paskov, v\u0161ak politiky i vlastn\u00edky varoval,  \u017ee by v\u00a0tuto chv\u00edli m\u011bli v\u00e1\u017eit slova. Jinak by pr\u00fd \u00fatern\u00ed vniknut\u00ed  demonstrant\u016f do b\u00fdval\u00e9ho s\u00eddla t\u011b\u017ea\u0159sk\u00e9 spole\u010dnosti nemuselo b\u00fdt  posledn\u00edm incidentem. \u201eN\u00e1lada je hodn\u011b ponur\u00e1, houstne, lid\u00e9 to t\u011b\u017ece  nesou,\u201c varuje.<\/p>\n<p>V\u00a0podniku podle n\u011bj \u017e\u00e1dn\u00e1 agrese nehroz\u00ed, ale jinde za horn\u00edky nikdo  ru\u010dit nem\u016f\u017ee. \u201eSta\u010d\u00ed jedno \u0161patn\u00e9 slovo, kapka, a emoce vzplanou. A za  to, co lidi ud\u011blaj\u00ed mimo \u0161achtu, zodpov\u011bdn\u00fd nejsem,\u201c upozornil odborov\u00fd  p\u0159ed\u00e1k.<\/p>\n<p>I \u0161\u00e9f hornick\u00fdch odbor\u016f Jarom\u00edr Pytl\u00edk upozornil, \u017ee lid\u00e9 jsou velmi  rozl\u00edcen\u00ed, a nav\u00edc u\u017e nemaj\u00ed co ztratit. \u201eHorn\u00edci nechod\u00ed daleko od  facky, a kdy\u017e je n\u011bkdo p\u0159itla\u010d\u00ed ke zdi, tak se nen\u00ed co divit,\u201c mysl\u00ed si  Pytl\u00edk.<\/p>\n<p><a href=\"http:\/\/www.parlamentnilisty.cz\/arena\/monitor\/Pane-Bakalo-pozor-Odborari-varuji-pred-fackami-a-vybuchem-hnevu-A-Jakl-se-Vam-smeje-286235\" target=\"_blank\">Zdroj<\/a><\/p>\n","protected":false},"excerpt":{"rendered":"<p>Po ozn\u00e1men\u00ed veden\u00ed spole\u010dnosti OKD, \u017ee navzdory protest\u016fm uzav\u0159e D\u016fl Paskov, se rozho\u0159ely emoce jak mezi horn\u00edky a odbor\u00e1\u0159sk\u00fdmi p\u0159ed\u00e1ky, tak na politick\u00e9 sc\u00e9n\u011b. Hromy a blesky sm\u011b\u0159uj\u00ed p\u0159edev\u0161\u00edm na hlavu Zde\u0148ka Bakaly, kter\u00fd se v \u010dasech \u00fasp\u011bch\u016f r\u00e1d prezentoval jako tv\u00e1\u0159 t\u011b\u017ea\u0159sk\u00e9ho gigantu, a\u010dkoliv ve spole\u010dnosti NWR, kter\u00e1 doly vlastn\u00ed, m\u00e1 pouze men\u0161inov\u00fd pod\u00edl.<\/p>\n","protected":false},"author":1,"featured_media":0,"comment_status":"open","ping_status":"open","sticky":false,"template":"","format":"standard","meta":{"ngg_post_thumbnail":0,"footnotes":""},"categories":[11],"tags":[],"class_list":["post-4220","post","type-post","status-publish","format-standard","hentry","category-ozvena"],"_links":{"self":[{"href":"https:\/\/www.ladislavjakl.cz\/index.php?rest_route=\/wp\/v2\/posts\/4220","targetHints":{"allow":["GET"]}}],"collection":[{"href":"https:\/\/www.ladislavjakl.cz\/index.php?rest_route=\/wp\/v2\/posts"}],"about":[{"href":"https:\/\/www.ladislavjakl.cz\/index.php?rest_route=\/wp\/v2\/types\/post"}],"author":[{"embeddable":true,"href":"https:\/\/www.ladislavjakl.cz\/index.php?rest_route=\/wp\/v2\/users\/1"}],"replies":[{"embeddable":true,"href":"https:\/\/www.ladislavjakl.cz\/index.php?rest_route=%2Fwp%2Fv2%2Fcomments&post=4220"}],"version-history":[{"count":1,"href":"https:\/\/www.ladislavjakl.cz\/index.php?rest_route=\/wp\/v2\/posts\/4220\/revisions"}],"predecessor-version":[{"id":4221,"href":"https:\/\/www.ladislavjakl.cz\/index.php?rest_route=\/wp\/v2\/posts\/4220\/revisions\/4221"}],"wp:attachment":[{"href":"https:\/\/www.ladislavjakl.cz\/index.php?rest_route=%2Fwp%2Fv2%2Fmedia&parent=4220"}],"wp:term":[{"taxonomy":"category","embeddable":true,"href":"https:\/\/www.ladislavjakl.cz\/index.php?rest_route=%2Fwp%2Fv2%2Fcategories&post=4220"},{"taxonomy":"post_tag","embeddable":true,"href":"https:\/\/www.ladislavjakl.cz\/index.php?rest_route=%2Fwp%2Fv2%2Ftags&post=4220"}],"curies":[{"name":"wp","href":"https:\/\/api.w.org\/{rel}","templated":true}]}}