{"id":4232,"date":"2013-09-30T13:34:52","date_gmt":"2013-09-30T11:34:52","guid":{"rendered":"http:\/\/www.ladislavjakl.cz\/?p=4232"},"modified":"2013-09-30T13:34:52","modified_gmt":"2013-09-30T11:34:52","slug":"o-genderove-politice-bez-predpojatosti","status":"publish","type":"post","link":"https:\/\/www.ladislavjakl.cz\/?p=4232","title":{"rendered":"O genderov\u00e9 politice bez p\u0159edpojatost\u00ed"},"content":{"rendered":"<p>Rozhodl jsem se tuhle v pozitivn\u00edm hnut\u00ed mysli, \u017ee pop\u0159em\u00fd\u0161l\u00edm o  problematice generov\u00e9 vyv\u00e1\u017eenosti bez apriorism\u016f. T\u0159eba na tom v\u0161em n\u011bco  je, t\u0159eba maj\u00ed ty po\u017eadavky na kv\u00f3ty pro \u017eeny a na rovnom\u011brn\u00e9  zastoupen\u00ed obou pohlav\u00ed v r\u016fzn\u00fdch instituc\u00edch n\u011bco do sebe. A p\u0159i\u0161el  jsem na to, \u017ee maj\u00ed.<\/p>\n<p><!--more-->A tak chci nab\u00eddnout genderistk\u00e1m a genderist\u016fm  jedno dosud neosahan\u00e9 t\u00e9ma. Existuje toti\u017e jedna instituce, kde dosud  genderovou vyv\u00e1\u017eenost nikdo neprosazuje, ani ty nejmilitantn\u011bj\u0161\u00ed  sufra\u017eetky. A nen\u00ed to instituce ledajak\u00e1. Je to dokonce instituce pro  spole\u010dnost ta nejd\u016fle\u017eit\u011bj\u0161\u00ed: man\u017eelstv\u00ed a partnerstv\u00ed. Ano, prosa\u010fme  d\u016fsledn\u011b rovnov\u00e1\u017en\u00e9 zastoupen\u00ed obou pohlav\u00ed v t\u00e9to instituci! A tam, kde  z n\u011bjak\u00fdch zp\u00e1te\u010dnick\u00fdch d\u016fvod\u016f m\u00e1 v t\u00e9to instituci stoprocentn\u00ed  zastoupen\u00ed jen jedno pohlav\u00ed, tam je t\u0159eba kategoricky po\u017eadovat n\u00e1pravu  ve stanoven\u00e9 lh\u016ft\u011b. Prost\u011b v ka\u017ed\u00e9m man\u017eelstv\u00ed a partnerstv\u00ed prosazujme  pades\u00e1tiprocentn\u00ed pod\u00edl mu\u017e\u016f a \u017een. To by se mohlo stoupenc\u016fm genderov\u00e9  politiky l\u00edbit.<\/p>\n","protected":false},"excerpt":{"rendered":"<p>Rozhodl jsem se tuhle v pozitivn\u00edm hnut\u00ed mysli, \u017ee pop\u0159em\u00fd\u0161l\u00edm o problematice generov\u00e9 vyv\u00e1\u017eenosti bez apriorism\u016f. T\u0159eba na tom v\u0161em n\u011bco je, t\u0159eba maj\u00ed ty po\u017eadavky na kv\u00f3ty pro \u017eeny a na rovnom\u011brn\u00e9 zastoupen\u00ed obou pohlav\u00ed v r\u016fzn\u00fdch instituc\u00edch n\u011bco do sebe. A p\u0159i\u0161el jsem na to, \u017ee maj\u00ed.<\/p>\n","protected":false},"author":1,"featured_media":0,"comment_status":"open","ping_status":"open","sticky":false,"template":"","format":"standard","meta":{"ngg_post_thumbnail":0,"footnotes":""},"categories":[10],"tags":[],"class_list":["post-4232","post","type-post","status-publish","format-standard","hentry","category-zlehka"],"_links":{"self":[{"href":"https:\/\/www.ladislavjakl.cz\/index.php?rest_route=\/wp\/v2\/posts\/4232","targetHints":{"allow":["GET"]}}],"collection":[{"href":"https:\/\/www.ladislavjakl.cz\/index.php?rest_route=\/wp\/v2\/posts"}],"about":[{"href":"https:\/\/www.ladislavjakl.cz\/index.php?rest_route=\/wp\/v2\/types\/post"}],"author":[{"embeddable":true,"href":"https:\/\/www.ladislavjakl.cz\/index.php?rest_route=\/wp\/v2\/users\/1"}],"replies":[{"embeddable":true,"href":"https:\/\/www.ladislavjakl.cz\/index.php?rest_route=%2Fwp%2Fv2%2Fcomments&post=4232"}],"version-history":[{"count":1,"href":"https:\/\/www.ladislavjakl.cz\/index.php?rest_route=\/wp\/v2\/posts\/4232\/revisions"}],"predecessor-version":[{"id":4233,"href":"https:\/\/www.ladislavjakl.cz\/index.php?rest_route=\/wp\/v2\/posts\/4232\/revisions\/4233"}],"wp:attachment":[{"href":"https:\/\/www.ladislavjakl.cz\/index.php?rest_route=%2Fwp%2Fv2%2Fmedia&parent=4232"}],"wp:term":[{"taxonomy":"category","embeddable":true,"href":"https:\/\/www.ladislavjakl.cz\/index.php?rest_route=%2Fwp%2Fv2%2Fcategories&post=4232"},{"taxonomy":"post_tag","embeddable":true,"href":"https:\/\/www.ladislavjakl.cz\/index.php?rest_route=%2Fwp%2Fv2%2Ftags&post=4232"}],"curies":[{"name":"wp","href":"https:\/\/api.w.org\/{rel}","templated":true}]}}