{"id":4244,"date":"2013-10-02T12:36:18","date_gmt":"2013-10-02T10:36:18","guid":{"rendered":"http:\/\/www.ladislavjakl.cz\/?p=4244"},"modified":"2013-10-02T12:36:18","modified_gmt":"2013-10-02T10:36:18","slug":"jakl-vysvetlil-proc-klesa-respekt-vuci-statu-vi-co-s-tim","status":"publish","type":"post","link":"https:\/\/www.ladislavjakl.cz\/?p=4244","title":{"rendered":"Jakl vysv\u011btlil, pro\u010d kles\u00e1 respekt v\u016f\u010di st\u00e1tu. V\u00ed, co s t\u00edm"},"content":{"rendered":"<p>V politice chyb\u00ed politika, st\u011b\u017euje si bl\u00edzk\u00fd spolupracovn\u00edk  V\u00e1clava Klause a rocker v jedn\u00e9 osob\u011b, Ladislav Jakl. Aby se vr\u00e1tila,  musely by proj\u00edt z\u00e1sadn\u00ed p\u0159em\u011bnou ob\u011b hlavn\u00ed politick\u00e9 strany, \u0159\u00edk\u00e1.<\/p>\n<p><!--more--><\/p>\n<p><img decoding=\"async\" id=\"zpravy_image_47c9b574-2a97-11e3-8a0e-003048df98d0052c464483044fafac51bcdfc31d7923\" title=\"Jakl vysv\u011btlil, pro\u010d kles\u00e1 respekt v\u016f\u010di st\u00e1tu. V\u00ed, co s t\u00edm\" src=\"http:\/\/www.prvnizpravy.cz\/repository\/zpravy\/_antialias_47c9b574-2a97-11e3-8a0e-003048df98d0_a0a7d9c03537baa203eafd69a348b24a.jpg\" alt=\"Jakl vysv\u011btlil, pro\u010d kles\u00e1 respekt v\u016f\u010di st\u00e1tu. V\u00ed, co s t\u00edm\" \/><\/p>\n<div>Ladislav Jakl<\/div>\n<p>Z politick\u00e9ho  \u017eivota postupn\u011b miz\u00ed to podstatn\u00e9 \u2013 politika sama, v\u0161\u00edm\u00e1 si Ladislav  Jakl ve sv\u00e9m blogu. &#8211; \u010dt\u011bte blog Ladislava Jakla <a href=\"http:\/\/www.prvnizpravy.cz\/sloupky\/v-politice-chybi-politika\/\" target=\"_blank\"><em><strong>&#8222;V politice chyb\u00ed politika&#8220;<\/strong><\/em><\/a><\/p>\n<p>&#8222;Politika  je vytla\u010dov\u00e1na substitu\u010dn\u00edmi t\u00e9maty, kter\u00e1 na sebe berou apolitickou a  jaksi univerz\u00e1ln\u011b platnou podobu. T\u011bmito t\u00e9maty jsou \u00faspory, boj s  korupc\u00ed, vz\u00e1jemn\u00e1 kriminalizace politick\u00fdch soupe\u0159\u016f, \u00b4\u010derp\u00e1n\u00ed dotac\u00ed\u00b4,&#8220;  zam\u00fd\u0161l\u00ed se Jakl.<\/p>\n<p>Jako p\u0159\u00edklad uv\u00e1d\u00ed projekty v miliardov\u00fdch  hodnot\u00e1ch, p\u0159i\u010dem\u017e jedin\u00e9, co se u nich ve\u0159ejn\u011b \u0159e\u0161\u00ed, je, zda p\u0159i jejich  po\u0159izov\u00e1n\u00ed nedo\u0161lo k milionov\u00fdm zpronev\u011br\u00e1m \u010di nehospod\u00e1rnostem.<br \/>\n&#8222;Politika  se ale m\u00e1 pt\u00e1t, zda jsou tyto projekty v\u016fbec ve ve\u0159ejn\u00e9m z\u00e1jmu, zda  nejde sp\u00ed\u0161e o typicky priv\u00e1tn\u00ed \u010dinnosti a zda st\u00e1t sm\u00ed vyb\u00edrat miliardy  pen\u011bz od da\u0148ov\u00fdch poplatn\u00edk\u016f na projekty bu\u010f zbyte\u010dn\u00e9, nebo nahraditeln\u00e9  trhem,&#8220; vysv\u011btluje.<\/p>\n<p>Lid\u00e9 tak\u00e9 podle Jakla c\u00edt\u00ed, \u017ee politick\u00e9 a  \u00fastavn\u00ed instituce jsou pr\u00e1zdnou sko\u0159\u00e1pkou, kter\u00e1 obsahuje jen  rozhodov\u00e1n\u00ed o malichernostech, zat\u00edmco z\u00e1sadn\u00ed v\u011bci u\u017e jsou rozhodnuty  jinde. I z toho pramen\u00ed klesaj\u00edc\u00ed respekt v\u016f\u010di st\u00e1tu.<\/p>\n<p>B\u00fdval\u00fd  novin\u00e1\u0159 a spolupracovn\u00edk V\u00e1clava Klause v jeho stejnojmenn\u00e9m institutu  si pak v\u0161\u00edm\u00e1 i toho, \u017ee volby do Poslaneck\u00e9 sn\u011bmovny doned\u00e1vna v\u017edy  kon\u010dily tak, \u017ee sou\u010det zisk\u016f hlavn\u00ed levicov\u00e9 a hlavn\u00ed pravicov\u00e9 strany  osciloval kolem \u0161edes\u00e1ti procent.<\/p>\n<p><strong><a href=\"http:\/\/www.prvnizpravy.cz\/zpravy\/zpravy\/ladislav-jakl-vzdy-jde-v-politice-o-souboj-pravice-a-levice\/\">Ladislav <span>Jakl<\/span>: V\u017edy jde v politice o souboj pravice a levice<\/a><\/strong><\/p>\n<p>V posledn\u00edch volb\u00e1ch ale ob\u011b tyto strany z\u00edskaly dohromady jen 42 procent voli\u010dsk\u00fdch hlas\u016f.<\/p>\n<p>&#8222;Lze  o\u010dek\u00e1vat, \u017ee tento p\u00e1d se nezastav\u00ed, zvl\u00e1\u0161t\u011b s ohledem na aktu\u00e1ln\u00ed  krizi v obou na\u0161ich nejv\u011bt\u0161\u00edch politick\u00fdch stran\u00e1ch. Voli\u010di ale  p\u0159est\u00e1vaj\u00ed vid\u011bt volby jako souboj pravice a levice nikoli proto, \u017ee by  pro n\u011b takov\u00fd souboj ztratil v\u00fdznam, ale proto, nebo\u0165 jim ho politick\u00e1  t\u0159\u00edda nenab\u00edz\u00ed,&#8220; vysv\u011btluje.<\/p>\n<p>Podle Jakla se bez z\u00e1sadn\u00ed p\u0159em\u011bny dvou na\u0161ich hlavn\u00edch polick\u00fdch stran vlastn\u00ed politika do politick\u00e9ho \u017eivota nevr\u00e1t\u00ed.<\/p>\n<p><a href=\"http:\/\/www.prvnizpravy.cz\/zpravy\/politika\/jakl-vysvetlil-proc-klesa-respekt-vuci-statu-vi-co-s-tim\/\" target=\"_blank\">Zdroj<\/a><\/p>\n","protected":false},"excerpt":{"rendered":"<p>V politice chyb\u00ed politika, st\u011b\u017euje si bl\u00edzk\u00fd spolupracovn\u00edk V\u00e1clava Klause a rocker v jedn\u00e9 osob\u011b, Ladislav Jakl. Aby se vr\u00e1tila, musely by proj\u00edt z\u00e1sadn\u00ed p\u0159em\u011bnou ob\u011b hlavn\u00ed politick\u00e9 strany, \u0159\u00edk\u00e1.<\/p>\n","protected":false},"author":1,"featured_media":0,"comment_status":"open","ping_status":"open","sticky":false,"template":"","format":"standard","meta":{"ngg_post_thumbnail":0,"footnotes":""},"categories":[11],"tags":[],"class_list":["post-4244","post","type-post","status-publish","format-standard","hentry","category-ozvena"],"_links":{"self":[{"href":"https:\/\/www.ladislavjakl.cz\/index.php?rest_route=\/wp\/v2\/posts\/4244","targetHints":{"allow":["GET"]}}],"collection":[{"href":"https:\/\/www.ladislavjakl.cz\/index.php?rest_route=\/wp\/v2\/posts"}],"about":[{"href":"https:\/\/www.ladislavjakl.cz\/index.php?rest_route=\/wp\/v2\/types\/post"}],"author":[{"embeddable":true,"href":"https:\/\/www.ladislavjakl.cz\/index.php?rest_route=\/wp\/v2\/users\/1"}],"replies":[{"embeddable":true,"href":"https:\/\/www.ladislavjakl.cz\/index.php?rest_route=%2Fwp%2Fv2%2Fcomments&post=4244"}],"version-history":[{"count":1,"href":"https:\/\/www.ladislavjakl.cz\/index.php?rest_route=\/wp\/v2\/posts\/4244\/revisions"}],"predecessor-version":[{"id":4245,"href":"https:\/\/www.ladislavjakl.cz\/index.php?rest_route=\/wp\/v2\/posts\/4244\/revisions\/4245"}],"wp:attachment":[{"href":"https:\/\/www.ladislavjakl.cz\/index.php?rest_route=%2Fwp%2Fv2%2Fmedia&parent=4244"}],"wp:term":[{"taxonomy":"category","embeddable":true,"href":"https:\/\/www.ladislavjakl.cz\/index.php?rest_route=%2Fwp%2Fv2%2Fcategories&post=4244"},{"taxonomy":"post_tag","embeddable":true,"href":"https:\/\/www.ladislavjakl.cz\/index.php?rest_route=%2Fwp%2Fv2%2Ftags&post=4244"}],"curies":[{"name":"wp","href":"https:\/\/api.w.org\/{rel}","templated":true}]}}