{"id":426,"date":"2010-07-01T12:16:25","date_gmt":"2010-07-01T11:16:25","guid":{"rendered":"http:\/\/www.ladislavjakl.cz\/?p=426"},"modified":"2010-07-01T12:16:25","modified_gmt":"2010-07-01T11:16:25","slug":"jakl-skripeni-zubu-z-parize-a-berlina-bylo-slyset-az-do-prahy","status":"publish","type":"post","link":"https:\/\/www.ladislavjakl.cz\/?p=426","title":{"rendered":"Jakl: Sk\u0159\u00edp\u011bn\u00ed zub\u016f z Pa\u0159\u00ed\u017ee a Berl\u00edna bylo sly\u0161et a\u017e do Prahy"},"content":{"rendered":"<p><strong>Sk\u0159\u00edp\u011bn\u00ed zub\u016f z  Berl\u00edna a Pa\u0159\u00ed\u017ee kv\u016fli pra\u017esk\u00e9mu rusko-americk\u00e9mu summitu bylo sly\u0161et a\u017e  v Praze. Lisabonsk\u00e1 smlouva nep\u0159inesla v\u011bt\u0161\u00ed moc Bruselu, n\u00fdbr\u017e Francii  a N\u011bmecku, \u0159\u00edk\u00e1 v rozhovoru pro Parlamentn\u00edListy.cz tajemn\u00edk prezidenta  republiky Ladislav Jakl.<\/strong><\/p>\n<p><strong><!--more-->Ji\u017e n\u011bjakou dobu funguje Lisabonsk\u00e1 smlouva. Jak byste jej\u00ed  dopady zat\u00edm zhodnotil? Jsou tam pro v\u00e1s n\u011bjak\u00e1 p\u0159ekvapen\u00ed?<\/strong><\/p>\n<p>Pro lidi, kte\u0159\u00ed Lisabonskou smlouvu kritizovali, to zas tak velk\u00e1  p\u0159ekvapen\u00ed nep\u0159ineslo. Zcela ur\u010dit\u011b mus\u00ed b\u00fdt zklam\u00e1ni ti, kte\u0159\u00ed  Lisabonskou smlouvu tla\u010dili z d\u016fvodu, \u017ee si od n\u00ed slibovali napln\u011bn\u00ed  sv\u00fdch p\u0159edstav o dosa\u017een\u00ed jednotn\u011bj\u0161\u00edho postupu Evropsk\u00e9 unie. Dob\u0159e  v\u00edme, \u017ee podle Lisabonsk\u00e9 smlouvy m\u00e1me n\u011bco jako evropsk\u00e9ho prezidenta a  n\u011bco jako evropskou ministryni zahrani\u010d\u00ed, ale je \u010derven roku 2010 a  vize eurocentralist\u016f a bruselocentralist\u016f, \u017ee Evropsk\u00e1 unie v d\u016fle\u017eit\u00fdch  v\u011bcech navenek bude vystupovat jednotn\u011bji, ty se v\u016fbec nenaplnily. Je  to dokonce naopak. Slo\u017eit\u00e1 hospod\u00e1\u0159sk\u00e1 situace vyhrotila ur\u010dit\u00e9  legitimn\u00ed sobectv\u00ed velk\u00fdch hr\u00e1\u010d\u016f na evropsk\u00e9 politick\u00e9 sc\u00e9n\u011b, tak\u017ee  sp\u00ed\u0161e, ne\u017e \u017ee by Lisabonsk\u00e1 smlouva p\u0159inesla v\u011bt\u0161\u00ed hlas a moc Bruselu,  vid\u00edme v\u011bt\u0161\u00ed moc Pa\u0159\u00ed\u017ee a Berl\u00edna. V tomto smyslu o\u010dek\u00e1v\u00e1n\u00ed euronaivist\u016f  v\u016fbec napln\u011bno nebylo a my ostatn\u00ed si \u0159\u00edk\u00e1me: \u201eje\u0161t\u011b \u0161t\u011bst\u00ed, \u017ee ne&#8220;.  Jde o to, aby tento ne\u00fasp\u011bch Lisabonu nevedl euronaivisty a  eurocentralisty k pokusu vymyslet n\u011bco, co to k\u00fd\u017een\u00e9 uta\u017een\u00ed \u0161roub\u016f  p\u0159ece jenom p\u0159inese. Lisabonsk\u00e1 smlouva ji\u017e p\u0159esto p\u0159inesla n\u011bkter\u00e9  \u0161kody, p\u0159ed kter\u00fdmi jsme varovali. P\u0159in\u00e1\u0161\u00ed prvn\u00ed majoriza\u010dn\u00ed hlasov\u00e1n\u00ed a  p\u0159ehlasov\u00e1n\u00ed men\u0161\u00edch st\u00e1t\u016f v n\u011bkter\u00fdch v\u011bcech. Tyto v\u011bci nejsou zat\u00edm  \u010dast\u00e9, ale asi jich bude p\u0159ib\u00fdvat.<\/p>\n<p><strong>Jak\u00e9 jsou uzlov\u00e9 body zahrani\u010dn\u00ed politiky, kter\u00e9 by m\u011bla \u010desk\u00e1  reprezentace h\u00e1jit jako na\u0161e n\u00e1rodn\u00ed z\u00e1jmy?<\/strong><\/p>\n<p>Krom\u011b obsahu, co\u017e je t\u00e9ma na dlouhou debatu, by si m\u011bla h\u00e1jit n\u00e1stroje k  prosazen\u00ed z\u00e1jm\u016f suver\u00e9nn\u00edho st\u00e1tu. K tomu je mo\u017en\u00e9 pou\u017e\u00edvat mnoho  r\u016fzn\u00fdch metod a jedn\u00e1n\u00ed a j\u00e1 m\u00e1m pocit, \u017ee Fischerova vl\u00e1da se docela  sna\u017eila uchovat si vlastn\u00ed n\u00e1zor a vlastn\u00ed hlas. M\u00e1m-li vzpomenout n\u011bco  konkr\u00e9tn\u00edho, tak kdy\u017e Barack Obama a Dmitrij Medved\u011bv p\u0159em\u00fd\u0161leli o tom,  kde podepsat svou v\u00fdznamnou odzbrojovac\u00ed dohodu, tak k tomu \u017e\u00e1dnou  Evropskou unii nepot\u0159ebovali. Nejeli do Bruselu, nejednali s van  Rompuyem nebo s pan\u00ed Ashtonovou, ale jednali s n\u00e1rodn\u00ed reprezentac\u00ed  jednoho st\u00e1tu. To sk\u0159\u00edp\u011bn\u00ed zub\u016f z Pa\u0159\u00ed\u017ee a Berl\u00edna, \u017ee se s nimi nikdo o  t\u00e9to v\u011bci nebavil, bylo sly\u0161et a\u017e do Prahy.<\/p>\n<p><strong>Neob\u00e1v\u00e1te se toho, \u017ee by podobn\u011b jako v p\u0159\u00edpad\u011b Topol\u00e1nkovy  vl\u00e1dy mohl op\u011bt vzniknout konflikt ohledn\u011b zahrani\u010dn\u00ed politiky\u00a0s Hradem,  kdy\u017e jsou ve vl\u00e1d\u011b eurooptimistick\u00e9 V\u011bci ve\u0159ejn\u00e9 a TOP 09?<\/strong><\/p>\n<p>To opravdu nev\u00edm. Nev\u00edm p\u0159esn\u011b, co se skr\u00fdv\u00e1 za t\u011bmito uskupen\u00edmi. Jak\u00e9  p\u0159esn\u00e9 priority zahrani\u010dn\u00ed politiky maj\u00ed. V\u016fbec to nen\u00ed jasn\u00e9 a proto  nechci zbyte\u010dn\u011b pla\u0161it a stra\u0161it. T\u0159eba to bude zahrani\u010dn\u00ed politika  naprosto konformn\u00ed se z\u00e1jmy \u010desk\u00e9 zahrani\u010dn\u00ed politiky a \u017ee to nebude  znamenat obrat zahrani\u010dn\u00ed politiky jin\u00fdm sm\u011brem. Bude to tak\u00e9 z\u00e1le\u017eet na  person\u00e1ln\u00edm obsazen\u00ed m\u00edst d\u016fle\u017eit\u00fdch pro zahrani\u010dn\u00ed politiku.<\/p>\n<p><strong>\u010cetl jste kn\u00ed\u017eku exporadce prezidenta Klause a p\u0159edsedy  Svobodn\u00fdch Petra Macha Jak vystoupit z EU?<\/strong><\/p>\n<p>Ano, \u010detl.<\/p>\n<p><strong>Jak se v\u00e1m l\u00edbila?<\/strong><\/p>\n<p>Z\u00e1sadn\u00ed je, \u017ee Petr Mach tuto knihu v\u016fbec napsal. Je vid\u011bt, \u017ee se n\u011bkdo  seri\u00f3zn\u011b zab\u00fdv\u00e1 my\u0161lenkou, na kterou by se n\u011bkdo jin\u00fd v\u016fbec b\u00e1l  pomyslet. Tato \u00favaha nen\u00ed sprost\u00e9 slovo. Jestli s t\u011bmi v\u00fdvody, kter\u00e9  jsou v t\u00e9to knize naps\u00e1ny, n\u011bkdo nesouhlas\u00ed, a\u0165 se z\u00fa\u010dastn\u00ed t\u00e9 debaty a  posune ji n\u011bkam d\u00e1l. Zakazovat si podobn\u00e9 \u00favahy bychom si ur\u010dit\u011b nem\u011bli.  To bychom si mohli zak\u00e1zat myslet v\u016fbec.<\/p>\n<p><strong>Ned\u00e1vno prob\u011bhly ud\u00e1losti kolem v\u00fdro\u010d\u00ed Trianonsk\u00e9 smlouvy.  Mysl\u00edte si, \u017ee by mohly aspirace Ma\u010far\u016f b\u00fdt precedentem a povzbudit i  men\u0161iny v jin\u00fdch st\u00e1tech ne\u017e soused\u00edc\u00edch s Ma\u010farskem? <\/strong><\/p>\n<p>Tato v\u011bc nepochybn\u011b nebezpe\u010dn\u00e1 je. Je destabiliza\u010dn\u00ed. Jestli p\u016fjde v\u00fdvoj  sm\u011brem k n\u011bjak\u00e9mu revan\u0161ismu vzta\u017een\u00e9mu ke konkr\u00e9tn\u00edmu jednomu  historick\u00e9mu obdob\u00ed, kter\u00e9 je pro n\u011bkoho v\u00fdhodn\u00e9, jestli p\u016fjdeme cestou k  Velk\u00e9 Alb\u00e1nii, Velk\u00e9mu Srbsku, Velk\u00e9mu Ma\u010farsku, Velk\u00e9mu Rusku, Velk\u00e9mu  N\u011bmecku, tak kdy\u017e se\u010dteme v\u0161echny tyto aspirace v\u0161ech velk\u00fdch zem\u00ed, tak  by planeta musela m\u00edt t\u0159ikr\u00e1t v\u011bt\u0161\u00ed povrch, ne\u017e kter\u00fd m\u00e1. Kdy\u017e si  p\u0159e\u010dtete onen ma\u010farsk\u00fd z\u00e1kon a jeho d\u016fvodovou zpr\u00e1vu, tak tam je  explicitn\u011b naps\u00e1no, \u017ee to je pokus vymanit se ze z\u00e1vazk\u016f Trianonsk\u00e9  smlouvy. Trianon je sou\u010d\u00e1st\u00ed smluvn\u00edho uspo\u0159\u00e1d\u00e1n\u00ed po prvn\u00ed sv\u011btov\u00e9  v\u00e1lce, na jeho\u017e z\u00e1klad\u011b \u010derp\u00e1 svou legitimitu i suver\u00e9nn\u00ed \u010cesk\u00e1  republika. To se tedy \u010cesk\u00e9 republiky setsakramentsky t\u00fdk\u00e1. T\u00fdk\u00e1 se to  \u010cesk\u00e9 republiky i jinak. Slovensko nen\u00ed pro n\u00e1s zem\u00ed neutr\u00e1ln\u00ed, co se  t\u00fdk\u00e1 \u010desk\u00fdch z\u00e1jm\u016f. Prosperuj\u00edc\u00ed nez\u00e1visl\u00e9 suver\u00e9nn\u00ed Slovensko je  nepochybn\u011b \u010desk\u00fdm z\u00e1jmem a v tomto smyslu si projevy \u010desk\u00e9 solidarity  zasluhuje. Ale nejsou to pouze projevy solidarity, ale m\u00e1me v tom i sv\u016fj  vlastn\u00ed z\u00e1jem. Velmi se div\u00edm, \u017ee z Bruselu \u017e\u00e1dn\u00e9 znepokojen\u00ed  nezazn\u00edv\u00e1. Nech\u00e1pu to.<\/p>\n<p><strong>Souhlas\u00edte s tez\u00ed V\u00e1clava Klause v knize Kde za\u010d\u00edn\u00e1 z\u00edt\u0159ek a  Petra H\u00e1jka v kn\u00ed\u017ece Smrt ve st\u0159edu, \u017ee zde existuje tendence k  vytvo\u0159en\u00ed takzvan\u00e9ho Nov\u00e9ho sv\u011btov\u00e9ho \u0159\u00e1du a glob\u00e1ln\u00ed vl\u00e1dy, kter\u00e9  pop\u00edraj\u00ed n\u00e1rodn\u00ed suverenitu jednotliv\u00fdch st\u00e1t\u016f?<\/strong><\/p>\n<p>J\u00e1 nejsem \u010dlov\u011bk paranoidn\u00ed a nikdy jsem nem\u011bl sklony ke konspira\u010dn\u00edm  teori\u00edm. \u017de existuj\u00ed r\u016fzn\u00e9 z\u00e1jmov\u00e9 skupiny, kter\u00e9 se sna\u017e\u00ed maximalizovat  sv\u016fj profit, domlouvat se, pou\u017e\u00edvat r\u016fzn\u00e9 n\u00e1stroje k jejich prosazen\u00ed  nap\u0159\u00ed\u010d cel\u00fdm sv\u011btem, to je pravda a berme to v \u00favahu. U\u010dme se  rozpozn\u00e1vat tyto z\u00e1jmov\u00e9 skupiny v aktivit\u00e1ch, kter\u00e9 se tv\u00e1\u0159\u00ed b\u00fdt obecn\u011b  univerz\u00e1ln\u011b prosp\u011b\u0161n\u00fdmi a z\u00e1jmov\u011b neutr\u00e1ln\u00edmi. Tyto skupiny nepochybn\u011b  existuj\u00ed a existovat budou. Nevid\u011bl bych ka\u017edou historickou ud\u00e1lost jako  d\u00edlo jejich spiknut\u00ed. To opravdu ne. Neexistuj\u00ed ale pouze organizovan\u00e9  z\u00e1jmov\u00e9 skupiny z\u00edsk\u00e1vaj\u00edc\u00ed sv\u016fj profit prost\u0159ednictv\u00edm tah\u00e1n\u00ed za nitky  po cel\u00e9m sv\u011bt\u011b, ale existuje i ideov\u011b za\u017eit\u00e1 p\u0159edstava v intelektu\u00e1ln\u00edch  kruz\u00edch, kter\u00e1 se s principy svobody a demokracie p\u0159\u00edli\u0161 nekamar\u00e1d\u00ed.  Existuje zde tedy vliv ideologie, kter\u00e1 nepot\u0159ebuje \u017e\u00e1dnou organizaci. K  t\u00e9to ideologii t\u00edhnou ur\u010dit\u00e9 intelektu\u00e1ln\u00ed, medi\u00e1ln\u00ed i politick\u00e9 kruhy a  h\u00e1j\u00ed my\u0161lenku, \u017ee je t\u0159eba odebrat lidem jejich svobodnou v\u016fli a vnutit  jim dobro podle n\u011bjak\u00fdch univerz\u00e1ln\u00edch p\u0159edstav. Toto my\u0161len\u00ed prosakuje  v\u0161emi m\u00e9dii, politikou. \u010cast\u00e9 projevy tohoto my\u0161len\u00ed nemus\u00ed b\u00fdt  projevem n\u011bjak\u00e9ho spiknut\u00ed, ale existuj\u00edc\u00ed ideologie, na kter\u00e9 se jej\u00ed  zast\u00e1nci nijak zvl\u00e1\u0161\u0165 a nav\u00edc tajn\u011b domlouvat nemus\u00ed. T\u00e9to ideologie je  ale zapot\u0159eb\u00ed \u010delit ve spole\u010densk\u00e9 debat\u011b, mluvit o n\u00ed, ps\u00e1t, vyvracet  ji a pot\u00fdkat se s n\u00ed.<\/p>\n<p><strong>O \u010dem podle v\u00e1s sv\u011bd\u010d\u00ed \u00fasp\u011bch euroskeptika a antiislamisty  Geerta Wilderse v nizozemsk\u00fdch volb\u00e1ch a vl\u00e1msk\u00fdch separatist\u016f ve  volb\u00e1ch belgick\u00fdch ?<\/strong><\/p>\n<p>Ten v\u00fdsledek v\u016fbec nen\u00ed p\u0159ekvapiv\u00fd. O\u010dek\u00e1vali jsme ho mnoho m\u011bs\u00edc\u016f  dop\u0159edu. Je to ur\u010dit\u00fd trend, kter\u00fd bude ur\u010dit\u011b pokra\u010dovat. Je zp\u016fsoben  t\u00edm, \u017ee vl\u00e1dnouc\u00ed elity ignoruj\u00ed to, co se v jejich spole\u010dnostech mezi  lidmi d\u011bje. Nast\u00e1v\u00e1 zde ur\u010dit\u00fd p\u0159etlak. Kdybychom v\u0161echny parlamenty a  papal\u00e1\u0161e, politiky, premi\u00e9ry, ministry a prezidenty z EU n\u011bkam zav\u0159eli a  nechali je hlasovat o n\u011bkter\u00fdm d\u016fle\u017eit\u00fdch v\u011bcech a pak o stejn\u00fdch  v\u011bcech ud\u011blali \u0161irok\u00fd pr\u016fzkum mezi ob\u010dany, tak v\u00fdsledek se bude  dramaticky li\u0161it. Ty n\u016f\u017eky odpout\u00e1v\u00e1n\u00ed se elit od n\u00e1zoru lid\u00ed se  rozev\u00edraj\u00ed. Lid\u00e9 to vid\u00ed, lid\u00e9 to c\u00edt\u00ed a budou cht\u00edt do t\u011bchto v\u011bc\u00ed  promluvit. Politik\u016f, kte\u0159\u00ed vid\u00ed, \u017ee se na ulici v\u00e1l\u00ed hlasy a \u017ee sta\u010d\u00ed se  pro n\u011b sehnout, proto\u017ee z\u00e1jmy a n\u00e1zory t\u011bchto lid\u00ed nikdo neh\u00e1j\u00ed, bude  p\u0159ib\u00fdvat a \u00fasp\u011bchy takov\u00fdch politik\u016f se budou opakovat. Tato tendence  bude s\u00edlit. Co konkr\u00e9tn\u00edho p\u0159inese, to nev\u00edm. Bu\u010f bude ignorance elit  pokra\u010dovat a tento trend s\u00edlit, nebo dojde k n\u011bjak\u00e9 sebereflexi t\u011bch  elit, ale t\u00e9 zat\u00edm nev\u011b\u0159\u00edm. Jednou z \u00faloh politick\u00e9 t\u0159\u00eddy jako celku je  reflektovat plastickou mapu pot\u0159eb a z\u00e1jm\u016f lid\u00ed. Ur\u010dit\u011b jej\u00ed \u00falohou nen\u00ed  ty lidi vychov\u00e1vat, u\u010dit, k n\u011b\u010demu nutit, podstrk\u00e1vat jim vzorce  chov\u00e1n\u00ed a hodnot. Elity sp\u00ed\u0161e d\u011blaj\u00ed to druh\u00e9 ne\u017e to prvn\u00ed a to m\u016f\u017ee  v\u00e9st bu\u010f k diktatu\u0159e, nebo v\u00fdm\u011bn\u011b elit. Hlas ze zdola ale s\u00edl\u00ed. Ten, kdo  si zacp\u00e1v\u00e1 u\u0161i a nenaslouch\u00e1, nez\u00edsk\u00e1 podporu lid\u00ed.<\/p>\n","protected":false},"excerpt":{"rendered":"<p>Sk\u0159\u00edp\u011bn\u00ed zub\u016f z Berl\u00edna a Pa\u0159\u00ed\u017ee kv\u016fli pra\u017esk\u00e9mu rusko-americk\u00e9mu summitu bylo sly\u0161et a\u017e v Praze. Lisabonsk\u00e1 smlouva nep\u0159inesla v\u011bt\u0161\u00ed moc Bruselu, n\u00fdbr\u017e Francii a N\u011bmecku, \u0159\u00edk\u00e1 v rozhovoru pro Parlamentn\u00edListy.cz tajemn\u00edk prezidenta republiky Ladislav Jakl.<\/p>\n","protected":false},"author":1,"featured_media":0,"comment_status":"open","ping_status":"open","sticky":false,"template":"","format":"standard","meta":{"ngg_post_thumbnail":0,"footnotes":""},"categories":[13],"tags":[],"class_list":["post-426","post","type-post","status-publish","format-standard","hentry","category-rozhovory"],"_links":{"self":[{"href":"https:\/\/www.ladislavjakl.cz\/index.php?rest_route=\/wp\/v2\/posts\/426","targetHints":{"allow":["GET"]}}],"collection":[{"href":"https:\/\/www.ladislavjakl.cz\/index.php?rest_route=\/wp\/v2\/posts"}],"about":[{"href":"https:\/\/www.ladislavjakl.cz\/index.php?rest_route=\/wp\/v2\/types\/post"}],"author":[{"embeddable":true,"href":"https:\/\/www.ladislavjakl.cz\/index.php?rest_route=\/wp\/v2\/users\/1"}],"replies":[{"embeddable":true,"href":"https:\/\/www.ladislavjakl.cz\/index.php?rest_route=%2Fwp%2Fv2%2Fcomments&post=426"}],"version-history":[{"count":1,"href":"https:\/\/www.ladislavjakl.cz\/index.php?rest_route=\/wp\/v2\/posts\/426\/revisions"}],"predecessor-version":[{"id":427,"href":"https:\/\/www.ladislavjakl.cz\/index.php?rest_route=\/wp\/v2\/posts\/426\/revisions\/427"}],"wp:attachment":[{"href":"https:\/\/www.ladislavjakl.cz\/index.php?rest_route=%2Fwp%2Fv2%2Fmedia&parent=426"}],"wp:term":[{"taxonomy":"category","embeddable":true,"href":"https:\/\/www.ladislavjakl.cz\/index.php?rest_route=%2Fwp%2Fv2%2Fcategories&post=426"},{"taxonomy":"post_tag","embeddable":true,"href":"https:\/\/www.ladislavjakl.cz\/index.php?rest_route=%2Fwp%2Fv2%2Ftags&post=426"}],"curies":[{"name":"wp","href":"https:\/\/api.w.org\/{rel}","templated":true}]}}