{"id":4270,"date":"2013-10-02T13:15:06","date_gmt":"2013-10-02T11:15:06","guid":{"rendered":"http:\/\/www.ladislavjakl.cz\/?p=4270"},"modified":"2013-10-03T13:27:08","modified_gmt":"2013-10-03T11:27:08","slug":"jakl-se-pred-volbami-obul-do-politickych-stran-vyjma-jedne-podivejte-se","status":"publish","type":"post","link":"https:\/\/www.ladislavjakl.cz\/?p=4270","title":{"rendered":"Jakl se p\u0159ed volbami obul do politick\u00fdch stran, vyjma jedn\u00e9. Pod\u00edvejte se"},"content":{"rendered":"<p>Ladislav Jakl se rozhodl, koho v p\u0159edvolebn\u00edm souboji podpo\u0159\u00ed, a ji\u017e uvedl, koho bude za necel\u00e9 \u010dty\u0159i t\u00fddny volit. Na sv\u00e9m <a id=\"anchorbbtBubble34\">webu<\/a> zve\u0159ejnil, pro\u010d d\u00e1 hlas stran\u011b Svobodn\u00fdch.  B\u00fdval\u00fd \u0159editel politick\u00e9ho  odboru Kancel\u00e1\u0159e prezidenta republiky d\u011bl\u00ed strany uch\u00e1zej\u00edc\u00ed se v  leto\u0161n\u00edch volb\u00e1ch o p\u0159\u00edze\u0148 voli\u010d\u016f do t\u0159\u00ed skupin, kter\u00e9 ozna\u010duje za 1a,  1b a 2.<\/p>\n<p><!--more--><\/p>\n<p>\u201eSkupinu 1a tvo\u0159\u00ed politici, kte\u0159\u00ed cht\u011bj\u00ed vybrat od lid\u00ed dan\u011b a <a id=\"anchorbbtBubble84\">pen\u00edze<\/a> si nechat. Za n\u011b si hodlaj\u00ed nakoupit <a id=\"anchorbbtBubble92\">vily<\/a>, auta, baz\u00e9ny a jachty pro svou <a id=\"anchorbbtBubble99\">pot\u0159ebu<\/a>.  Skupinu 1b tvo\u0159\u00ed politici, kte\u0159\u00ed cht\u011bj\u00ed vybrat od lid\u00ed dan\u011b a za n\u011b jim  (podle v\u0161ech z\u00e1kon\u016f a pravidel) vnutit v\u011bci, kter\u00e9 tito politici  pova\u017euj\u00ed za spr\u00e1vn\u00e9. V\u00fdsledkem nebudou vily a baz\u00e9ny, ale v\u011bci, na kter\u00e9  sice v\u0161ichni povinn\u011b plat\u00ed, ale nikdo \u2013 a\u017e na n\u011bkter\u00e9 z\u00e1jmov\u00e9 skupiny \u2013  je nechce,&#8220; p\u00ed\u0161e Jakl.<\/p>\n<p>H\u00e1\u010dkem v\u0161ak je, \u017ee nen\u00ed mo\u017en\u00e9 p\u0159ed volbami v\u010das rozpoznat, jak\u00e9  strany se \u0159ad\u00ed do 1a a jak\u00e9 do 1b. Mezi t\u011bmito skupinami prob\u00edh\u00e1 <a id=\"anchorbbtBubble177\">boj<\/a> o to, kdo bude vypadat p\u0159ed voli\u010di l\u00e9pe \u2013 tedy kdo dok\u00e1\u017ee p\u0159esv\u011bd\u010dit voli\u010de o tom, \u017ee ty <a id=\"anchorbbtBubble196\">ostatn\u00ed<\/a> strany pat\u0159\u00ed mezi 1a, zat\u00edmco on je 1b. Takov\u00e9 vz\u00e1jemn\u00e9 o\u010der\u0148ov\u00e1n\u00ed  podle Jakla strany maskuj\u00ed za daleko vzne\u0161en\u011bj\u0161\u00ed souslov\u00ed \u201epolitick\u00fd  boj&#8220;.<\/p>\n<p>\u201eJen\u017ee je tu je\u0161t\u011b skupina 2. Ta lidem pen\u00edze br\u00e1t nechce. Chce jim  je nechat, aby lid\u00e9 sami rozhodli, co si za sv\u00e9 pen\u00edze koup\u00ed. Proto  vol\u00edm 2. Proto vol\u00edm Svobodn\u00e9. V\u0161ichni ostatn\u00ed jsou jedni\u010dky v r\u016fzn\u00e9m  proveden\u00ed,&#8220; od\u016fvod\u0148uje sv\u00e9 rozhodnut\u00ed Jakl.<\/p>\n<p><a href=\"http:\/\/domaci.eurozpravy.cz\/politika\/78468-jakl-se-pred-volbami-obul-do-politickych-stran-vyjma-jedne-podivejte-se\/\" target=\"_blank\">Zdroj<\/a><\/p>\n","protected":false},"excerpt":{"rendered":"<p>Ladislav Jakl se rozhodl, koho v p\u0159edvolebn\u00edm souboji podpo\u0159\u00ed, a ji\u017e uvedl, koho bude za necel\u00e9 \u010dty\u0159i t\u00fddny volit. Na sv\u00e9m webu zve\u0159ejnil, pro\u010d d\u00e1 hlas stran\u011b Svobodn\u00fdch. B\u00fdval\u00fd \u0159editel politick\u00e9ho odboru Kancel\u00e1\u0159e prezidenta republiky d\u011bl\u00ed strany uch\u00e1zej\u00edc\u00ed se v leto\u0161n\u00edch volb\u00e1ch o p\u0159\u00edze\u0148 voli\u010d\u016f do t\u0159\u00ed skupin, kter\u00e9 ozna\u010duje za 1a, 1b a 2.<\/p>\n","protected":false},"author":1,"featured_media":0,"comment_status":"open","ping_status":"open","sticky":false,"template":"","format":"standard","meta":{"ngg_post_thumbnail":0,"footnotes":""},"categories":[11],"tags":[],"class_list":["post-4270","post","type-post","status-publish","format-standard","hentry","category-ozvena"],"_links":{"self":[{"href":"https:\/\/www.ladislavjakl.cz\/index.php?rest_route=\/wp\/v2\/posts\/4270","targetHints":{"allow":["GET"]}}],"collection":[{"href":"https:\/\/www.ladislavjakl.cz\/index.php?rest_route=\/wp\/v2\/posts"}],"about":[{"href":"https:\/\/www.ladislavjakl.cz\/index.php?rest_route=\/wp\/v2\/types\/post"}],"author":[{"embeddable":true,"href":"https:\/\/www.ladislavjakl.cz\/index.php?rest_route=\/wp\/v2\/users\/1"}],"replies":[{"embeddable":true,"href":"https:\/\/www.ladislavjakl.cz\/index.php?rest_route=%2Fwp%2Fv2%2Fcomments&post=4270"}],"version-history":[{"count":1,"href":"https:\/\/www.ladislavjakl.cz\/index.php?rest_route=\/wp\/v2\/posts\/4270\/revisions"}],"predecessor-version":[{"id":4271,"href":"https:\/\/www.ladislavjakl.cz\/index.php?rest_route=\/wp\/v2\/posts\/4270\/revisions\/4271"}],"wp:attachment":[{"href":"https:\/\/www.ladislavjakl.cz\/index.php?rest_route=%2Fwp%2Fv2%2Fmedia&parent=4270"}],"wp:term":[{"taxonomy":"category","embeddable":true,"href":"https:\/\/www.ladislavjakl.cz\/index.php?rest_route=%2Fwp%2Fv2%2Fcategories&post=4270"},{"taxonomy":"post_tag","embeddable":true,"href":"https:\/\/www.ladislavjakl.cz\/index.php?rest_route=%2Fwp%2Fv2%2Ftags&post=4270"}],"curies":[{"name":"wp","href":"https:\/\/api.w.org\/{rel}","templated":true}]}}