{"id":428,"date":"2010-07-01T12:26:59","date_gmt":"2010-07-01T11:26:59","guid":{"rendered":"http:\/\/www.ladislavjakl.cz\/?p=428"},"modified":"2010-07-01T12:26:59","modified_gmt":"2010-07-01T11:26:59","slug":"novinarske-prase","status":"publish","type":"post","link":"https:\/\/www.ladislavjakl.cz\/?p=428","title":{"rendered":"Novin\u00e1\u0159sk\u00e9 prase"},"content":{"rendered":"<p>Jedin\u011b novin\u00e1\u0159sk\u00e9 prase m\u016f\u017ee ud\u011blat to, co v\u010dera provedly Lidov\u00e9 noviny. Napsal jsem jednomu pisateli odpov\u011b\u010f, jak\u00fdch p\u00ed\u0161u t\u00fddn\u011b des\u00edtky.<\/p>\n<p><!--more-->Mimo jin\u00e9 jsem mu napsal, \u017ee \u010cesk\u00e1 republika jako sou\u010d\u00e1st jednotn\u00e9ho evropsk\u00e9ho trhu nem\u00e1 mo\u017enost jakkoli br\u00e1nit dovozu zem\u011bd\u011blsk\u00fdch produkt\u016f ze zahrani\u010d\u00ed, \u017ee s t\u00edm je mo\u017eno nesouhlasit, ale \u017ee je nep\u0159\u00edpustn\u00e9 uva\u017eovat v kategori\u00edch nacionalistick\u00e9ho p\u0159\u00edstupu k z\u00e1sobov\u00e1n\u00ed potravinami. Mohl bych dodat, \u017ee s\u00e1m d\u00e1v\u00e1m p\u0159ednost \u010desk\u00fdm produkt\u016fm, \u017ee tak velmi nahlas a \u010dasto \u010din\u00ed i prezident republiky, ale \u017ee u\u017e\u00edvat n\u00e1stroje st\u00e1tn\u00edho protekcionismu je nejen nespr\u00e1vn\u00e9, ale ani by n\u00e1m to v Bruselu nepro\u0161lo. Ten dopis kdosi donesl do redakce a Lidov\u00e9 noviny z toho vyrobily titulek &#8222;Jakl: na\u0161i zem\u011bdelci jsou nacionalist\u00e9&#8220;. \u0158ekl jsem snad n\u011bco takov\u00e9ho? V\u016fbec ne. Zu\u0159iv\u00e1 snaha novin\u00e1\u0159sk\u00e9ho prasete m\u011b jakkoli po\u0161pinit ze zp\u016fsobu zpracov\u00e1n\u00ed toho \u010dl\u00e1nku \u00fapln\u011b s\u00e1l\u00e1. Kdybych n\u00e1hodou horoval pro ochranu dom\u00e1c\u00edho trhu s potravinami, stejn\u00e9 novin\u00e1\u0159sk\u00e9 prase by ozna\u010dilo za nacionalistu mne. Takhle alepo\u0148 nap\u00ed\u0161e, \u017ee bych jinde skon\u010dil nap\u00edchl\u00fd na vidle nebo bych musel odstoupit. \u010cl\u00e1nek se tv\u00e1\u0159\u00ed jako sou\u010d\u00e1st zpravodajstv\u00ed, je ale divok\u00fdm tokem prase\u010d\u00edch hodnot\u00edc\u00edch my\u0161lenek. Na z\u00e1v\u011br se sna\u017e\u00ed \u00fasty p\u0159edsedy Agr\u00e1rn\u00ed komory v Trutnov\u011b podsunout \u010dten\u00e1\u0159\u016fm, \u017ee pat\u0159\u00edm mezi ty, co dostali ze zahrani\u010d\u00ed dob\u0159e zaplaceno. Aha, tak ten, kdo je proti zv\u00fdhod\u0148ov\u00e1n\u00ed, ten je asi zaplacen, a ten, kdo naopak chce zv\u00fdhod\u0148ovat skupinu podnikatel\u016f, ten zaplacen nen\u00ed&#8230; \u010cl\u00e1nek LN p\u0159ejala i jin\u00e1 m\u00e9dia, n\u011bkdy s dramatick\u00fdm titulkem, \u017ee jsem pr\u00fd v ostr\u00e9m sporu se zem\u011bd\u011blci. A ani o tom nev\u00edm.<\/p>\n<p>Nenad\u00e1v\u00e1m \u010desk\u00fdm zem\u011bd\u011blc\u016fm do nacionalist\u016f. Naopak, l\u00e9ta s jejich p\u0159edstaviteli spolupracuji a sna\u017e\u00edm se jim pom\u00e1hat. Mnoz\u00ed to dob\u0159e v\u011bd\u00ed. Minul\u00fd t\u00fdden jsem p\u0159ijal p\u0159edsedu Asociace soukrom\u00e9ho zem\u011bd\u011blstv\u00ed Josefa Stehl\u00edka a jednal s n\u00edm v dokonal\u00e9 shod\u011b, v \u00fazk\u00e9m pracovn\u00edm kontaktu (psal mi naposled p\u0159ed p\u016flhodinou) jsem i s p\u0159edsedou Agr\u00e1rn\u00ed komory Janem Velebou, jemu\u017e rozhodn\u011b nevy\u010d\u00edt\u00e1m ani podporu biopaliv, naopak zem\u011bd\u011blce pova\u017euji za rukojm\u00ed sil, kter\u00e9 biopaliva tla\u010d\u00ed.<\/p>\n<p>Ne, zem\u011bd\u011blc\u016fm nenad\u00e1v\u00e1m. N\u011bkter\u00fdm novin\u00e1\u0159\u016fm ano, kdy\u017e p\u00ed\u0161\u00ed jako prasata.<\/p>\n<p>L. J.<\/p>\n<p>LN: Jakl: Na\u0161i zem\u011bd\u011blci jsou &#8222;nacionalist\u00e9&#8220;<\/p>\n<p>Titulek: Jakl: Na\u0161i zem\u011bd\u011blci jsou &#8222;nacionalist\u00e9&#8220;\u00a0 Datum vyd\u00e1n\u00ed: 30.6. 2010<\/p>\n<p>Zdroj:\u00a0 Lidov\u00e9 noviny\u00a0\u00a0\u00a0 Autor: kes<\/p>\n<p>Rubrika:\u00a0 Domov\u00a0\u00a0\u00a0 Strana: 4\u00a0\u00a0\u00a0 ID: LN2010063006034361<\/p>\n<p>Jakl: Na\u0161i zem\u011bd\u011blci jsou &#8222;nacionalist\u00e9&#8220; \u010cESK\u00c9 BUD\u011aJOVICE St\u00e1t se to ve Francii nebo v Rakousku, skon\u010dil by takov\u00fd vysok\u00fd st\u00e1tn\u00ed \u00fa\u0159edn\u00edk nap\u00edchnut\u00fd na vidle, nebo by alespo\u0148 musel okam\u017eit\u011b odstoupit. Tak komentuj\u00ed n\u011bkte\u0159\u00ed \u010de\u0161t\u00ed zem\u011bd\u011blci slova tajemn\u00edka \u010desk\u00e9ho prezidenta Ladislava Jakla, kter\u00fd snahu zem\u011bd\u011blc\u016f o podporu prodeje dom\u00e1c\u00edch potravin ozna\u010dil nep\u0159\u00edmo za nep\u0159\u00edpustn\u00fd nacionalismus.<\/p>\n<p>\u010ce\u0161i na rozd\u00edl od Raku\u0161an\u016f, N\u011bmc\u016f \u010di Francouz\u016f v\u011bt\u0161inou d\u00e1vaj\u00ed p\u0159ednost cen\u011b a je jim jedno, odkud potravina poch\u00e1z\u00ed. Z t\u011bchto d\u016fvod\u016f tak\u00e9 pat\u0159\u00ed \u010cesko v cen\u00e1ch potravin k nejlevn\u011bj\u0161\u00edm zem\u00edm EU. &#8222;Douf\u00e1m, \u017ee si uv\u011bdomujete, \u017ee jsme sou\u010d\u00e1st\u00ed jednotn\u00e9ho evropsk\u00e9ho trhu, jakkoliv s touto skute\u010dnost\u00ed nemus\u00edme souhlasit, a \u017ee je nep\u0159\u00edpustn\u00e9 uva\u017eovat v kategori\u00edch nacionalistick\u00e9ho p\u0159\u00edstupu k z\u00e1sobov\u00e1n\u00ed potravinami,&#8220; uvedl Jakl v dopise, kter\u00fd maj\u00ed LN k dispozici. Kvalitu potravin, nez\u00e1visle na tom, odkud poch\u00e1zej\u00ed, zaji\u0161\u0165uje podle n\u011bj ob\u010dan\u016fm v\u00fdhradn\u011b St\u00e1tn\u00ed zem\u011bd\u011blsk\u00e1 a potravin\u00e1\u0159sk\u00e1 inspekce, nikoliv zem\u011bd\u011blci. &#8222;A konkurence,&#8220; dodal Jakl.<\/p>\n<p>Zem\u011bd\u011blci v\u0161ak s Jaklem nesouhlas\u00ed. Argumentuj\u00ed t\u00edm, \u017ee prakticky v ka\u017ed\u00e9 evropsk\u00e9 zemi politici nahlas podporuj\u00ed dom\u00e1c\u00ed producenty potravin a sna\u017e\u00ed se r\u016fzn\u00fdmi opat\u0159en\u00ed p\u0159im\u011bt konzumenty k n\u00e1kupu dom\u00e1c\u00ed produkce. Nap\u0159\u00edklad v Rakousku je na obalech velmi tu\u010dn\u011b vyzna\u010deno, zda maso nebo jin\u00fd potravinov\u00fd v\u00fdrobek poch\u00e1z\u00ed z Rakouska. St\u00e1t podporuje finan\u010dn\u011b i nejr\u016fzn\u011bj\u0161\u00ed kampan\u011b, kter\u00e9 tvrd\u00ed, \u017ee dom\u00e1c\u00ed potraviny jsou prost\u011b kvalitn\u011bj\u0161\u00ed a zdrav\u011bj\u0161\u00ed. Podle p\u0159edsedy Okresn\u00ed agr\u00e1rn\u00ed komory v Trutnov\u011b Vladim\u00edra \u0160imka Jaklovo vyj\u00e1d\u0159en\u00ed koresponduje s p\u0159\u00edstupem mnoha \u010desk\u00fdch politik\u016f. &#8222;Asi maj\u00ed ze zahrani\u010d\u00ed dob\u0159e zaplaceno, jinak si to neum\u00edm vysv\u011btlit,&#8220; tvrd\u00ed \u0160imek. P\u0159itom je podle n\u011bj evidentn\u00ed, \u017ee na pultech \u010desk\u00fdch obchod\u016f hromadn\u011b kon\u010d\u00ed potraviny, kter\u00e9 v zahrani\u010d\u00ed kv\u016fli n\u00edzk\u00e9 kvalit\u011b nikdo nekupuje.<\/p>\n","protected":false},"excerpt":{"rendered":"<p>Jedin\u011b novin\u00e1\u0159sk\u00e9 prase m\u016f\u017ee ud\u011blat to, co v\u010dera provedly Lidov\u00e9 noviny. Napsal jsem jednomu pisateli odpov\u011b\u010f, jak\u00fdch p\u00ed\u0161u t\u00fddn\u011b des\u00edtky.<\/p>\n","protected":false},"author":1,"featured_media":0,"comment_status":"open","ping_status":"open","sticky":false,"template":"","format":"standard","meta":{"ngg_post_thumbnail":0,"footnotes":""},"categories":[6],"tags":[],"class_list":["post-428","post","type-post","status-publish","format-standard","hentry","category-co-jsem-nerekl"],"_links":{"self":[{"href":"https:\/\/www.ladislavjakl.cz\/index.php?rest_route=\/wp\/v2\/posts\/428","targetHints":{"allow":["GET"]}}],"collection":[{"href":"https:\/\/www.ladislavjakl.cz\/index.php?rest_route=\/wp\/v2\/posts"}],"about":[{"href":"https:\/\/www.ladislavjakl.cz\/index.php?rest_route=\/wp\/v2\/types\/post"}],"author":[{"embeddable":true,"href":"https:\/\/www.ladislavjakl.cz\/index.php?rest_route=\/wp\/v2\/users\/1"}],"replies":[{"embeddable":true,"href":"https:\/\/www.ladislavjakl.cz\/index.php?rest_route=%2Fwp%2Fv2%2Fcomments&post=428"}],"version-history":[{"count":1,"href":"https:\/\/www.ladislavjakl.cz\/index.php?rest_route=\/wp\/v2\/posts\/428\/revisions"}],"predecessor-version":[{"id":429,"href":"https:\/\/www.ladislavjakl.cz\/index.php?rest_route=\/wp\/v2\/posts\/428\/revisions\/429"}],"wp:attachment":[{"href":"https:\/\/www.ladislavjakl.cz\/index.php?rest_route=%2Fwp%2Fv2%2Fmedia&parent=428"}],"wp:term":[{"taxonomy":"category","embeddable":true,"href":"https:\/\/www.ladislavjakl.cz\/index.php?rest_route=%2Fwp%2Fv2%2Fcategories&post=428"},{"taxonomy":"post_tag","embeddable":true,"href":"https:\/\/www.ladislavjakl.cz\/index.php?rest_route=%2Fwp%2Fv2%2Ftags&post=428"}],"curies":[{"name":"wp","href":"https:\/\/api.w.org\/{rel}","templated":true}]}}