{"id":4294,"date":"2013-10-14T09:14:10","date_gmt":"2013-10-14T07:14:10","guid":{"rendered":"http:\/\/www.ladislavjakl.cz\/?p=4294"},"modified":"2013-10-14T14:54:14","modified_gmt":"2013-10-14T12:54:14","slug":"jakl-dementuje-%e2%80%a9text","status":"publish","type":"post","link":"https:\/\/www.ladislavjakl.cz\/?p=4294","title":{"rendered":"Jakl dementuje"},"content":{"rendered":"<p><a href=\"https:\/\/www.ladislavjakl.cz\/wp-content\/uploads\/2013\/10\/denver13.jpg\"><img loading=\"lazy\" decoding=\"async\" class=\"alignleft size-thumbnail wp-image-4295\" title=\"Great American Beer Festival\" src=\"https:\/\/www.ladislavjakl.cz\/wp-content\/uploads\/2013\/10\/denver13-150x150.jpg\" alt=\"Great American Beer Festival\" width=\"150\" height=\"150\" \/><\/a>Mus\u00edm rozhodn\u011b odm\u00edtnout informaci z t\u011bchto str\u00e1nek, \u017ee jsem se pr\u00fd z\u00fa\u010dastnil zased\u00e1n\u00ed poklesl\u00e9 organizace Mezin\u00e1rodn\u00ed m\u011bnov\u00fd fond. Pravda je takov\u00e1, \u017ee na tomto zased\u00e1n\u00ed se pije jen Heineken, a proto jsem urychlen\u011b odlet\u011bl z Washingtonu do Denveru v Coloradu. Tam jsem se po dvou letech seri\u00f3zn\u011b \u00fa\u010dastnil nejv\u011bt\u0161\u00edho pivn\u00edho sv\u00e1tku na sv\u011bt\u011b: Great American Beer Festival. \u0160est stovek mikropivovar\u016f, dva tisice druh\u016f piv a my, co jim kr\u00e1sn\u00e1 piva chutnaj\u00ed.<\/p>\n<p><!--more--><\/p>\n<p><a href=\"https:\/\/www.ladislavjakl.cz\/wp-content\/uploads\/2013\/10\/denver13.jpg\"><img loading=\"lazy\" decoding=\"async\" class=\"aligncenter size-medium wp-image-4295\" title=\"Great American Beer Festival\" src=\"https:\/\/www.ladislavjakl.cz\/wp-content\/uploads\/2013\/10\/denver13-264x198.jpg\" alt=\"Great American Beer Festival\" width=\"264\" height=\"198\" srcset=\"https:\/\/www.ladislavjakl.cz\/wp-content\/uploads\/2013\/10\/denver13-264x198.jpg 264w, https:\/\/www.ladislavjakl.cz\/wp-content\/uploads\/2013\/10\/denver13.jpg 640w\" sizes=\"auto, (max-width: 264px) 100vw, 264px\" \/><\/a><\/p>\n","protected":false},"excerpt":{"rendered":"<p>Mus\u00edm rozhodn\u011b odm\u00edtnout informaci z t\u011bchto str\u00e1nek, \u017ee jsem se pr\u00fd z\u00fa\u010dastnil zased\u00e1n\u00ed poklesl\u00e9 organizace Mezin\u00e1rodn\u00ed m\u011bnov\u00fd fond. Pravda je takov\u00e1, \u017ee na tomto zased\u00e1n\u00ed se pije jen Heineken, a proto jsem urychlen\u011b odlet\u011bl z Washingtonu do Denveru v Coloradu. Tam jsem se po dvou letech seri\u00f3zn\u011b \u00fa\u010dastnil nejv\u011bt\u0161\u00edho pivn\u00edho sv\u00e1tku na sv\u011bt\u011b: Great American [&hellip;]<\/p>\n","protected":false},"author":1,"featured_media":0,"comment_status":"open","ping_status":"open","sticky":false,"template":"","format":"standard","meta":{"ngg_post_thumbnail":0,"footnotes":""},"categories":[5,10],"tags":[],"class_list":["post-4294","post","type-post","status-publish","format-standard","hentry","category-rodina","category-zlehka"],"_links":{"self":[{"href":"https:\/\/www.ladislavjakl.cz\/index.php?rest_route=\/wp\/v2\/posts\/4294","targetHints":{"allow":["GET"]}}],"collection":[{"href":"https:\/\/www.ladislavjakl.cz\/index.php?rest_route=\/wp\/v2\/posts"}],"about":[{"href":"https:\/\/www.ladislavjakl.cz\/index.php?rest_route=\/wp\/v2\/types\/post"}],"author":[{"embeddable":true,"href":"https:\/\/www.ladislavjakl.cz\/index.php?rest_route=\/wp\/v2\/users\/1"}],"replies":[{"embeddable":true,"href":"https:\/\/www.ladislavjakl.cz\/index.php?rest_route=%2Fwp%2Fv2%2Fcomments&post=4294"}],"version-history":[{"count":3,"href":"https:\/\/www.ladislavjakl.cz\/index.php?rest_route=\/wp\/v2\/posts\/4294\/revisions"}],"predecessor-version":[{"id":4304,"href":"https:\/\/www.ladislavjakl.cz\/index.php?rest_route=\/wp\/v2\/posts\/4294\/revisions\/4304"}],"wp:attachment":[{"href":"https:\/\/www.ladislavjakl.cz\/index.php?rest_route=%2Fwp%2Fv2%2Fmedia&parent=4294"}],"wp:term":[{"taxonomy":"category","embeddable":true,"href":"https:\/\/www.ladislavjakl.cz\/index.php?rest_route=%2Fwp%2Fv2%2Fcategories&post=4294"},{"taxonomy":"post_tag","embeddable":true,"href":"https:\/\/www.ladislavjakl.cz\/index.php?rest_route=%2Fwp%2Fv2%2Ftags&post=4294"}],"curies":[{"name":"wp","href":"https:\/\/api.w.org\/{rel}","templated":true}]}}