{"id":4306,"date":"2013-10-15T09:53:38","date_gmt":"2013-10-15T07:53:38","guid":{"rendered":"http:\/\/www.ladislavjakl.cz\/?p=4306"},"modified":"2013-10-15T10:54:35","modified_gmt":"2013-10-15T08:54:35","slug":"nenavistnym-klausofobum","status":"publish","type":"post","link":"https:\/\/www.ladislavjakl.cz\/?p=4306","title":{"rendered":"Nenavistn\u00fdm klausofob\u016fm"},"content":{"rendered":"<p>Vyj\u00e1d\u0159en\u00ed k po\u017eadavku, aby V\u00e1clavu Klausovi &#8222;sebrali medaili&#8220;:\u00a0Ti lid\u00e9 jen vyu\u017eili zn\u00e1m\u00e9ho pravidla: \u0159ekni n\u011bco hnusn\u00e9ho o V\u00e1clavu Klausovi a ur\u010dit\u011b t\u011b to dostane do televize a do novin. U\u017e 20 let toti\u017e plat\u00ed, \u017ee pokud se V\u00e1clavu Klausovi dostane n\u011bkde ocen\u011bn\u00ed, na\u0161e ve\u0159ejnost se to nikdy nedozv\u00ed, zato kdy\u017e ho n\u011bkdo hrub\u011b napadne, m\u00e9dia se mohou p\u0159etrhnout.<\/p>\n","protected":false},"excerpt":{"rendered":"<p>Vyj\u00e1d\u0159en\u00ed k po\u017eadavku, aby V\u00e1clavu Klausovi &#8222;sebrali medaili&#8220;:\u00a0Ti lid\u00e9 jen vyu\u017eili zn\u00e1m\u00e9ho pravidla: \u0159ekni n\u011bco hnusn\u00e9ho o V\u00e1clavu Klausovi a ur\u010dit\u011b t\u011b to dostane do televize a do novin. U\u017e 20 let toti\u017e plat\u00ed, \u017ee pokud se V\u00e1clavu Klausovi dostane n\u011bkde ocen\u011bn\u00ed, na\u0161e ve\u0159ejnost se to nikdy nedozv\u00ed, zato kdy\u017e ho n\u011bkdo hrub\u011b napadne, m\u00e9dia [&hellip;]<\/p>\n","protected":false},"author":1,"featured_media":0,"comment_status":"open","ping_status":"open","sticky":false,"template":"","format":"standard","meta":{"ngg_post_thumbnail":0,"footnotes":""},"categories":[6,18],"tags":[],"class_list":["post-4306","post","type-post","status-publish","format-standard","hentry","category-co-jsem-nerekl","category-postrehy"],"_links":{"self":[{"href":"https:\/\/www.ladislavjakl.cz\/index.php?rest_route=\/wp\/v2\/posts\/4306","targetHints":{"allow":["GET"]}}],"collection":[{"href":"https:\/\/www.ladislavjakl.cz\/index.php?rest_route=\/wp\/v2\/posts"}],"about":[{"href":"https:\/\/www.ladislavjakl.cz\/index.php?rest_route=\/wp\/v2\/types\/post"}],"author":[{"embeddable":true,"href":"https:\/\/www.ladislavjakl.cz\/index.php?rest_route=\/wp\/v2\/users\/1"}],"replies":[{"embeddable":true,"href":"https:\/\/www.ladislavjakl.cz\/index.php?rest_route=%2Fwp%2Fv2%2Fcomments&post=4306"}],"version-history":[{"count":3,"href":"https:\/\/www.ladislavjakl.cz\/index.php?rest_route=\/wp\/v2\/posts\/4306\/revisions"}],"predecessor-version":[{"id":4311,"href":"https:\/\/www.ladislavjakl.cz\/index.php?rest_route=\/wp\/v2\/posts\/4306\/revisions\/4311"}],"wp:attachment":[{"href":"https:\/\/www.ladislavjakl.cz\/index.php?rest_route=%2Fwp%2Fv2%2Fmedia&parent=4306"}],"wp:term":[{"taxonomy":"category","embeddable":true,"href":"https:\/\/www.ladislavjakl.cz\/index.php?rest_route=%2Fwp%2Fv2%2Fcategories&post=4306"},{"taxonomy":"post_tag","embeddable":true,"href":"https:\/\/www.ladislavjakl.cz\/index.php?rest_route=%2Fwp%2Fv2%2Ftags&post=4306"}],"curies":[{"name":"wp","href":"https:\/\/api.w.org\/{rel}","templated":true}]}}