{"id":4318,"date":"2013-10-21T13:34:47","date_gmt":"2013-10-21T11:34:47","guid":{"rendered":"http:\/\/www.ladislavjakl.cz\/?p=4318"},"modified":"2013-10-21T13:36:54","modified_gmt":"2013-10-21T11:36:54","slug":"jakl-radi-jak-volit-ackoli-si-je-vedom-ze-se-nakonec-volici-rozhodnou-dle-vzhledu-kandidata","status":"publish","type":"post","link":"https:\/\/www.ladislavjakl.cz\/?p=4318","title":{"rendered":"Jakl rad\u00ed, jak volit, a\u010dkoli si je v\u011bdom, \u017ee se nakonec voli\u010di rozhodnou dle vzhledu kandid\u00e1ta"},"content":{"rendered":"<p>Bl\u00ed\u017e\u00ed se p\u0159ed\u010dasn\u00e9 volby do Poslaneck\u00e9 sn\u011bmovny. Hudebn\u00edk, novin\u00e1\u0159 a  b\u00fdval\u00fd \u0159editel politick\u00e9ho odboru Kancel\u00e1\u0159e prezidenta republiky  Ladislav Jakl doporu\u010duje, aby si voli\u010di zkusili n\u011bkter\u00e9 z <a id=\"anchorbbtBubble36\">internetov\u00fdch<\/a> po\u010ditadel, ne\u017e se nakonec rozhodnou podle klobouku man\u017eelky kandid\u00e1ta.<\/p>\n<p><!--more--><\/p>\n<p>Voli\u010d se dle Jakla nerozhoduje u voleb na z\u00e1klad\u011b <a id=\"anchorbbtBubble60\">program\u016f<\/a> politick\u00fdch stran, ale d\u00e1 i na jin\u00e9 aspekty kandid\u00e1t\u016f. \u201eMan\u017eel\u010din  klobouk mo\u017en\u00e1 vypov\u00edd\u00e1 o kandid\u00e1tovi v\u00edc ne\u017e n\u011bk\u00fdm napsan\u00fd a jen  od\u0159\u00edkan\u00fd projev. Nikdy p\u0159ece neplatilo, \u017ee <a id=\"anchorbbtBubble88\">obsah<\/a> je prvotn\u00ed a forma druhotn\u00e1. Prvotn\u00ed je oboj\u00ed. Nebo mo\u017en\u00e1 je\u0161t\u011b l\u00e9pe:  nikdy neplatilo, \u017ee zjevn\u00e9 v\u011bci jsou jen tou formou a nikdy ne z\u00e1rove\u0148  obsahem,&#8220; zam\u00fd\u0161l\u00ed se Jakl na blogu iDnes.cz.<\/p>\n<p>Program v\u0161ak i tak ukazuje, jestli se veden\u00ed dan\u00e9 strany dok\u00e1zalo  shodnout na bodech programu. Podle programu je pak tak\u00e9 mo\u017en\u00e9  kontrolovat zvolen\u00e9 strany, zda se sv\u00fdch slib\u016f dr\u017e\u00ed \u010di nikoli. A  v\u00a0neposledn\u00ed \u0159ad\u011b program uk\u00e1\u017ee, zda strana vych\u00e1z\u00ed z\u00a0jednoho ideov\u00e9ho  z\u00e1kladu \u010di z\u00a0povrchn\u00edch l\u00edbiv\u00fdch slib\u016f, kter\u00e9 spolu nesouvisej\u00ed.<\/p>\n<p>Jakl proto doporu\u010duje, aby voli\u010di, ne\u017e daj\u00ed na vzhled kandid\u00e1t\u016f,  zkusili n\u011bkter\u00e9 z\u00a0po\u010ditadel, kter\u00e9 jim uk\u00e1\u017ee, se kterou stranou se  my\u0161lenkov\u011b shoduj\u00ed. \u201eJejich vypov\u00eddaj\u00edc\u00ed schopnost nen\u00ed stoprocentn\u00ed,  ot\u00e1zky neb\u00fdvaj\u00ed v\u017edy ty nejz\u00e1sadn\u011bj\u0161\u00ed a maj\u00ed zcela r\u016fznou v\u00e1hu. Ale za  pokus to stoj\u00ed,&#8220; dod\u00e1v\u00e1 s\u00a0t\u00edm, \u017ee on se nejl\u00e9pe shoduje se Svobodn\u00fdmi,  jim\u017e ned\u00e1vno vyj\u00e1d\u0159il podporu.<\/p>\n<p><a href=\"htthttp:\/\/domaci.eurozpravy.cz\/politika\/78892-jakl-radi-jak-volit-ackoli-si-je-vedom-ze-se-nakonec-volici-rozhodnou-dle-vzhledu-kandidata\/p:\/\/\">Zdroj<\/a><\/p>\n","protected":false},"excerpt":{"rendered":"<p>Bl\u00ed\u017e\u00ed se p\u0159ed\u010dasn\u00e9 volby do Poslaneck\u00e9 sn\u011bmovny. Hudebn\u00edk, novin\u00e1\u0159 a b\u00fdval\u00fd \u0159editel politick\u00e9ho odboru Kancel\u00e1\u0159e prezidenta republiky Ladislav Jakl doporu\u010duje, aby si voli\u010di zkusili n\u011bkter\u00e9 z internetov\u00fdch po\u010ditadel, ne\u017e se nakonec rozhodnou podle klobouku man\u017eelky kandid\u00e1ta.<\/p>\n","protected":false},"author":1,"featured_media":0,"comment_status":"open","ping_status":"open","sticky":false,"template":"","format":"standard","meta":{"ngg_post_thumbnail":0,"footnotes":""},"categories":[11],"tags":[],"class_list":["post-4318","post","type-post","status-publish","format-standard","hentry","category-ozvena"],"_links":{"self":[{"href":"https:\/\/www.ladislavjakl.cz\/index.php?rest_route=\/wp\/v2\/posts\/4318","targetHints":{"allow":["GET"]}}],"collection":[{"href":"https:\/\/www.ladislavjakl.cz\/index.php?rest_route=\/wp\/v2\/posts"}],"about":[{"href":"https:\/\/www.ladislavjakl.cz\/index.php?rest_route=\/wp\/v2\/types\/post"}],"author":[{"embeddable":true,"href":"https:\/\/www.ladislavjakl.cz\/index.php?rest_route=\/wp\/v2\/users\/1"}],"replies":[{"embeddable":true,"href":"https:\/\/www.ladislavjakl.cz\/index.php?rest_route=%2Fwp%2Fv2%2Fcomments&post=4318"}],"version-history":[{"count":2,"href":"https:\/\/www.ladislavjakl.cz\/index.php?rest_route=\/wp\/v2\/posts\/4318\/revisions"}],"predecessor-version":[{"id":4320,"href":"https:\/\/www.ladislavjakl.cz\/index.php?rest_route=\/wp\/v2\/posts\/4318\/revisions\/4320"}],"wp:attachment":[{"href":"https:\/\/www.ladislavjakl.cz\/index.php?rest_route=%2Fwp%2Fv2%2Fmedia&parent=4318"}],"wp:term":[{"taxonomy":"category","embeddable":true,"href":"https:\/\/www.ladislavjakl.cz\/index.php?rest_route=%2Fwp%2Fv2%2Fcategories&post=4318"},{"taxonomy":"post_tag","embeddable":true,"href":"https:\/\/www.ladislavjakl.cz\/index.php?rest_route=%2Fwp%2Fv2%2Ftags&post=4318"}],"curies":[{"name":"wp","href":"https:\/\/api.w.org\/{rel}","templated":true}]}}