{"id":4321,"date":"2013-10-21T13:40:08","date_gmt":"2013-10-21T11:40:08","guid":{"rendered":"http:\/\/www.ladislavjakl.cz\/?p=4321"},"modified":"2013-10-21T13:40:08","modified_gmt":"2013-10-21T11:40:08","slug":"rakouske-svejkovske-uniformy-zaplavi-prahu","status":"publish","type":"post","link":"https:\/\/www.ladislavjakl.cz\/?p=4321","title":{"rendered":"Rakousk\u00e9 \u0161vejkovsk\u00e9 uniformy zaplav\u00ed Prahu"},"content":{"rendered":"<p>V sobotu 19. \u0159\u00edjna ve 14 hodin  bude na pra\u017esk\u00e9m Poho\u0159elci odstartov\u00e1n jubilejn\u00ed 20. ro\u010dn\u00edk Memori\u00e1lu  Mat\u011bje Kud\u011bje. Akce se ka\u017edoro\u010dn\u011b kon\u00e1 i pro p\u0159ipom\u00ednku p\u0159\u00e1telstv\u00ed  Kud\u011bje a Jaroslava Ha\u0161ka, jejich spole\u010dn\u00e9 l\u00e1sky k boh\u00e9msk\u00e9mu \u017eivotu,  literatu\u0159e a pivu. V leto\u0161n\u00edm roce je nav\u00edc 130. v\u00fdro\u010d\u00ed Ha\u0161kova  narozen\u00ed.<\/p>\n<p><!--more--><\/p>\n<p><a href=\"https:\/\/www.ladislavjakl.cz\/wp-content\/uploads\/2013\/10\/MMK2013_Mym_Narodum.png\"><img loading=\"lazy\" decoding=\"async\" class=\"alignnone size-full wp-image-4322\" title=\"MMK2013_Mym_Narodum\" src=\"https:\/\/www.ladislavjakl.cz\/wp-content\/uploads\/2013\/10\/MMK2013_Mym_Narodum.png\" alt=\"MMK2013_Mym_Narodum\" width=\"375\" height=\"531\" srcset=\"https:\/\/www.ladislavjakl.cz\/wp-content\/uploads\/2013\/10\/MMK2013_Mym_Narodum.png 876w, https:\/\/www.ladislavjakl.cz\/wp-content\/uploads\/2013\/10\/MMK2013_Mym_Narodum-219x310.png 219w, https:\/\/www.ladislavjakl.cz\/wp-content\/uploads\/2013\/10\/MMK2013_Mym_Narodum-723x1024.png 723w\" sizes=\"auto, (max-width: 375px) 100vw, 375px\" \/><\/a><\/p>\n<div>\n<p>V sobotu des\u00edtky nad\u0161enc\u016f  oble\u010den\u00fdch ve star\u00fdch rakousk\u00fdch uniform\u00e1ch absolvuj\u00ed trasu po dev\u00edti  tradi\u010dn\u00edch hospod\u00e1ch, ve kter\u00fdch si povinn\u011b vypij\u00ed sv\u00e9 pivo. P\u0159ipomenou  si tak pam\u00e1tku sv\u011btob\u011b\u017en\u00edka a spisovatele Zde\u0148ka Mat\u011bje Kud\u011bje a tak\u00e9  slavnou des\u00e1tou kapitolu rom\u00e1nu Osudy dobr\u00e9ho voj\u00e1ka \u0160vejka Kud\u011bjova  kamar\u00e1da Jaroslava Ha\u0161ka. Kapitolu, ve kter\u00e9 eskorta vede \u0160vejka pr\u00e1v\u011b z  Poho\u0159elce na Franti\u0161ek a \u0160vejk sv\u00e9 str\u00e1\u017ece opije. Memori\u00e1l absolvuj\u00ed  t\u0159\u00ed\u010dlenn\u00e9 hl\u00eddky na \u010das. Ale v\u00edc ne\u017e o n\u011bj p\u016fjde o legraci, kamar\u00e1dstv\u00ed a  chv\u00e1lu instituce zvan\u00e9 \u010desk\u00e1 hospoda.<\/p>\n<p>Mezi \u00fa\u010dastn\u00edky bude, stejn\u011b jako ve v\u0161ech p\u0159edchoz\u00edch ro\u010dn\u00edc\u00edch, i  milovn\u00edk piva Ladislav Jakl, kter\u00fd memori\u00e1l absolvoval t\u0159in\u00e1ctkr\u00e1t jako  \u010dlen v\u00edt\u011bzn\u00e9 hl\u00eddky.<\/p><\/div>\n<div><strong>Autor \/ zdroj:<\/strong> Tereza Meli\u0161ov\u00e1<\/div>\n<div><a href=\"http:\/\/metropole.regiony24.cz\/11-186334-rakouske-svejkovske-uniformy-zaplavi-prahu\" target=\"_blank\">Zdroj<\/a><\/div>\n","protected":false},"excerpt":{"rendered":"<p>V sobotu 19. \u0159\u00edjna ve 14 hodin bude na pra\u017esk\u00e9m Poho\u0159elci odstartov\u00e1n jubilejn\u00ed 20. ro\u010dn\u00edk Memori\u00e1lu Mat\u011bje Kud\u011bje. Akce se ka\u017edoro\u010dn\u011b kon\u00e1 i pro p\u0159ipom\u00ednku p\u0159\u00e1telstv\u00ed Kud\u011bje a Jaroslava Ha\u0161ka, jejich spole\u010dn\u00e9 l\u00e1sky k boh\u00e9msk\u00e9mu \u017eivotu, literatu\u0159e a pivu. V leto\u0161n\u00edm roce je nav\u00edc 130. v\u00fdro\u010d\u00ed Ha\u0161kova narozen\u00ed.<\/p>\n","protected":false},"author":1,"featured_media":0,"comment_status":"open","ping_status":"open","sticky":false,"template":"","format":"standard","meta":{"ngg_post_thumbnail":0,"footnotes":""},"categories":[11],"tags":[],"class_list":["post-4321","post","type-post","status-publish","format-standard","hentry","category-ozvena"],"_links":{"self":[{"href":"https:\/\/www.ladislavjakl.cz\/index.php?rest_route=\/wp\/v2\/posts\/4321","targetHints":{"allow":["GET"]}}],"collection":[{"href":"https:\/\/www.ladislavjakl.cz\/index.php?rest_route=\/wp\/v2\/posts"}],"about":[{"href":"https:\/\/www.ladislavjakl.cz\/index.php?rest_route=\/wp\/v2\/types\/post"}],"author":[{"embeddable":true,"href":"https:\/\/www.ladislavjakl.cz\/index.php?rest_route=\/wp\/v2\/users\/1"}],"replies":[{"embeddable":true,"href":"https:\/\/www.ladislavjakl.cz\/index.php?rest_route=%2Fwp%2Fv2%2Fcomments&post=4321"}],"version-history":[{"count":1,"href":"https:\/\/www.ladislavjakl.cz\/index.php?rest_route=\/wp\/v2\/posts\/4321\/revisions"}],"predecessor-version":[{"id":4323,"href":"https:\/\/www.ladislavjakl.cz\/index.php?rest_route=\/wp\/v2\/posts\/4321\/revisions\/4323"}],"wp:attachment":[{"href":"https:\/\/www.ladislavjakl.cz\/index.php?rest_route=%2Fwp%2Fv2%2Fmedia&parent=4321"}],"wp:term":[{"taxonomy":"category","embeddable":true,"href":"https:\/\/www.ladislavjakl.cz\/index.php?rest_route=%2Fwp%2Fv2%2Fcategories&post=4321"},{"taxonomy":"post_tag","embeddable":true,"href":"https:\/\/www.ladislavjakl.cz\/index.php?rest_route=%2Fwp%2Fv2%2Ftags&post=4321"}],"curies":[{"name":"wp","href":"https:\/\/api.w.org\/{rel}","templated":true}]}}