{"id":4326,"date":"2013-10-22T13:20:45","date_gmt":"2013-10-22T11:20:45","guid":{"rendered":"http:\/\/www.ladislavjakl.cz\/?p=4326"},"modified":"2013-10-22T13:20:45","modified_gmt":"2013-10-22T11:20:45","slug":"svuj-vliv-na-zmenu-klausova-nazoru-neprecenuji-rika-jakl","status":"publish","type":"post","link":"https:\/\/www.ladislavjakl.cz\/?p=4326","title":{"rendered":"Sv\u016fj vliv na zm\u011bnu Klausova n\u00e1zoru nep\u0159ece\u0148uji, \u0159\u00edk\u00e1 Jakl"},"content":{"rendered":"<p>&#8222;Chyst\u00e1m referendum za vystoupen\u00ed \u010cR z EU. A mysl\u00edm to v\u00e1\u017en\u011b,&#8220; \u0159ekl letos v b\u0159eznu v rozhovoru pro Prvnizpravy.cz spolupracovn\u00edk V\u00e1clava Klause Ladislav Jakl na dotaz, co bude po odchodu z Hradu krom\u011b anga\u017em\u00e1 v Institutu V\u00e1clava Klause d\u011blat.<\/p>\n<p><!--more-->Jakl byl zn\u00e1m sv\u00fdm jasn\u00fdm n\u00e1zorem na \u010desk\u00fd vztah k EU (tedy: vystoupit z n\u00ed) u\u017e d\u0159\u00edve. Podobn\u011b Petr H\u00e1jek. Jen jejich &#8222;nad\u0159\u00edzen\u00fd&#8220;, V\u00e1clav Klaus, s tak jednozna\u010dn\u00fdm \u0159e\u0161en\u00edm ot\u00e1lel. P\u0159i v\u0161ech mo\u017en\u00fdch p\u0159\u00edle\u017eitostech, kdy byl na ot\u00e1zku vystoupen\u00ed z EU t\u00e1z\u00e1n, opakoval st\u00e1le dokola, \u017ee na\u0161e \u010dlenstv\u00ed v EU nem\u00e1 alternativu.<\/p>\n<p>Klaus: \u010cR mus\u00ed vystoupit z Evropsk\u00e9 unie<\/p>\n<p>Co se stalo, \u017ee nyn\u00ed svoji novou knihu, kterou sepsal se spolupracovn\u00edky sv\u00e9ho institutu (\u010cesk\u00e1 republika na rozcest\u00ed: \u010cas rozhodnut\u00ed), zakon\u010dil pr\u00e1v\u011b t\u00edmto radik\u00e1ln\u00edm po\u017eadavkem &#8211; vystoupen\u00edm z \u010cR z Unie, proto\u017ee jinak se sou\u010dasn\u00e1 krize na\u0161\u00ed zem\u011b vy\u0159e\u0161it ned\u00e1?<\/p>\n<p>Skoro to tak vypad\u00e1, \u017ee Ladislav Jakl si m\u016f\u017ee v kampani za vystoupen\u00ed \u010cR z EU p\u0159ipsat prvn\u00ed pomysln\u00e9 v\u00edt\u011bzstv\u00ed &#8211; musel toti\u017e o opr\u00e1vn\u011bnosti pl\u00e1nu na vystoupen\u00ed z EU nejd\u0159\u00edve p\u0159esv\u011bd\u010dit p\u0159edev\u0161\u00edm V\u00e1clava Klause. A to se evidentn\u011b poda\u0159ilo.<\/p>\n<p>Redakce Prvnizpravy.cz se proto zeptala, zda to Ladislav Jakl vn\u00edm\u00e1 podobn\u011b a zda si mysl\u00ed, \u017ee prezident\u016fv obrat nastal i d\u00edky jeho p\u016fsoben\u00ed.<\/p>\n<p>&#8222;Svou roli ve v\u00fdvoji n\u00e1zoru V\u00e1clava Klause v t\u00e9to v\u011bci nep\u0159ece\u0148uji, i kdy\u017e vliv m\u016f\u017ee m\u00edt mnoho okolnost\u00ed. Sp\u00ed\u0161e m\u011bla v\u00fdznam skute\u010dn\u011b zevrubn\u00e1 anal\u00fdza na\u0161\u00ed krize,&#8220; odpov\u011bd\u011bl pro Prvnizpravy.cz Ladislav Jakl.<\/p>\n<p>Podle n\u011bho se uk\u00e1zalo se, \u017ee hloubka t\u00e9to krize ja takov\u00e1, \u017ee jej\u00ed \u0159e\u0161en\u00ed se neobejde bez z\u00e1sadn\u00edch syst\u00e9mov\u00fdch zm\u011bn. &#8222;A ty v \u010dlensk\u00e9 zemi dne\u0161n\u00ed EU provediteln\u00e9 nejsou,&#8220; dod\u00e1v\u00e1 Jakl.<\/p>\n<p>P\u0159ipustil ale, \u017ee prezident ur\u010dit\u00fd v\u00fdvoj n\u00e1zoru prod\u011blal.<\/p>\n<p>Nen\u00ed to tedy tak, \u017ee by V\u00e1clav Klaus takov\u00fd n\u00e1zor d\u0159\u00edve ne\u0159\u00edkal jen s ohledem na svoji funkci a dnes ho prezentoval proto, \u017ee jako soukrom\u00e1 osoba si m\u016f\u017ee dovolit v\u00edce. Opravdu do\u0161lo k posunu.<\/p>\n<p>Podle Jakla je d\u00e1n jednak t\u00edm, \u017ee na\u0161e krize se za posledn\u00ed roky prohloubila, a za druh\u00e9 t\u00edm, \u017ee na stole je kone\u010dn\u011b po\u0159\u00e1dn\u00e1 anal\u00fdza. Ta dokazuje, \u017ee mal\u00e9 zm\u011bny u\u017e nesta\u010d\u00ed. &#8222;A proto\u017ee velk\u00e9 n\u00e1m Brusel nedovol\u00ed, je tedy jasn\u00e9, co z  toho plyne,&#8220; dodal Jakl.<\/p>\n<p><a href=\"http:\/\/www.prvnizpravy.cz\/zpravy\/politika\/svuj-vliv-na-zmenu-klausova-nazoru-neprecenuji-rika-jakl\/\" target=\"_blank\">Zdroj<\/a><\/p>\n","protected":false},"excerpt":{"rendered":"<p>&#8222;Chyst\u00e1m referendum za vystoupen\u00ed \u010cR z EU. A mysl\u00edm to v\u00e1\u017en\u011b,&#8220; \u0159ekl letos v b\u0159eznu v rozhovoru pro Prvnizpravy.cz spolupracovn\u00edk V\u00e1clava Klause Ladislav Jakl na dotaz, co bude po odchodu z Hradu krom\u011b anga\u017em\u00e1 v Institutu V\u00e1clava Klause d\u011blat.<\/p>\n","protected":false},"author":1,"featured_media":0,"comment_status":"open","ping_status":"open","sticky":false,"template":"","format":"standard","meta":{"ngg_post_thumbnail":0,"footnotes":""},"categories":[11],"tags":[],"class_list":["post-4326","post","type-post","status-publish","format-standard","hentry","category-ozvena"],"_links":{"self":[{"href":"https:\/\/www.ladislavjakl.cz\/index.php?rest_route=\/wp\/v2\/posts\/4326","targetHints":{"allow":["GET"]}}],"collection":[{"href":"https:\/\/www.ladislavjakl.cz\/index.php?rest_route=\/wp\/v2\/posts"}],"about":[{"href":"https:\/\/www.ladislavjakl.cz\/index.php?rest_route=\/wp\/v2\/types\/post"}],"author":[{"embeddable":true,"href":"https:\/\/www.ladislavjakl.cz\/index.php?rest_route=\/wp\/v2\/users\/1"}],"replies":[{"embeddable":true,"href":"https:\/\/www.ladislavjakl.cz\/index.php?rest_route=%2Fwp%2Fv2%2Fcomments&post=4326"}],"version-history":[{"count":2,"href":"https:\/\/www.ladislavjakl.cz\/index.php?rest_route=\/wp\/v2\/posts\/4326\/revisions"}],"predecessor-version":[{"id":4328,"href":"https:\/\/www.ladislavjakl.cz\/index.php?rest_route=\/wp\/v2\/posts\/4326\/revisions\/4328"}],"wp:attachment":[{"href":"https:\/\/www.ladislavjakl.cz\/index.php?rest_route=%2Fwp%2Fv2%2Fmedia&parent=4326"}],"wp:term":[{"taxonomy":"category","embeddable":true,"href":"https:\/\/www.ladislavjakl.cz\/index.php?rest_route=%2Fwp%2Fv2%2Fcategories&post=4326"},{"taxonomy":"post_tag","embeddable":true,"href":"https:\/\/www.ladislavjakl.cz\/index.php?rest_route=%2Fwp%2Fv2%2Ftags&post=4326"}],"curies":[{"name":"wp","href":"https:\/\/api.w.org\/{rel}","templated":true}]}}