{"id":4331,"date":"2013-10-22T13:31:17","date_gmt":"2013-10-22T11:31:17","guid":{"rendered":"http:\/\/www.ladislavjakl.cz\/?p=4331"},"modified":"2013-10-22T13:32:19","modified_gmt":"2013-10-22T11:32:19","slug":"jakl-svobodne-podporuji-zcela-svobodne","status":"publish","type":"post","link":"https:\/\/www.ladislavjakl.cz\/?p=4331","title":{"rendered":"Jakl: Svobodn\u00e9 podporuji zcela svobodn\u011b"},"content":{"rendered":"<p><span style=\"color: #007a7a;\"><strong>Na \u010detn\u00e9 dotazy i &#8222;dotazy&#8220; prohla\u0161uji n\u00e1sleduj\u00edc\u00ed: Z\u00e1sadn\u011b pop\u00edr\u00e1m,  \u017ee pr\u00fd jsem m\u011bl kv\u016fli sv\u00e9 podpo\u0159e Svobodn\u00fdch n\u011bjak\u00fd spor s V\u00e1clavem  Klausem, kter\u00fd podporuje Hlavu vzh\u016fru. Asi si n\u011bkdo nedovede p\u0159edstavit,  \u017ee m\u016f\u017ee n\u011bkde panovat naprost\u00e1 svoboda politick\u00fdch postoj\u016f. V IVK jsme  nikdy nemluvili o tom, kdo koho m\u00e1 nebo sm\u00ed podporovat, a nikdo nikomu  \u017e\u00e1dn\u00fd takov\u00fd postoj nevy\u010d\u00edtal.<\/strong><\/span><\/p>\n<p><span style=\"color: #007a7a;\"> <\/span><\/p>\n<p><span style=\"color: #007a7a;\"><strong>L. J.<\/strong><\/span><\/p>\n","protected":false},"excerpt":{"rendered":"<p>Na \u010detn\u00e9 dotazy i &#8222;dotazy&#8220; prohla\u0161uji n\u00e1sleduj\u00edc\u00ed: Z\u00e1sadn\u011b pop\u00edr\u00e1m, \u017ee pr\u00fd jsem m\u011bl kv\u016fli sv\u00e9 podpo\u0159e Svobodn\u00fdch n\u011bjak\u00fd spor s V\u00e1clavem Klausem, kter\u00fd podporuje Hlavu vzh\u016fru. Asi si n\u011bkdo nedovede p\u0159edstavit, \u017ee m\u016f\u017ee n\u011bkde panovat naprost\u00e1 svoboda politick\u00fdch postoj\u016f. V IVK jsme nikdy nemluvili o tom, kdo koho m\u00e1 nebo sm\u00ed podporovat, a nikdo nikomu [&hellip;]<\/p>\n","protected":false},"author":1,"featured_media":0,"comment_status":"open","ping_status":"open","sticky":false,"template":"","format":"standard","meta":{"ngg_post_thumbnail":0,"footnotes":""},"categories":[6],"tags":[],"class_list":["post-4331","post","type-post","status-publish","format-standard","hentry","category-co-jsem-nerekl"],"_links":{"self":[{"href":"https:\/\/www.ladislavjakl.cz\/index.php?rest_route=\/wp\/v2\/posts\/4331","targetHints":{"allow":["GET"]}}],"collection":[{"href":"https:\/\/www.ladislavjakl.cz\/index.php?rest_route=\/wp\/v2\/posts"}],"about":[{"href":"https:\/\/www.ladislavjakl.cz\/index.php?rest_route=\/wp\/v2\/types\/post"}],"author":[{"embeddable":true,"href":"https:\/\/www.ladislavjakl.cz\/index.php?rest_route=\/wp\/v2\/users\/1"}],"replies":[{"embeddable":true,"href":"https:\/\/www.ladislavjakl.cz\/index.php?rest_route=%2Fwp%2Fv2%2Fcomments&post=4331"}],"version-history":[{"count":5,"href":"https:\/\/www.ladislavjakl.cz\/index.php?rest_route=\/wp\/v2\/posts\/4331\/revisions"}],"predecessor-version":[{"id":4346,"href":"https:\/\/www.ladislavjakl.cz\/index.php?rest_route=\/wp\/v2\/posts\/4331\/revisions\/4346"}],"wp:attachment":[{"href":"https:\/\/www.ladislavjakl.cz\/index.php?rest_route=%2Fwp%2Fv2%2Fmedia&parent=4331"}],"wp:term":[{"taxonomy":"category","embeddable":true,"href":"https:\/\/www.ladislavjakl.cz\/index.php?rest_route=%2Fwp%2Fv2%2Fcategories&post=4331"},{"taxonomy":"post_tag","embeddable":true,"href":"https:\/\/www.ladislavjakl.cz\/index.php?rest_route=%2Fwp%2Fv2%2Ftags&post=4331"}],"curies":[{"name":"wp","href":"https:\/\/api.w.org\/{rel}","templated":true}]}}